{"id":610386,"date":"2025-12-19T21:59:15","date_gmt":"2025-12-19T21:59:15","guid":{"rendered":"https:\/\/www.europesays.com\/fr\/610386\/"},"modified":"2025-12-19T21:59:15","modified_gmt":"2025-12-19T21:59:15","slug":"serge-lama-a-vecu-une-histoire-pas-comme-les-autres-avec-une-ex-de-jacques-brel-une-femme-unique-pour-le-chanteur","status":"publish","type":"post","link":"https:\/\/www.europesays.com\/fr\/610386\/","title":{"rendered":"Serge Lama a v\u00e9cu une histoire pas comme les autres avec une ex de Jacques Brel, une femme unique pour le chanteur"},"content":{"rendered":"<p>                <img loading=\"lazy\" decoding=\"async\" src=\"https:\/\/www.europesays.com\/fr\/wp-content\/uploads\/2025\/04\/121-62909a850c1a7-35x35-1.jpg\" class=\"author-article-picture\" width=\"35\" height=\"35\"\/><\/p>\n<p>                    Par<\/p>\n<p>                                            <a class=\"author-article-bio-link\" href=\"https:\/\/www.purepeople.com\/auteur\/bertrand-bielle_a121\" target=\"_blank\" rel=\"noopener\">Bertrand Bielle<\/a><\/p>\n<p>                    |<\/p>\n<p>                                            Journaliste<\/p>\n<p>\n                Curieux de nature, Bertrand est toujours \u00e0 l\u2019affut du moindre petit scoop. Passionn\u00e9 par le football, il n\u2019est jamais bien loin du ballon rond et de toutes les actualit\u00e9s qui en d\u00e9coulent. Toutefois, l\u2019\u00e9v\u00e8nementiel du showbiz ou de la politique fait \u00e9galement partie de ses recherches journalistiques privil\u00e9gi\u00e9es.\n            <\/p>\n<p>\n    Physiquement \u00e9prouv\u00e9, Serge Lama a tir\u00e9 sa r\u00e9v\u00e9rence sc\u00e9nique par respect pour son public. Dans une interview accord\u00e9e \u00e0 Mesdames, il se livre sur sa vie intime, \u00e9voquant notamment son histoire singuli\u00e8re avec une femme pour qui Jacques Brel aurait \u00e9crit sa c\u00e9l\u00e8bre chanson &lsquo;Ne me quitte pas&rsquo;.\n<\/p>\n<p>                            <img loading=\"lazy\" decoding=\"async\" class=\"player-thumbnail\" src=\"https:\/\/www.europesays.com\/fr\/wp-content\/uploads\/2025\/12\/08c18ebfc57e30ba-580x326-2.png\" width=\"580\" height=\"326\"\/><\/p>\n<p>                            Serge Lama a v\u00e9cu une histoire pas comme les autres avec une ex de Jacques Brel, une femme unique pour le chanteur<\/p>\n<p>La suite apr\u00e8s la publicit\u00e9<\/p>\n<p><a href=\"https:\/\/www.purepeople.com\/article\/serge-lama-retire-de-la-vie-publique-il-evoque-la-raison-pour-laquelle-il-ne-fait-plus-de-scene-depuis-plusieurs-annees-je-ne-peux-plus_a544536\/1\" target=\"_blank\" rel=\"noopener\">Physiquement meurtri <\/a>depuis de longues ann\u00e9es, <a href=\"https:\/\/www.purepeople.com\/people\/serge-lama_p1133\" target=\"_blank\" rel=\"noopener\">Serge Lama<\/a> a dit adieu \u00e0 la sc\u00e8ne par respect pour son public. Dans une interview pour le m\u00e9dia Mesdames, disponible sur YouTube, il se confie longuement. Et revient notamment sur son histoire avec l&rsquo;actrice et chanteuse Suzanne Gabriello, d\u00e9c\u00e9d\u00e9e en 1992 \u00e0 60 ans.<\/p>\n<p>C&rsquo;est avec elle qu&rsquo;il a d\u00e9couvert l&rsquo;amour. Cette artiste, c&rsquo;est notamment celle pour qui Jacques Brel a \u00e9crit sa c\u00e9l\u00e8bre chanson Ne me quitte pas. C&rsquo;est en tout cas ce qu&rsquo;a affirm\u00e9 Ma\u00eftena Biraben, avant que l&rsquo;interpr\u00e8te de Je suis malade confirme. \u00ab\u00a0Il n&rsquo;\u00e9tait plus avec elle depuis longtemps\u00a0\u00bb, pr\u00e9cise Serge Lama. Et d&rsquo;ajouter : <strong>\u00ab\u00a0<\/strong><strong>Elle m&rsquo;a tout racont\u00e9, et elle m&rsquo;a appris \u00e0 aimer <\/strong><a href=\"https:\/\/www.purepeople.com\/article\/-elle-m-a-appris-les-choses-du-sexe-serge-lama-cash-sur-sa-vie-amoureuse-et-ses-nombreuses-experiences_a501045\/1\" target=\"_blank\" rel=\"noopener\"><strong>dans le sens physique du terme<\/strong><\/a><strong>. Dans le sens charnel. Cela m&rsquo;a \u00e9norm\u00e9ment rassur\u00e9, et servi pour la suite de ma vie amoureuse. Parce que c&rsquo;est qu&rsquo;il y a des choses que les hommes ne savent pas.\u00a0\u00bb<\/strong><\/p>\n<p>Pour rappel, Serge Lama a par la suite connu trois grands amour : Liliane Benelli, Mich\u00e8le Potier et <a href=\"https:\/\/www.purepeople.com\/article\/loin-de-la-scene-serge-lama-trouve-la-paix-aupres-de-luana-de-35-ans-sa-cadette-dans-leur-appartement-parisien-face-aux-invalides_a545582\/1\" target=\"_blank\" rel=\"noopener\">Luana Santonino<\/a>. Cette derni\u00e8re, qui est de 35 ans sa cadette, il l&rsquo;a \u00e9pous\u00e9e en 2021. C\u2019\u00e9tait lors d\u2019une c\u00e9r\u00e9monie intime c\u00e9l\u00e9br\u00e9e par Rachida Dati et \u00e0 laquelle seul leur cercle proche \u00e9tait convi\u00e9. \u201c\u00c7a fait pr\u00e8s de vingt ans que je suis avec Luana et je me suis dit : \u2018Je ne sais pas quand je vais partir&#8230; Est-ce que je peux laisser cette femme comme \u00e7a ? Sans lui donner mon nom ?\u2019\u201d, disait-il \u00e0 Paris Match. Avec Mich\u00e8le Potier, d\u00e9c\u00e9d\u00e9e en 2016, il a eu un fils en 1981, pr\u00e9nomm\u00e9 Fr\u00e9d\u00e9ric.\u00a0<\/p>\n<p>Jacques Brel et l&rsquo;histoire autour de sa chanson Ne me quitte pas, plusieurs versions existent\u00a0<\/p>\n<p>Mais pour en revenir \u00e0 Suzanne Gabriello, elle avait elle-m\u00eame affirm\u00e9 que la chanson Ne me quitte pas lui avait \u00e9t\u00e9 \u00e9crite lors de leur rupture. Mais Jacques Brel, qui nous a quant \u00e0 lui quitt\u00e9s en octobre 1978, avait assur\u00e9 que les paroles n&rsquo;\u00e9taient en rien autobiographiques.\u00a0<\/p>\n<p>De son c\u00f4t\u00e9, le biographe du chanteur St\u00e9phane Loisy, qui a publi\u00e9 Jacques Brel en 40 chansons, co-\u00e9crit par Bruno Brel, neveu de la star, et Baptiste Vignol (\u00e9ditions Hugo Image), explique que Ne me quitte pas a en r\u00e9alit\u00e9 \u00e9t\u00e9 d\u00e9di\u00e9e \u00a0la femme de Jacques Brel, Th\u00e9r\u00e8se Michielsen \u00a0\u00ab\u00a0La chanson \u00e9tait bien destin\u00e9e \u00e0 son \u00e9pouse, &lsquo;Miche &lsquo;, expliquait l&rsquo;auteur dans une interview accord\u00e9e \u00a0\u00e0 Nice-Matin en 2018. Des propos rapport\u00e9s par Gala.<\/p>\n<p>Difficile alors de d\u00e9m\u00ealer le vrai du faux, mais cette histoire continue, des d\u00e9cennies plus tard, de nourrir les fantasmes et les d\u00e9bats autour de l\u2019un des morceaux les plus embl\u00e9matiques de la chanson fran\u00e7aise.<\/p>\n<p>\u00a0<\/p>\n","protected":false},"excerpt":{"rendered":"Par Bertrand Bielle | Journaliste Curieux de nature, Bertrand est toujours \u00e0 l\u2019affut du moindre petit scoop. Passionn\u00e9&hellip;\n","protected":false},"author":2,"featured_media":610387,"comment_status":"","ping_status":"","sticky":false,"template":"","format":"standard","meta":{"footnotes":""},"categories":[1355],"tags":[58,59,1011,27,1361,873],"class_list":{"0":"post-610386","1":"post","2":"type-post","3":"status-publish","4":"format-standard","5":"has-post-thumbnail","7":"category-musique","8":"tag-divertissement","9":"tag-entertainment","10":"tag-fr","11":"tag-france","12":"tag-music","13":"tag-musique"},"share_on_mastodon":{"url":"https:\/\/pubeurope.com\/@fr\/115748483412125049","error":""},"_links":{"self":[{"href":"https:\/\/www.europesays.com\/fr\/wp-json\/wp\/v2\/posts\/610386","targetHints":{"allow":["GET"]}}],"collection":[{"href":"https:\/\/www.europesays.com\/fr\/wp-json\/wp\/v2\/posts"}],"about":[{"href":"https:\/\/www.europesays.com\/fr\/wp-json\/wp\/v2\/types\/post"}],"author":[{"embeddable":true,"href":"https:\/\/www.europesays.com\/fr\/wp-json\/wp\/v2\/users\/2"}],"replies":[{"embeddable":true,"href":"https:\/\/www.europesays.com\/fr\/wp-json\/wp\/v2\/comments?post=610386"}],"version-history":[{"count":0,"href":"https:\/\/www.europesays.com\/fr\/wp-json\/wp\/v2\/posts\/610386\/revisions"}],"wp:featuredmedia":[{"embeddable":true,"href":"https:\/\/www.europesays.com\/fr\/wp-json\/wp\/v2\/media\/610387"}],"wp:attachment":[{"href":"https:\/\/www.europesays.com\/fr\/wp-json\/wp\/v2\/media?parent=610386"}],"wp:term":[{"taxonomy":"category","embeddable":true,"href":"https:\/\/www.europesays.com\/fr\/wp-json\/wp\/v2\/categories?post=610386"},{"taxonomy":"post_tag","embeddable":true,"href":"https:\/\/www.europesays.com\/fr\/wp-json\/wp\/v2\/tags?post=610386"}],"curies":[{"name":"wp","href":"https:\/\/api.w.org\/{rel}","templated":true}]}}