{"id":610390,"date":"2025-12-19T22:02:13","date_gmt":"2025-12-19T22:02:13","guid":{"rendered":"https:\/\/www.europesays.com\/fr\/610390\/"},"modified":"2025-12-19T22:02:13","modified_gmt":"2025-12-19T22:02:13","slug":"double-pression-epidemique-en-guadeloupe","status":"publish","type":"post","link":"https:\/\/www.europesays.com\/fr\/610390\/","title":{"rendered":"double pression \u00e9pid\u00e9mique en Guadeloupe"},"content":{"rendered":"<p class=\"svelte-qfpp5o first-paragraph\">Selon le dernier bulletin de Sant\u00e9 publique France publi\u00e9 le 18 d\u00e9cembre 2025, la Guadeloupe est <b>officiellement pass\u00e9e en phase \u00e9pid\u00e9mique de grippe. <\/b>Durant la semaine du 8 au 14 d\u00e9cembre (semaine 50), <b>1 065 cas cliniques ont \u00e9t\u00e9 recens\u00e9s<\/b>, soit presque le double de la moyenne des semaines pr\u00e9c\u00e9dentes. Les passages aux urgences li\u00e9s \u00e0 la grippe sont \u00e9galement en forte hausse (<b>42 vs 18<\/b>), tout comme les hospitalisations (<b>5 vs 2<\/b>). Le virus circulant est de type <b>Influenza A<\/b>, connu pour son potentiel \u00e9pid\u00e9mique.<\/p>\n<p>Bronchiolite : la situation se tend pour les plus jeunes<\/p>\n<p class=\"svelte-qfpp5o\">Parall\u00e8lement, l\u2019\u00e9pid\u00e9mie de bronchiolite poursuit sa progression. Les donn\u00e9es montrent <b>30 cas cliniques en Guadeloupe<\/b>, avec <b>25 passages aux urgences<\/b>, contre 13 en moyenne ces derni\u00e8res semaines. Si le taux de positivit\u00e9 des tests hospitaliers est en l\u00e9g\u00e8re baisse (10 % contre 12 %), l\u2019affluence aux urgences p\u00e9diatriques reste pr\u00e9occupante, en particulier chez les <b>enfants de moins de 1 an<\/b>, nouveau crit\u00e8re de surveillance en vigueur.<\/p>\n<p>\u00celes du Nord : des signaux moins pr\u00e9occupants<\/p>\n<p class=\"svelte-qfpp5o\">\u00c0 Saint-Martin, la grippe reste \u00e9pid\u00e9mique mais les chiffres sont en baisse : <b>15 cas cliniques<\/b> (vs 525 en moyenne), <b>2 passages aux urgences<\/b>, et <b>aucune hospitalisation<\/b>. La bronchiolite y est peu pr\u00e9sente, et le Covid-19, toujours faible. \u00c0 Saint-Barth\u00e9lemy, <b>la grippe progresse l\u00e9g\u00e8rement<\/b>, avec <b>7 cas cliniques<\/b> mais <b>aucun passage aux urgences<\/b>. La bronchiolite et le Covid-19 y restent <b>absents<\/b>.<\/p>\n<p>Les gestes barri\u00e8res toujours d&rsquo;actualit\u00e9<\/p>\n<p class=\"svelte-qfpp5o\">La Guadeloupe est donc confront\u00e9e \u00e0 une <b>double circulation \u00e9pid\u00e9mique<\/b> de la grippe et de la bronchiolite, impactant notamment les urgences hospitali\u00e8res. Dans les \u00eeles du Nord, la situation est plus favorable, mais la prudence reste de mise. Les autorit\u00e9s sanitaires rappellent l\u2019importance des gestes barri\u00e8res, surtout en p\u00e9riode de f\u00eates.<\/p>\n","protected":false},"excerpt":{"rendered":"Selon le dernier bulletin de Sant\u00e9 publique France publi\u00e9 le 18 d\u00e9cembre 2025, la Guadeloupe est officiellement pass\u00e9e&hellip;\n","protected":false},"author":2,"featured_media":610391,"comment_status":"","ping_status":"","sticky":false,"template":"","format":"standard","meta":{"footnotes":""},"categories":[10],"tags":[1011,27,72,71],"class_list":{"0":"post-610390","1":"post","2":"type-post","3":"status-publish","4":"format-standard","5":"has-post-thumbnail","7":"category-sante","8":"tag-fr","9":"tag-france","10":"tag-health","11":"tag-sante"},"share_on_mastodon":{"url":"https:\/\/pubeurope.com\/@fr\/115748493348785729","error":""},"_links":{"self":[{"href":"https:\/\/www.europesays.com\/fr\/wp-json\/wp\/v2\/posts\/610390","targetHints":{"allow":["GET"]}}],"collection":[{"href":"https:\/\/www.europesays.com\/fr\/wp-json\/wp\/v2\/posts"}],"about":[{"href":"https:\/\/www.europesays.com\/fr\/wp-json\/wp\/v2\/types\/post"}],"author":[{"embeddable":true,"href":"https:\/\/www.europesays.com\/fr\/wp-json\/wp\/v2\/users\/2"}],"replies":[{"embeddable":true,"href":"https:\/\/www.europesays.com\/fr\/wp-json\/wp\/v2\/comments?post=610390"}],"version-history":[{"count":0,"href":"https:\/\/www.europesays.com\/fr\/wp-json\/wp\/v2\/posts\/610390\/revisions"}],"wp:featuredmedia":[{"embeddable":true,"href":"https:\/\/www.europesays.com\/fr\/wp-json\/wp\/v2\/media\/610391"}],"wp:attachment":[{"href":"https:\/\/www.europesays.com\/fr\/wp-json\/wp\/v2\/media?parent=610390"}],"wp:term":[{"taxonomy":"category","embeddable":true,"href":"https:\/\/www.europesays.com\/fr\/wp-json\/wp\/v2\/categories?post=610390"},{"taxonomy":"post_tag","embeddable":true,"href":"https:\/\/www.europesays.com\/fr\/wp-json\/wp\/v2\/tags?post=610390"}],"curies":[{"name":"wp","href":"https:\/\/api.w.org\/{rel}","templated":true}]}}