{"id":610401,"date":"2025-12-19T22:08:16","date_gmt":"2025-12-19T22:08:16","guid":{"rendered":"https:\/\/www.europesays.com\/fr\/610401\/"},"modified":"2025-12-19T22:08:16","modified_gmt":"2025-12-19T22:08:16","slug":"voyez-comme-cest-degueulasse-le-coup-de-gueule-du-maire-contre-le-proprio-tres-connu-dun-centre-commercial","status":"publish","type":"post","link":"https:\/\/www.europesays.com\/fr\/610401\/","title":{"rendered":"\u00ab\u00a0Voyez comme c\u2019est d\u00e9gueulasse\u00a0!\u00a0\u00bb\u2026 Le coup de gueule du maire contre le proprio (tr\u00e8s connu) d\u2019un centre commercial"},"content":{"rendered":"<p>Des Poubelles d\u00e9bordantes \u00ab\u00a0qui attirent les rats\u00a0\u00bb, \u00ab\u00a0de l\u2019urine s\u00e9ch\u00e9e qui colle aux pieds\u00a0\u00bb, des \u00ab\u00a0escalators en panne, des portes d\u00e9fonc\u00e9es\u00a0\u00bb, des immondices qui tra\u00eenent au sol\u2026 C\u2019est le tableau que commente <a href=\"https:\/\/www.facebook.com\/reel\/896032782909426\" rel=\"nofollow noopener\" target=\"_blank\" class=\"c-link c-link--is-underlined\">dans une vid\u00e9<\/a>o post\u00e9e sur Facebook le maire de la ville de <a href=\"https:\/\/www.20minutes.fr\/dossier\/metz\" class=\"c-link c-link--is-underlined\" target=\"_blank\" rel=\"noopener\">Metz<\/a>, Fran\u00e7ois Grosdidier (DVD). L\u2019\u00e9dile a voulu \u00ab\u00a0pousser un coup de gueule\u00a0\u00bb sur l\u2019\u00e9tat le centre commercial Saint-Jacques, situ\u00e9 dans le c\u0153ur historique de la ville, et devenu \u00ab\u00a0d\u00e9gueulasse\u00a0\u00bb faute d\u2019entretien.<\/p>\n<p>Lass\u00e9 de voir la galerie marchande d\u00e9p\u00e9rir et les commerces dispara\u00eetre de ce lieu rachet\u00e9 en\u00a02023 par le groupe familial SGM, (Soci\u00e9t\u00e9 des grands magasins) \u2013 aussi propri\u00e9taire, entre autres, de huit BHV dont le c\u00e9l\u00e8bre <a href=\"https:\/\/www.20minutes.fr\/paris\/4184070-20251107-bhv-arrivee-shein-nombreux-impayes-marques-deja-quitte-grand-magasin-parisien\" target=\"_blank\" class=\"c-link c-link--is-underlined\" rel=\"noopener\">BHV Rivoli<\/a> \u00e0 Paris \u2013 l\u2019\u00e9dile a choisi de tenter sa chance en passant par les r\u00e9seaux sociaux. Au-del\u00e0 de d\u00e9noncer une situation \u00ab\u00a0inacceptable\u00a0\u00bb, Fran\u00e7ois Grosdidier esp\u00e8re ainsi d\u00e9crocher enfin un entretien avec Fr\u00e9d\u00e9ric Merlin, le pr\u00e9sident de la SGM, qui ne r\u00e9pond pas \u00e0 ses injonctions et ne vient pas \u00e0 ses rendez-vous.<\/p>\n<\/p>\n<p>\u00ab\u00a0Je ne sais pas quelle strat\u00e9gie il suit, si c\u2019est de la n\u00e9gligence ou la volont\u00e9 d\u2019acqu\u00e9rir \u00e0 vil prix des cellules ou des propri\u00e9t\u00e9s de <a href=\"https:\/\/www.20minutes.fr\/dossier\/commercants\" class=\"c-link c-link--is-underlined\" target=\"_blank\" rel=\"noopener\">commer\u00e7ants<\/a> qui n\u2019en peuvent plus, peu m\u2019importe. Je suis responsable de la propret\u00e9 de la ville, m\u00eame si ici nous sommes sur une propri\u00e9t\u00e9 priv\u00e9e, mais qui est cependant ouverte au public\u00a0\u00bb, avance le maire.<\/p>\n<p>Il s\u2019est appuy\u00e9 sur ses pr\u00e9rogatives de police de l\u2019hygi\u00e8ne au titre du Code de l\u2019environnement \u00ab\u00a0pour le mettre en demeure de nettoyer rapidement, sans quoi \u00e0 la fin de la semaine, c\u2019est la ville qui nettoiera et qui lui pr\u00e9sentera la facture selon cette <a href=\"https:\/\/www.20minutes.fr\/justice\/\" class=\"c-link c-link--is-underlined\" target=\"_blank\" rel=\"noopener\">proc\u00e9dure exceptionnelle<\/a>\u00a0\u00bb. Avant de conclure\u00a0: \u00ab\u00a0Je voulais pousser un coup de gueule, Il est temps que \u00e7a cesse\u00a0\u00bb.<\/p>\n<p>La SGM n\u2019a pour l\u2019heure pas r\u00e9pondu \u00e0 nos sollicitations.<\/p>\n","protected":false},"excerpt":{"rendered":"Des Poubelles d\u00e9bordantes \u00ab\u00a0qui attirent les rats\u00a0\u00bb, \u00ab\u00a0de l\u2019urine s\u00e9ch\u00e9e qui colle aux pieds\u00a0\u00bb, des \u00ab\u00a0escalators en panne,&hellip;\n","protected":false},"author":2,"featured_media":610402,"comment_status":"","ping_status":"","sticky":false,"template":"","format":"standard","meta":{"footnotes":""},"categories":[4],"tags":[47,11,25337,215,33,4688,1011,27,775,40730,776,5107,6212,5599,12,17312,25,104],"class_list":{"0":"post-610401","1":"post","2":"type-post","3":"status-publish","4":"format-standard","5":"has-post-thumbnail","7":"category-france","8":"tag-actualite","9":"tag-actualites","10":"tag-centre-commercial","11":"tag-commerce","12":"tag-economie","13":"tag-facebook","14":"tag-fr","15":"tag-france","16":"tag-grand-est","17":"tag-hygiene","18":"tag-lorraine","19":"tag-maire","20":"tag-metz","21":"tag-moselle","22":"tag-news","23":"tag-proprete","24":"tag-republique-francaise","25":"tag-societe"},"share_on_mastodon":{"url":"https:\/\/pubeurope.com\/@fr\/115748516913905179","error":""},"_links":{"self":[{"href":"https:\/\/www.europesays.com\/fr\/wp-json\/wp\/v2\/posts\/610401","targetHints":{"allow":["GET"]}}],"collection":[{"href":"https:\/\/www.europesays.com\/fr\/wp-json\/wp\/v2\/posts"}],"about":[{"href":"https:\/\/www.europesays.com\/fr\/wp-json\/wp\/v2\/types\/post"}],"author":[{"embeddable":true,"href":"https:\/\/www.europesays.com\/fr\/wp-json\/wp\/v2\/users\/2"}],"replies":[{"embeddable":true,"href":"https:\/\/www.europesays.com\/fr\/wp-json\/wp\/v2\/comments?post=610401"}],"version-history":[{"count":0,"href":"https:\/\/www.europesays.com\/fr\/wp-json\/wp\/v2\/posts\/610401\/revisions"}],"wp:featuredmedia":[{"embeddable":true,"href":"https:\/\/www.europesays.com\/fr\/wp-json\/wp\/v2\/media\/610402"}],"wp:attachment":[{"href":"https:\/\/www.europesays.com\/fr\/wp-json\/wp\/v2\/media?parent=610401"}],"wp:term":[{"taxonomy":"category","embeddable":true,"href":"https:\/\/www.europesays.com\/fr\/wp-json\/wp\/v2\/categories?post=610401"},{"taxonomy":"post_tag","embeddable":true,"href":"https:\/\/www.europesays.com\/fr\/wp-json\/wp\/v2\/tags?post=610401"}],"curies":[{"name":"wp","href":"https:\/\/api.w.org\/{rel}","templated":true}]}}