{"id":610405,"date":"2025-12-19T22:10:24","date_gmt":"2025-12-19T22:10:24","guid":{"rendered":"https:\/\/www.europesays.com\/fr\/610405\/"},"modified":"2025-12-19T22:10:24","modified_gmt":"2025-12-19T22:10:24","slug":"etienne-saint-etienne-hypercentre-lassociation-m-la-vie-avec-lisa-sur-le-pont-jusquau-24-decembre","status":"publish","type":"post","link":"https:\/\/www.europesays.com\/fr\/610405\/","title":{"rendered":"\u00c9tienne | Saint-\u00c9tienne\/Hypercentre. L\u2019association M la vie avec Lisa sur le pont jusqu\u2019au 24\u00a0d\u00e9cembre"},"content":{"rendered":"<p>L\u2019association M la Vie avec Lisa agit pour participer au financement de la recherche m\u00e9dicale sur les sarcomes et les cancers p\u00e9diatriques. Elle termine l\u2019ann\u00e9e 2025 avec la mise en vente d\u2019\u0153uvres d\u2019art au prix de r\u00e9serve des artistes dans les locaux de la librairie Quartier Latin et ce, jusqu\u2019au 24\u00a0d\u00e9cembre. Cette action compl\u00e8te une premi\u00e8re vente organis\u00e9e en juin qui a permis \u00e0 l\u2019association de collecter 16\u00a0200\u00a0euros au profit des \u00e9quipes de chercheurs qu\u2019elle soutient.<\/p>\n<p class=\"note\">Librairie Quartier Latin, 4 rue Georges-Teissier \u00e0 Saint-\u00c9tienne<\/p>\n","protected":false},"excerpt":{"rendered":"L\u2019association M la Vie avec Lisa agit pour participer au financement de la recherche m\u00e9dicale sur les sarcomes&hellip;\n","protected":false},"author":2,"featured_media":610406,"comment_status":"","ping_status":"","sticky":false,"template":"","format":"standard","meta":{"footnotes":""},"categories":[9653],"tags":[1111,11,2430,7539,1777,674,1011,27,12,25,4001,7538,104,1631],"class_list":{"0":"post-610405","1":"post","2":"type-post","3":"status-publish","4":"format-standard","5":"has-post-thumbnail","7":"category-saint-etienne","8":"tag-actu","9":"tag-actualites","10":"tag-auvergne-rhone-alpes","11":"tag-edition-loire-sud","12":"tag-eu","13":"tag-europe","14":"tag-fr","15":"tag-france","16":"tag-news","17":"tag-republique-francaise","18":"tag-saint-etienne","19":"tag-saint-etienne-ville","20":"tag-societe","21":"tag-vie-associative"},"share_on_mastodon":{"url":"https:\/\/pubeurope.com\/@fr\/115748524919348954","error":""},"_links":{"self":[{"href":"https:\/\/www.europesays.com\/fr\/wp-json\/wp\/v2\/posts\/610405","targetHints":{"allow":["GET"]}}],"collection":[{"href":"https:\/\/www.europesays.com\/fr\/wp-json\/wp\/v2\/posts"}],"about":[{"href":"https:\/\/www.europesays.com\/fr\/wp-json\/wp\/v2\/types\/post"}],"author":[{"embeddable":true,"href":"https:\/\/www.europesays.com\/fr\/wp-json\/wp\/v2\/users\/2"}],"replies":[{"embeddable":true,"href":"https:\/\/www.europesays.com\/fr\/wp-json\/wp\/v2\/comments?post=610405"}],"version-history":[{"count":0,"href":"https:\/\/www.europesays.com\/fr\/wp-json\/wp\/v2\/posts\/610405\/revisions"}],"wp:featuredmedia":[{"embeddable":true,"href":"https:\/\/www.europesays.com\/fr\/wp-json\/wp\/v2\/media\/610406"}],"wp:attachment":[{"href":"https:\/\/www.europesays.com\/fr\/wp-json\/wp\/v2\/media?parent=610405"}],"wp:term":[{"taxonomy":"category","embeddable":true,"href":"https:\/\/www.europesays.com\/fr\/wp-json\/wp\/v2\/categories?post=610405"},{"taxonomy":"post_tag","embeddable":true,"href":"https:\/\/www.europesays.com\/fr\/wp-json\/wp\/v2\/tags?post=610405"}],"curies":[{"name":"wp","href":"https:\/\/api.w.org\/{rel}","templated":true}]}}