{"id":610416,"date":"2025-12-19T22:21:12","date_gmt":"2025-12-19T22:21:12","guid":{"rendered":"https:\/\/www.europesays.com\/fr\/610416\/"},"modified":"2025-12-19T22:21:12","modified_gmt":"2025-12-19T22:21:12","slug":"municipales-2026-a-montpellier-ensemble-on-peut-battre-michael-delafosse-nathalie-oziol-lfi-tend-a-nouveau-la-main-a-jean-louis-roumegas","status":"publish","type":"post","link":"https:\/\/www.europesays.com\/fr\/610416\/","title":{"rendered":"Municipales 2026 \u00e0 Montpellier\u00a0: \u00ab\u00a0Ensemble on peut battre Micha\u00ebl Delafosse\u00a0\u00bb, Nathalie Oziol (LFI) tend \u00e0 nouveau la main \u00e0 Jean-Louis Roum\u00e9gas"},"content":{"rendered":"<p>\n                                                                Au lendemain d\u2019un sondage peu flatteur pour la gauche radicale \u00e0 Montpellier, Nathalie Oziol (LFI) relance la perspective d\u2019une liste commune avec les \u00e9cologistes de Jean-Louis Roum\u00e9gas pour les municipales. Mais un point de tension demeure\u00a0: quel soutien au projet controvers\u00e9 d\u2019usine CSR \u00e0 Ametyst\u00a0?\n                            <\/p>\n<p>Au lendemain d\u2019un sondage montrant Nathalie Oziol (LFI) \u00e0 16\u00a0% et Jean-Louis Roum\u00e9gas (EELV) \u00e0 seulement 7\u00a0%, alors que le maire sortant Micha\u00ebl Delafosse (PS) caracole en t\u00eate avec 38\u00a0%, la campagne municipale montpelli\u00e9raine prend un tour strat\u00e9gique. Dans une lettre ouverte, Nathalie Oziol relance l\u2019id\u00e9e d\u2019une liste commune LFI-\u00c9cologistes, soulignant que l\u2019union des forces de gauche pourrait inverser la tendance. \u00ab\u00a0Je l\u2019ai toujours dit, et je le redis aujourd\u2019hui\u00a0\u00bb, \u00e9crit-elle \u00e0 Jean-Louis Roum\u00e9gas, insistant sur la n\u00e9cessit\u00e9 d\u2019un accord programmatique solide.<\/p>\n<p>Pour Nathalie\u00a0Oziol, les bases de convergence existent\u00a0: mobilisations locales contre les projets routiers et autoroutiers inutiles (le Com notamment), pr\u00e9servation des espaces verts de Malbosc ou de Montcalm, et participation citoyenne renforc\u00e9e pour \u00ab\u00a0rompre avec la pratique confiscatoire du pouvoir\u00a0\u00bb du maire sortant. Sur le plan international, elle rappelle le soutien commun aux initiatives en faveur de la paix et de la reconnaissance de l\u2019\u00c9tat de Palestine, contraste avec le maire sortant.<\/p>\n<p>Quid de l\u2019usine CSR\u00a0?<\/p>\n<p>Elle cite l\u2019exemple de Toulouse et Marseille, o\u00f9 \u00e9cologistes et insoumis ont uni leurs forces pour mener des campagnes sur des programmes de rupture, refusant tout rapprochement avec le Parti socialiste. Pour Oziol, cette alliance locale serait \u00e9galement un signal fort contre le macronisme, alors que la majorit\u00e9 pr\u00e9sidentielle impose des coupes budg\u00e9taires et des r\u00e9formes contest\u00e9es.<\/p>\n<p>L\u2019\u00e9lue insoumise appelle \u00e0 identifier et surmonter les d\u00e9saccords\u00a0: \u00ab\u00a0Il n\u2019est pas trop tard. Rencontrons-nous. Montpellier m\u00e9rite mieux qu\u2019une gestion socialo-macroniste.\u00a0\u00bb\u00a0Et de conclure par un message clair\u00a0: unis, LFI et \u00c9cologistes pourraient \u00ab\u00a0arriver en t\u00eate d\u00e8s le premier tour et battre Micha\u00ebl Delafosse\u00a0\u00bb. \u00c0 ceci pr\u00e8s qu\u2019elle omet d\u2019\u00e9voquer le point de rupture\u00a0: le soutien ou non au projet d\u2019usine CSR \u00e0 Ametyst, port\u00e9e par Ren\u00e9 Revol, un Insoumis. Mais aussi qui\u2026 pour conduire la liste.<\/p>\n","protected":false},"excerpt":{"rendered":"Au lendemain d\u2019un sondage peu flatteur pour la gauche radicale \u00e0 Montpellier, Nathalie Oziol (LFI) relance la perspective&hellip;\n","protected":false},"author":2,"featured_media":610417,"comment_status":"","ping_status":"","sticky":false,"template":"","format":"standard","meta":{"footnotes":""},"categories":[9599],"tags":[1111,11,1777,674,1011,27,7089,2208,12,2680,316,25],"class_list":{"0":"post-610416","1":"post","2":"type-post","3":"status-publish","4":"format-standard","5":"has-post-thumbnail","7":"category-montpellier","8":"tag-actu","9":"tag-actualites","10":"tag-eu","11":"tag-europe","12":"tag-fr","13":"tag-france","14":"tag-herault","15":"tag-montpellier","16":"tag-news","17":"tag-occitanie","18":"tag-politique","19":"tag-republique-francaise"},"share_on_mastodon":{"url":"https:\/\/pubeurope.com\/@fr\/115748568082079430","error":""},"_links":{"self":[{"href":"https:\/\/www.europesays.com\/fr\/wp-json\/wp\/v2\/posts\/610416","targetHints":{"allow":["GET"]}}],"collection":[{"href":"https:\/\/www.europesays.com\/fr\/wp-json\/wp\/v2\/posts"}],"about":[{"href":"https:\/\/www.europesays.com\/fr\/wp-json\/wp\/v2\/types\/post"}],"author":[{"embeddable":true,"href":"https:\/\/www.europesays.com\/fr\/wp-json\/wp\/v2\/users\/2"}],"replies":[{"embeddable":true,"href":"https:\/\/www.europesays.com\/fr\/wp-json\/wp\/v2\/comments?post=610416"}],"version-history":[{"count":0,"href":"https:\/\/www.europesays.com\/fr\/wp-json\/wp\/v2\/posts\/610416\/revisions"}],"wp:featuredmedia":[{"embeddable":true,"href":"https:\/\/www.europesays.com\/fr\/wp-json\/wp\/v2\/media\/610417"}],"wp:attachment":[{"href":"https:\/\/www.europesays.com\/fr\/wp-json\/wp\/v2\/media?parent=610416"}],"wp:term":[{"taxonomy":"category","embeddable":true,"href":"https:\/\/www.europesays.com\/fr\/wp-json\/wp\/v2\/categories?post=610416"},{"taxonomy":"post_tag","embeddable":true,"href":"https:\/\/www.europesays.com\/fr\/wp-json\/wp\/v2\/tags?post=610416"}],"curies":[{"name":"wp","href":"https:\/\/api.w.org\/{rel}","templated":true}]}}