{"id":610422,"date":"2025-12-19T22:25:28","date_gmt":"2025-12-19T22:25:28","guid":{"rendered":"https:\/\/www.europesays.com\/fr\/610422\/"},"modified":"2025-12-19T22:25:28","modified_gmt":"2025-12-19T22:25:28","slug":"alpes-cette-station-de-ski-pres-de-grenoble-fermee-pour-le-debut-des-vacances-de-noel","status":"publish","type":"post","link":"https:\/\/www.europesays.com\/fr\/610422\/","title":{"rendered":"Alpes. Cette station de ski pr\u00e8s de Grenoble ferm\u00e9e pour le d\u00e9but des vacances de No\u00ebl"},"content":{"rendered":"<p>                    Par<br \/>\n        <strong><br \/>\n            <a href=\"https:\/\/actu.fr\/auteur\/lisa-rodrigues\" title=\"Consulter tous les articles de Lisa Rodrigues\" target=\"_blank\" rel=\"noopener\">Lisa Rodrigues<\/a><br \/>\n                    <\/strong><\/p>\n<p>        Publi\u00e9 le<\/p>\n<p>            19 d\u00e9c. 2025 \u00e0 16h13        <\/p>\n<p>Le lancement des vacances de No\u00ebl devait aussi marquer le d\u00e9but de la saison hivernale pour la <strong>station de Lans-en-Vercors<\/strong>, \u00e0 une trentaine de kilom\u00e8tres de <a href=\"https:\/\/actu.fr\/auvergne-rhone-alpes\/grenoble_38185\" target=\"_blank\" rel=\"noopener\">Grenoble<\/a>. Le domaine skiable avait pr\u00e9vu d\u2019ouvrir samedi 20 d\u00e9cembre.<br \/>Mais dans un message publi\u00e9 jeudi 18 d\u00e9cembre sur ses r\u00e9seaux sociaux, la station is\u00e9roise a annonc\u00e9 une mauvaise nouvelle : <strong>les pistes ne vont pas pouvoir ouvrir<\/strong> comme pr\u00e9vu. Le lancement de la saison est report\u00e9 \u00e0 une date ind\u00e9termin\u00e9e.<\/p>\n<p>Pas assez de neige<\/p>\n<p class=\" wall-content\">En cause : la m\u00e9t\u00e9o. \u00ab\u00a0Les conditions d\u2019enneigement et de m\u00e9t\u00e9o actuelles ne nous permettent pas d\u2019ouvrir les domaines skiables de Lans-en-Vercors\u00a0\u00bb, explique la station dans son communiqu\u00e9.<\/p>\n<p>    <a href=\"https:\/\/www.facebook.com\/plugins\/post.php?href=https%3A%2F%2Fwww.facebook.com%2FLans.En.Vercors.Domaine.Skiable%2Fposts%2Fpfbid0fa6BypHisqVPMe31BR73xSumuNM1hMrLYe6uu3qWdnm4kPE6DCDm2qU6vettxhKfl&amp;show_text=true&amp;width=350\" title=\"Ouvrie le lien\" target=\"_blank\" rel=\"noopener\">Cliquez ici pour visualiser le contenu<\/a><\/p>\n<p class=\" wall-content\">D\u2019apr\u00e8s le dernier bulletin d\u2019enneigement consultable sur le <a href=\"https:\/\/skipass.lansenvercors.com\/fr\/infos-pistes\" target=\"_blank\" rel=\"noopener\">site internet<\/a> de la station, <strong>\u00e0 peine 10 cm de neige<\/strong> sont comptabilis\u00e9s en sommet de station \u00e0 1 827 m\u00e8tres, mais avec des \u00ab\u00a0conditions variables\u00a0\u00bb.<\/p>\n<p>    <img   decoding=\"async\" loading=\"lazy\" src=\"https:\/\/www.europesays.com\/fr\/wp-content\/uploads\/2025\/12\/lans-en-vercors-960x640.png\" alt=\"Le domaine skiable de Lans-en-Vercors en Is\u00e8re devait ouvrir samedi 20 d\u00e9cembre. La station a finalement annonc\u00e9 un report du lancement de la saison de ski.\" width=\"960\" height=\"640\"\/><br \/>\n    La neige n\u2019est pas suffisante sur les pistes pour permettre la r\u00e9ouverture de la station, comme on le voit ici au belv\u00e9d\u00e8re du Vertige des Cimes \u00e0 1 700 m, vendredi 19 d\u00e9cembre. (\u00a9Capture webcam live Skipass Lans-en-Vercors)<\/p>\n<p class=\" wall-content\">Il y a presque un mois, lors des fortes <a href=\"https:\/\/actu.fr\/auvergne-rhone-alpes\/les-adrets_38002\/les-alpes-sous-la-neige-une-station-de-ski-a-moins-d-1h-de-grenoble-ouvre-en-avance_63493046.html\" target=\"_blank\" rel=\"noopener\">chutes de neige de fin novembre<\/a>, un manteau blanc de 30 cm d\u2019\u00e9paisseur \u00e9tait tomb\u00e9 \u00e0 Lans-en-Vercors\u2026<\/p>\n<p>Aucune pr\u00e9cipitation ces derniers jours<\/p>\n<p class=\" wall-content\">Quelques jours avant cette annonce, l\u2019espoir \u00e9tait toujours de mise, puisqu\u2019il ne manquait \u00ab\u00a0que quelques centim\u00e8tres de neige suppl\u00e9mentaires pour assurer une belle ouverture\u00a0\u00bb.<\/p>\n<p>Votre r\u00e9gion, votre actu !<\/p>\n<p>Recevez chaque jour les infos qui comptent pour vous.<\/p>\n<p>\t<a href=\"https:\/\/actu.fr\/newsletter\" class=\"ac-btn ac-btn--corner ac-btn--medium ac-btn--blue800\" target=\"_blank\" rel=\"noopener\">S&rsquo;incrire<\/a><\/p>\n<p class=\" wall-content\">Mais l\u2019absence de pr\u00e9cipitations sur les derniers jours, coupl\u00e9 \u00e0 <a href=\"https:\/\/actu.fr\/meteo\/meteo-des-temperatures-au-dessus-des-normales-en-isere-ou-il-va-faire-le-plus-chaud_63545828.html\" target=\"_blank\" rel=\"noopener\">des temp\u00e9ratures douces pour la saison<\/a> \u2013 le mercure a \u00e9volu\u00e9 entre 0 et quasi 11\u00b0C sur la derni\u00e8re semaine \u2013 n\u2019a pas exauc\u00e9 ce souhait de No\u00ebl.<\/p>\n<p class=\" wall-content\">Et d\u2019apr\u00e8s les pr\u00e9visions m\u00e9t\u00e9orologiques de ces prochains jours, il va falloir \u00eatre patient pour retrouver un peu de neige\u2026<\/p>\n<p>De la neige pour No\u00ebl ?<\/p>\n<p class=\" wall-content\">Selon <a href=\"https:\/\/www.meteo-villes.com\/previsions-meteo-lans-en-vercors-38250\" target=\"_blank\" rel=\"noopener\">M\u00e9t\u00e9o-villes<\/a>, c\u2019est surtout de la pluie qui devrait tomber pour le premier week-end des vacances de No\u00ebl, notamment dimanche 21 d\u00e9cembre en fin de journ\u00e9e. Les premiers flocons ne sont pas annonc\u00e9s\u2026 <strong>avant lundi 29 d\u00e9cembre<\/strong>.<\/p>\n<p class=\" wall-content\"><a href=\"https:\/\/www.facebook.com\/meteocentreisere\" target=\"_blank\" rel=\"noopener\">M\u00e9t\u00e9o Centre-Is\u00e8re<\/a> \u00e9voque des chutes de neige possible d\u00e8s lundi 22 d\u00e9cembre entre 1 200 et 1 500 m dans le Vercors, mais \u00ab\u00a0la pr\u00e9vision des pr\u00e9cipitations demeure tr\u00e8s compliqu\u00e9e\u00a0\u00bb.<\/p>\n<p class=\" wall-content\">Les cartes de <a href=\"https:\/\/actu.fr\/meteo\/\" target=\"_blank\" rel=\"noopener\">M\u00e9t\u00e9o-France<\/a> tablent, elles, sur de <strong>la pluie m\u00eal\u00e9e \u00e0 de la neige<\/strong> dans la station mardi 23 d\u00e9cembre dans la journ\u00e9e, avec un indice de confiance \u00e0 3\/5.<\/p>\n<p>Les 50 ans de la station<\/p>\n<p class=\" wall-content\">La nouvelle tombe d\u2019autant plus mal que la station comptait sur ce m\u00eame week-end d\u2019ouverture de la saison de ski pour lancer les c\u00e9l\u00e9brations de ses 50 ans.\u00a0<\/p>\n<p class=\" wall-content\">C\u2019est en 1975 que le maire de Lans-en-Vercors de l\u2019\u00e9poque, L\u00e9opold Fabre, et tout le village se lancent dans leur projet de petite station familiale, accessible et sans urbanisation massive, \u00e0 l\u2019inverse des grandes constructions d\u2019altitude.<\/p>\n<p class=\" wall-content\">Pour l\u2019occasion, des ateliers, animations musicales et soir\u00e9es dansantes sont propos\u00e9s du vendredi 19 au dimanche 21 d\u00e9cembre. Un <strong>programme maintenu malgr\u00e9 l\u2019absence de neige<\/strong>, pour proposer des premiers \u00e9v\u00e9nements aux vacanciers.<\/p>\n<p class=\" wall-content\">Personnalisez votre actualit\u00e9 en ajoutant vos villes et m\u00e9dias en favori avec <a href=\"https:\/\/moncompte.actu.fr\" title=\"D\u00e9couvez Mon Actu\" rel=\"nofollow noopener\" data-trk=\"{&quot;cta&quot;:{&quot;action&quot;:&quot;https:\\\/\\\/moncompte.actu.fr&quot;,&quot;category&quot;:&quot;mon compte&quot;,&quot;from&quot;:&quot;article footer&quot;,&quot;name&quot;:&quot;Mon actu&quot;,&quot;type&quot;:&quot;cta&quot;}}\" target=\"_blank\">Mon Actu<\/a>.<\/p>\n","protected":false},"excerpt":{"rendered":"Par Lisa Rodrigues Publi\u00e9 le 19 d\u00e9c. 2025 \u00e0 16h13 Le lancement des vacances de No\u00ebl devait aussi&hellip;\n","protected":false},"author":2,"featured_media":610423,"comment_status":"","ping_status":"","sticky":false,"template":"","format":"standard","meta":{"footnotes":""},"categories":[9566],"tags":[1111,11,2430,1777,674,1011,27,2731,5324,12,25,4129,104],"class_list":{"0":"post-610422","1":"post","2":"type-post","3":"status-publish","4":"format-standard","5":"has-post-thumbnail","7":"category-grenoble","8":"tag-actu","9":"tag-actualites","10":"tag-auvergne-rhone-alpes","11":"tag-eu","12":"tag-europe","13":"tag-fr","14":"tag-france","15":"tag-grenoble","16":"tag-montagne","17":"tag-news","18":"tag-republique-francaise","19":"tag-ski","20":"tag-societe"},"share_on_mastodon":{"url":"https:\/\/pubeurope.com\/@fr\/115748584595748206","error":""},"_links":{"self":[{"href":"https:\/\/www.europesays.com\/fr\/wp-json\/wp\/v2\/posts\/610422","targetHints":{"allow":["GET"]}}],"collection":[{"href":"https:\/\/www.europesays.com\/fr\/wp-json\/wp\/v2\/posts"}],"about":[{"href":"https:\/\/www.europesays.com\/fr\/wp-json\/wp\/v2\/types\/post"}],"author":[{"embeddable":true,"href":"https:\/\/www.europesays.com\/fr\/wp-json\/wp\/v2\/users\/2"}],"replies":[{"embeddable":true,"href":"https:\/\/www.europesays.com\/fr\/wp-json\/wp\/v2\/comments?post=610422"}],"version-history":[{"count":0,"href":"https:\/\/www.europesays.com\/fr\/wp-json\/wp\/v2\/posts\/610422\/revisions"}],"wp:featuredmedia":[{"embeddable":true,"href":"https:\/\/www.europesays.com\/fr\/wp-json\/wp\/v2\/media\/610423"}],"wp:attachment":[{"href":"https:\/\/www.europesays.com\/fr\/wp-json\/wp\/v2\/media?parent=610422"}],"wp:term":[{"taxonomy":"category","embeddable":true,"href":"https:\/\/www.europesays.com\/fr\/wp-json\/wp\/v2\/categories?post=610422"},{"taxonomy":"post_tag","embeddable":true,"href":"https:\/\/www.europesays.com\/fr\/wp-json\/wp\/v2\/tags?post=610422"}],"curies":[{"name":"wp","href":"https:\/\/api.w.org\/{rel}","templated":true}]}}