{"id":610426,"date":"2025-12-19T22:27:19","date_gmt":"2025-12-19T22:27:19","guid":{"rendered":"https:\/\/www.europesays.com\/fr\/610426\/"},"modified":"2025-12-19T22:27:19","modified_gmt":"2025-12-19T22:27:19","slug":"les-colis-ont-tue-ma-partie-bar-dans-ces-commerces-de-rennes-la-folie-des-colis-de-noel-nest-pas-toujours-un-cadeau","status":"publish","type":"post","link":"https:\/\/www.europesays.com\/fr\/610426\/","title":{"rendered":"\u00ab\u00a0Les colis ont tu\u00e9 ma partie bar\u00a0\u00bb\u00a0: dans ces commerces de Rennes, la folie des colis de No\u00ebl n\u2019est pas toujours un cadeau"},"content":{"rendered":"<p>\u00c0 quelques jours de No\u00ebl, se dessine la derni\u00e8re ligne droite pour les cadeaux. <a href=\"https:\/\/www.letelegramme.fr\/bretagne\/47-millions-de-colis-seront-livres-par-la-poste-en-bretagne-6942748.php\" target=\"_blank\" rel=\"noopener\">Et en premi\u00e8re ligne de cette course contre le temps : les points relais colis<\/a>. Dans le bureau de tabac\/presse Le Colombier \u00e0 Rennes, les paquets ne cessent d\u2019arriver. \u00ab On en re\u00e7oit cinq fois plus que d\u2019habitude, assure Thomas Simon, g\u00e9rant du commerce avec son p\u00e8re Thierry. \u00c7a dure depuis fin novembre, avec le Black Friday. \u00bb<\/p>\n<p>Face \u00e0 ces nombreux colis, les deux hommes ne semblent pas pour autant d\u00e9bord\u00e9s. Dans leur arri\u00e8re-boutique, p\u00e8re et fils stockent entre 150 et 200 paquets, les plus petits rang\u00e9s sur des \u00e9tag\u00e8res, les plus grands, install\u00e9s directement sur le sol. Ils sont livr\u00e9s tous les matins \u00e0 partir de 10 h et pour eux, tout est une question d\u2019organisation. \u00ab Toute l\u2019\u00e9quipe s\u2019occupe des colis. Il n\u2019y a personne d\u00e9di\u00e9 uniquement \u00e0 \u00e7a. On met deux heures \u00e0 les ranger. Certes \u00e7a prend un peu de temps, mais c\u2019est tout. \u00bb<\/p>\n<p>1 000 colis par jour<\/p>\n<p>Dans le centre-ville, le bar\/tabac le Delta est connu pour \u00eatre une plaque tournante des colis. \u00ab On en a environ 1 000 par jour \u00bb, assure Emmanuelle Tox\u00e9, la patronne des lieux, stylo noir en main, en train de marquer des bouts de carton pour s\u2019y retrouver. Depuis le Covid, elle a multipli\u00e9 les partenariats avec diff\u00e9rentes enseignes de livraison. Mais cette ann\u00e9e, contrairement aux autres, elle a fait le choix de ne pas recruter de mains suppl\u00e9mentaires pour l\u2019aider durant la p\u00e9riode des f\u00eates. \u00ab Je n\u2019ai pas voulu faire le pic de Noel et recruter des personnes pour m\u2019aider. C\u2019est trop de travail. D\u2019habitude, la pi\u00e8ce est remplie de colis. \u00bb<\/p>\n<p><img decoding=\"async\" src=\"https:\/\/www.europesays.com\/fr\/wp-content\/uploads\/2025\/12\/69458e6e96d97d30be00a8ea.1.webp\" width=\"480\" height=\"300\" class=\"web_golden_m\" loading=\"lazy\" alt=\"Thierry et Thomas Simon voient transiter dans leur tabac\/presse pr\u00e8s de 200 colis par jour pendant la p\u00e9riode de Noel \u00e0 Rennes.\"\/>Thierry et Thomas Simon voient transiter dans leur tabac\/presse pr\u00e8s de 200 colis par jour pendant la p\u00e9riode de Noel \u00e0 Rennes. (Le T\u00e9l\u00e9gramme\/Jean-Fran\u00e7ois Chesnay)<\/p>\n<p>\u00c0 la Cantine, brasserie de Saint-H\u00e9lier, les colis, eux, ne sont pas la priorit\u00e9. \u00ab On a une zone de colis expr\u00e8s qu\u2019on limite, car on ne veut pas que \u00e7a d\u00e9borde. Et on n\u2019ouvre pas la r\u00e9ception des particuliers entre 12 h et 14 h. La client\u00e8le passe en priorit\u00e9. \u00bb Contrairement aux autres, le restaurant avec ses 200 colis quotidiens, supporte un volume de plus \u00e9lev\u00e9 que d\u2019habitude en ce moment. \u00ab Il y a deux points qui ont ferm\u00e9 dans les environ donc on r\u00e9cup\u00e8re des colis. \u00bb<\/p>\n<p>\u00ab \u00c7a paye un peu le loyer \u00bb<\/p>\n<p>Mais pourquoi accepter d\u2019\u00eatre point relais et risquer des d\u00e9bordements durant cette p\u00e9riode des f\u00eates ? Pour Thomas et Thierry, proposer ce service est un moyen \u00ab de faire venir du monde dans le commerce. Les clients peuvent repartir avec un autre produit \u00bb. \u00ab C\u2019est clairement pour dynamiser mon commerce, abonde Maxime Ferron, g\u00e9rant du bar le Pacific, situ\u00e9 rue Alphonse-Gu\u00e9rin et point relais depuis quatre ans. Je ne fais clairement pas \u00e7a pour sortir une grosse r\u00e9mun\u00e9ration. \u00c7a paye un peu le loyer. \u00bb<\/p>\n<p>M\u00eame son de cloche pour la patronne du Delta. \u00ab Quand j\u2019ai commenc\u00e9 les colis, \u00e7a m\u2019a fait une pub \u00e9norme. \u00bb Mais elle a d\u00e9cid\u00e9 \u00e0 l\u2019avenir de modifier sa fa\u00e7on de faire. \u00ab Je ne veux plus que les colis soient visibles dans le commerce. J\u2019ai besoin de regagner ma salle. Les colis ont tu\u00e9 ma partie bar. \u00bb<\/p>\n<p>\u00ab Je suis \u00e9pargn\u00e9 \u00bb<\/p>\n<p>Pour faire face \u00e0 cet afflux, certains font le choix d\u2019instaurer des quotas. Comme Maxime Ferron, g\u00e9rant du bar\/tabac le Pacific. \u00ab Cette ann\u00e9e, \u00e7a va, explique le buraliste. J\u2019ai un petit contrat avec Mondial Relay pour ne pas \u00eatre d\u00e9bord\u00e9. Je suis plut\u00f4t \u00e9pargn\u00e9. \u00bb Le commer\u00e7ant stocke seulement entre 50 et 60 colis dans sa r\u00e9serve. \u00ab Je ne veux pas ouvrir plus les vannes, car je suis seul \u00e0 travailler. \u00bb<\/p>\n<p>D\u2019autres \u00e0 l\u2019image de Pierre, de la cave Les Confidences des vignobles ont carr\u00e9ment arr\u00eat\u00e9 leur activit\u00e9 de point relais pendant le mois de d\u00e9cembre. \u00ab Si je fais \u00e7a, je dois embaucher des personnes et \u00e7a ne serait pas rentable pour nous. \u00bb<\/p>\n","protected":false},"excerpt":{"rendered":"\u00c0 quelques jours de No\u00ebl, se dessine la derni\u00e8re ligne droite pour les cadeaux. Et en premi\u00e8re ligne&hellip;\n","protected":false},"author":2,"featured_media":610427,"comment_status":"","ping_status":"","sticky":false,"template":"","format":"standard","meta":{"footnotes":""},"categories":[2821],"tags":[1111,11,829,2033,1777,674,1011,27,848,12,584,25],"class_list":{"0":"post-610426","1":"post","2":"type-post","3":"status-publish","4":"format-standard","5":"has-post-thumbnail","7":"category-rennes","8":"tag-actu","9":"tag-actualites","10":"tag-bretagne","11":"tag-commerces-a-rennes","12":"tag-eu","13":"tag-europe","14":"tag-fr","15":"tag-france","16":"tag-ille-et-vilaine","17":"tag-news","18":"tag-rennes","19":"tag-republique-francaise"},"share_on_mastodon":{"url":"https:\/\/pubeurope.com\/@fr\/115748592540324631","error":""},"_links":{"self":[{"href":"https:\/\/www.europesays.com\/fr\/wp-json\/wp\/v2\/posts\/610426","targetHints":{"allow":["GET"]}}],"collection":[{"href":"https:\/\/www.europesays.com\/fr\/wp-json\/wp\/v2\/posts"}],"about":[{"href":"https:\/\/www.europesays.com\/fr\/wp-json\/wp\/v2\/types\/post"}],"author":[{"embeddable":true,"href":"https:\/\/www.europesays.com\/fr\/wp-json\/wp\/v2\/users\/2"}],"replies":[{"embeddable":true,"href":"https:\/\/www.europesays.com\/fr\/wp-json\/wp\/v2\/comments?post=610426"}],"version-history":[{"count":0,"href":"https:\/\/www.europesays.com\/fr\/wp-json\/wp\/v2\/posts\/610426\/revisions"}],"wp:featuredmedia":[{"embeddable":true,"href":"https:\/\/www.europesays.com\/fr\/wp-json\/wp\/v2\/media\/610427"}],"wp:attachment":[{"href":"https:\/\/www.europesays.com\/fr\/wp-json\/wp\/v2\/media?parent=610426"}],"wp:term":[{"taxonomy":"category","embeddable":true,"href":"https:\/\/www.europesays.com\/fr\/wp-json\/wp\/v2\/categories?post=610426"},{"taxonomy":"post_tag","embeddable":true,"href":"https:\/\/www.europesays.com\/fr\/wp-json\/wp\/v2\/tags?post=610426"}],"curies":[{"name":"wp","href":"https:\/\/api.w.org\/{rel}","templated":true}]}}