{"id":610432,"date":"2025-12-19T22:31:01","date_gmt":"2025-12-19T22:31:01","guid":{"rendered":"https:\/\/www.europesays.com\/fr\/610432\/"},"modified":"2025-12-19T22:31:01","modified_gmt":"2025-12-19T22:31:01","slug":"5-bars-et-cafes-de-qualite-pour-fuir-les-touristes-pendant-le-marche-de-noel","status":"publish","type":"post","link":"https:\/\/www.europesays.com\/fr\/610432\/","title":{"rendered":"5 bars et caf\u00e9s de qualit\u00e9 pour fuir les touristes pendant le march\u00e9 de No\u00ebl"},"content":{"rendered":"<p>    <img loading=\"lazy\" width=\"1800\" height=\"900\" src=\"https:\/\/www.europesays.com\/fr\/wp-content\/uploads\/2025\/11\/jeanne-callthepolice.jpg\" class=\"attachment-full size-full\" alt=\"\" id=\"imageLove\" decoding=\"async\"  \/><\/p>\n<p id=\"breadcrumbs\"><a href=\"https:\/\/pokaa.fr\/\" target=\"_blank\" rel=\"noopener\">Accueil<\/a> \/ <a href=\"https:\/\/pokaa.fr\/categories\/les-bonnes-adresses\/\" target=\"_blank\" rel=\"noopener\">Bonnes adresses<\/a> \/ Strasbourg : 5 bars et caf\u00e9s de qualit\u00e9 pour fuir les touristes pendant le march\u00e9 de No\u00ebl<\/p>\n<p>                    Bonnes adresses<\/p>\n<p><b>Le march\u00e9 de No\u00ebl de Strasbourg continue de rythmer la vie du centre-ville, et dans tout ce bazar organis\u00e9, certain(e)s cherchent le calme. Alors, si vous souhaitez boire un verre, prendre un caf\u00e9, travailler ou simplement bouquiner en douceur tout en \u00e9vitant la foule, voici 5 adresses qui pourraient bien vous aider.\u00a0<\/b><\/p>\n<p>Aven Bike &amp; Fika (caf\u00e9)<\/p>\n<p>Aven Bike, c\u2019est LE spot qui offre<strong> une vraie parenth\u00e8se de calme aux Strasbourgeois(es) \u00e0 deux pas du centre-ville<\/strong>. Dans un cadre \u00e9pur\u00e9 et sobre comme savent faire nos amis danois, on y vient<strong> pour bosser, pour s\u2019envoyer une viennoiserie ou un bon caf\u00e9<\/strong>, mais aussi <strong>pour boire une bi\u00e8re quand le jour commence \u00e0 se faire timide<\/strong>.<\/p>\n<p>Ouvert en continu de 9h \u00e0 19h30, on aime s\u2019y installer confortablement <strong>loin de la foule du c\u0153ur de ville<\/strong>. En plus, Aven Bike est aussi un r\u00e9parateur de v\u00e9los.<\/p>\n<p style=\"text-align: center;\"><strong>Aven Bike &amp; Fika<br \/><\/strong>34 rue du Faubourg-de-Pierre, \u00e0 Strasbourg<br \/><strong><a href=\"https:\/\/www.google.com\/url?sa=t&amp;rct=j&amp;q=&amp;esrc=s&amp;source=web&amp;cd=&amp;cad=rja&amp;uact=8&amp;ved=2ahUKEwjG17nY4fOEAxVEh_0HHeZoCrMQFnoECBoQAQ&amp;url=https%3A%2F%2Fwww.aven.bike%2F&amp;usg=AOvVaw1aJcFAtlc-tDW9HrqKxAJt&amp;opi=89978449\" target=\"_blank\" rel=\"noopener\">Le site web<\/a><br \/><\/strong><strong><a href=\"https:\/\/www.google.com\/url?sa=t&amp;rct=j&amp;q=&amp;esrc=s&amp;source=web&amp;cd=&amp;cad=rja&amp;uact=8&amp;ved=2ahUKEwjG17nY4fOEAxVEh_0HHeZoCrMQFnoECBkQAQ&amp;url=https%3A%2F%2Fwww.instagram.com%2Faven.bike%2F&amp;usg=AOvVaw30Of5xIWc78P2AK7MTFj_B&amp;opi=89978449\" target=\"_blank\" rel=\"noopener\">La page Insta<\/a><\/strong><\/p>\n<p>                <a href=\"https:\/\/pokaa.fr\/2024\/03\/17\/aven-bike-a-strasbourg-ce-nouveau-lieu-mele-reparation-de-velos-et-cafe-de-specialite\/\" target=\"_blank\" rel=\"noopener\"><br \/>\n                    <img width=\"450\" height=\"270\" src=\"https:\/\/www.europesays.com\/fr\/wp-content\/uploads\/2025\/12\/avennn-450x270.png\" class=\"attachment-card-horizontal--same-subject size-card-horizontal--same-subject wp-post-image\" alt=\"\" decoding=\"async\" loading=\"lazy\"\/>                <\/a><\/p>\n<p>                <img width=\"375\" height=\"500\" src=\"https:\/\/www.europesays.com\/fr\/wp-content\/uploads\/2025\/12\/aven-bikes-fikaaven-bikes-fikaimg-1164-3-375x500.jpeg\" class=\"attachment-gallery size-gallery\" alt=\"aven bike caf\u00e9 r\u00e9paration de v\u00e9lo\" data-full-url=\"https:\/\/pokaa.fr\/wp-content\/uploads\/2025\/12\/18\/aven-bikes-fikaaven-bikes-fikaimg-1164-3.jpeg\" decoding=\"async\" loading=\"lazy\"  \/>            <\/p>\n<p>                <img width=\"375\" height=\"500\" src=\"https:\/\/www.europesays.com\/fr\/wp-content\/uploads\/2025\/12\/aven-bikes-fikaaven-bikes-fikaimg-1165-2-375x500.jpeg\" class=\"attachment-gallery size-gallery\" alt=\"aven bike caf\u00e9 r\u00e9paration de v\u00e9lo\" data-full-url=\"https:\/\/pokaa.fr\/wp-content\/uploads\/2025\/12\/18\/aven-bikes-fikaaven-bikes-fikaimg-1165-2.jpeg\" decoding=\"async\" loading=\"lazy\"  \/>            <\/p>\n<p>                <img width=\"375\" height=\"500\" src=\"https:\/\/www.europesays.com\/fr\/wp-content\/uploads\/2025\/12\/aven-bikes-fikaaven-bikes-fikaimg-1171-5-375x500.jpeg\" class=\"attachment-gallery size-gallery\" alt=\"aven bike caf\u00e9 r\u00e9paration de v\u00e9lo\" data-full-url=\"https:\/\/pokaa.fr\/wp-content\/uploads\/2025\/12\/18\/aven-bikes-fikaaven-bikes-fikaimg-1171-5.jpeg\" decoding=\"async\" loading=\"lazy\"  \/>            <\/p>\n<p>                <img width=\"667\" height=\"500\" src=\"https:\/\/www.europesays.com\/fr\/wp-content\/uploads\/2025\/12\/aven-bikes-fikaaven-bikes-fikaimg-1168-2-667x500.jpeg\" class=\"attachment-gallery size-gallery\" alt=\"aven bike caf\u00e9 r\u00e9paration de v\u00e9lo\" data-full-url=\"https:\/\/pokaa.fr\/wp-content\/uploads\/2025\/12\/18\/aven-bikes-fikaaven-bikes-fikaimg-1168-2.jpeg\" decoding=\"async\" loading=\"lazy\"  \/>            <\/p>\n<p>                    \u00a9 Bastien Pietronave \/ Pokaa<\/p>\n<p>Les Merveilles d\u2019Albertine (p\u00e2tisserie &amp; salon de th\u00e9)<\/p>\n<p>C\u2019est l\u2019un des nouveaux lieux <strong>qui nous ont le plus s\u00e9duits ces derniers mois<\/strong>. \u00c0 la fois<strong> p\u00e2tisserie et salon de th\u00e9<\/strong> \u00e0 la d\u00e9coration enchanteresse, c\u2019est <strong>une adresse chaleureuse et remplie de bonnes ondes qui nous veut du bien<\/strong>.<\/p>\n<p>On y mange<strong> des p\u00e2tisseries et des douceurs sucr\u00e9es ou sal\u00e9es de tr\u00e8s belle qualit\u00e9<\/strong>, l\u2019ambiance est toute douce\u2026 Et bien s\u00fbr : <strong>on est au calme loin de la foule<\/strong> qui passe pourtant tout pr\u00e8s de l\u00e0 sur les grands axes de la ville. C\u2019est un lieu <strong>imagin\u00e9 pour que les Strasbourgeois(es) s\u2019y sentent bien<\/strong> et c\u2019est r\u00e9ussi.<\/p>\n<p style=\"text-align: center;\"><strong>Les Merveilles d\u2019Albertine<\/strong><br \/>3 rue Thiergarten, \u00e0 Strasbourg<br \/><strong><a href=\"https:\/\/www.google.com\/url?sa=t&amp;source=web&amp;rct=j&amp;opi=89978449&amp;url=https:\/\/www.instagram.com\/les_merveilles_dalbertine\/&amp;ved=2ahUKEwio962LiK6RAxVcNPsDHYW7CB0QFnoECD4QAQ&amp;usg=AOvVaw3DjlHK2SP907xSWZ1puFFg\" target=\"_blank\" rel=\"noopener\">La page Insta<\/a><\/strong><\/p>\n<p>                <a href=\"https:\/\/pokaa.fr\/2025\/12\/08\/les-merveilles-dalbertine-cette-nouvelle-patisserie-salon-de-the-fait-deja-parler-strasbourg\/\" target=\"_blank\" rel=\"noopener\"><br \/>\n                    <img width=\"450\" height=\"270\" src=\"https:\/\/www.europesays.com\/fr\/wp-content\/uploads\/2025\/12\/g2-450x270.jpg\" class=\"attachment-card-horizontal--same-subject size-card-horizontal--same-subject wp-post-image\" alt=\"\" decoding=\"async\" loading=\"lazy\"\/>                <\/a><\/p>\n<p>                <img width=\"375\" height=\"500\" src=\"https:\/\/www.europesays.com\/fr\/wp-content\/uploads\/2025\/12\/les-merveilles-dalbertineimg-0226-2-375x500.jpeg\" class=\"attachment-gallery size-gallery\" alt=\"Les merveilles D\u2019Albertine\" data-full-url=\"https:\/\/pokaa.fr\/wp-content\/uploads\/2025\/12\/08\/les-merveilles-dalbertineimg-0226-2.jpeg\" decoding=\"async\" loading=\"lazy\"  \/>            <\/p>\n<p>                <img width=\"375\" height=\"500\" src=\"https:\/\/www.europesays.com\/fr\/wp-content\/uploads\/2025\/12\/les-merveilles-dalbertineimg-0406-2-375x500.jpeg\" class=\"attachment-gallery size-gallery\" alt=\"Les merveilles D\u2019Albertine\" data-full-url=\"https:\/\/pokaa.fr\/wp-content\/uploads\/2025\/12\/08\/les-merveilles-dalbertineimg-0406-2.jpeg\" decoding=\"async\" loading=\"lazy\"  \/>            <\/p>\n<p>                <img width=\"375\" height=\"500\" src=\"https:\/\/www.europesays.com\/fr\/wp-content\/uploads\/2025\/12\/les-merveilles-dalbertineimg-0270-2-375x500.jpeg\" class=\"attachment-gallery size-gallery\" alt=\"Les merveilles D\u2019Albertine\" data-full-url=\"https:\/\/pokaa.fr\/wp-content\/uploads\/2025\/12\/08\/les-merveilles-dalbertineimg-0270-2.jpeg\" decoding=\"async\" loading=\"lazy\"  \/>            <\/p>\n<p>                <img width=\"375\" height=\"500\" src=\"https:\/\/www.europesays.com\/fr\/wp-content\/uploads\/2025\/12\/les-merveilles-dalbertineimg-0289-2-375x500.jpeg\" class=\"attachment-gallery size-gallery\" alt=\"Les merveilles D\u2019Albertine\" data-full-url=\"https:\/\/pokaa.fr\/wp-content\/uploads\/2025\/12\/08\/les-merveilles-dalbertineimg-0289-2.jpeg\" decoding=\"async\" loading=\"lazy\"  \/>            <\/p>\n<p>                <img width=\"375\" height=\"500\" src=\"https:\/\/www.europesays.com\/fr\/wp-content\/uploads\/2025\/12\/les-merveilles-dalbertineimg-0317-375x500.jpeg\" class=\"attachment-gallery size-gallery\" alt=\"Les merveilles D\u2019Albertine\" data-full-url=\"https:\/\/pokaa.fr\/wp-content\/uploads\/2025\/12\/08\/les-merveilles-dalbertineimg-0317.jpeg\" decoding=\"async\" loading=\"lazy\"  \/>            <\/p>\n<p>                <img width=\"375\" height=\"500\" src=\"https:\/\/www.europesays.com\/fr\/wp-content\/uploads\/2025\/12\/les-merveilles-dalbertineimg-0413-2-375x500.jpeg\" class=\"attachment-gallery size-gallery\" alt=\"Les merveilles D\u2019Albertine\" data-full-url=\"https:\/\/pokaa.fr\/wp-content\/uploads\/2025\/12\/08\/les-merveilles-dalbertineimg-0413-2.jpeg\" decoding=\"async\" loading=\"lazy\"  \/>            <\/p>\n<p>                    \u00a9 Bastien Pietronave \/ Pokaa<\/p>\n<p>Le Karmen Camina (bar &amp; caf\u00e9)<\/p>\n<p>Connu pour ses soir\u00e9es, son club, ses \u00e9v\u00e9nements et son rooftop,<strong> le Karmen Camina est aussi l\u2019un des bars-caf\u00e9s strasbourgeois \u00e0 l\u2019amplitude horaire la plus large<\/strong>. Il est ouvert en continu \u00e0 partir de 8h <strong>et jusque tr\u00e8s tard dans la nuit.<\/strong><\/p>\n<p>Nombreuses sont donc les personnes qui s\u2019y installent d\u00e8s le matin ou en pleine journ\u00e9e<strong> pour faire glisser un caf\u00e9 ou une pinte dans le gosier.<\/strong> On y est au calme, bien au chaud, <strong>on y grignote et boit de bonnes choses <\/strong>et le wifi est gratos, que demander de plus !?<\/p>\n<p style=\"text-align: center;\"><strong>Karmen Camina<\/strong><br \/>4 cour des Cigari\u00e8res, \u00e0 Strasbourg<strong><br \/><\/strong><strong><a href=\"http:\/\/karmen-camina.eu\/\" target=\"_blank\" rel=\"noopener\">Le site web<\/a><\/strong><br \/><strong><a href=\"https:\/\/www.google.com\/url?sa=t&amp;source=web&amp;rct=j&amp;opi=89978449&amp;url=https:\/\/www.instagram.com\/karmen.camina\/&amp;ved=2ahUKEwjXgu7ziseRAxWmBfsDHT3jC7QQFnoECA8QAQ&amp;usg=AOvVaw10HwqMml83wKDyHV7toGOI\" target=\"_blank\" rel=\"noopener\">La page Insta<\/a><\/strong><\/p>\n<p>                <a href=\"https:\/\/pokaa.fr\/2025\/01\/12\/a-la-krutenau-le-mysterieux-karmen-camina-et-ses-600-m2-entre-esprit-club-et-bon-cafe\/\" target=\"_blank\" rel=\"noopener\"><br \/>\n                    <img width=\"450\" height=\"270\" src=\"https:\/\/www.europesays.com\/fr\/wp-content\/uploads\/2025\/12\/dsc01949-450x270.jpg\" class=\"attachment-card-horizontal--same-subject size-card-horizontal--same-subject wp-post-image\" alt=\"\" decoding=\"async\" loading=\"lazy\"\/>                <\/a><\/p>\n<p>                <img width=\"375\" height=\"500\" src=\"https:\/\/www.europesays.com\/fr\/wp-content\/uploads\/2025\/12\/img-8038-375x500.jpeg\" class=\"attachment-gallery size-gallery\" alt=\"Karmen Camina club caf\u00e9 tiers lieu sonorisation\" data-full-url=\"https:\/\/pokaa.fr\/wp-content\/uploads\/2025\/01\/07\/img-8038.jpeg\" decoding=\"async\" loading=\"lazy\"  \/>            <\/p>\n<p>                <img width=\"375\" height=\"500\" src=\"https:\/\/www.europesays.com\/fr\/wp-content\/uploads\/2025\/10\/img-8029-375x500.jpeg\" class=\"attachment-gallery size-gallery\" alt=\"Karmen Camina club caf\u00e9 tiers lieu sonorisation\" data-full-url=\"https:\/\/pokaa.fr\/wp-content\/uploads\/2025\/01\/07\/img-8029.jpeg\" decoding=\"async\" loading=\"lazy\"  \/>            <\/p>\n<p>                <img width=\"375\" height=\"500\" src=\"https:\/\/www.europesays.com\/fr\/wp-content\/uploads\/2025\/12\/img-8393-375x500.jpeg\" class=\"attachment-gallery size-gallery\" alt=\"Karmen Camina club caf\u00e9 tiers lieu sonorisation\" data-full-url=\"https:\/\/pokaa.fr\/wp-content\/uploads\/2025\/01\/07\/img-8393.jpeg\" decoding=\"async\" loading=\"lazy\"  \/>            <\/p>\n<p>                <img width=\"375\" height=\"500\" src=\"https:\/\/www.europesays.com\/fr\/wp-content\/uploads\/2025\/12\/img-8451-375x500.jpeg\" class=\"attachment-gallery size-gallery\" alt=\"Karmen Camina club caf\u00e9 tiers lieu sonorisation\" data-full-url=\"https:\/\/pokaa.fr\/wp-content\/uploads\/2025\/01\/07\/img-8451.jpeg\" decoding=\"async\" loading=\"lazy\"  \/>            <\/p>\n<p>                <img width=\"375\" height=\"500\" src=\"https:\/\/www.europesays.com\/fr\/wp-content\/uploads\/2025\/12\/img-8028-375x500.jpeg\" class=\"attachment-gallery size-gallery\" alt=\"Karmen Camina club caf\u00e9 tiers lieu sonorisation\" data-full-url=\"https:\/\/pokaa.fr\/wp-content\/uploads\/2025\/01\/07\/img-8028.jpeg\" decoding=\"async\" loading=\"lazy\"  \/>            <\/p>\n<p>                <img width=\"667\" height=\"500\" src=\"https:\/\/www.europesays.com\/fr\/wp-content\/uploads\/2025\/12\/img-8404-667x500.jpeg\" class=\"attachment-gallery size-gallery\" alt=\"Karmen Camina club caf\u00e9 tiers lieu sonorisation\" data-full-url=\"https:\/\/pokaa.fr\/wp-content\/uploads\/2025\/01\/07\/img-8404.jpeg\" decoding=\"async\" loading=\"lazy\"  \/>            <\/p>\n<p>                    \u00a9 Bastien Pietronave \/ Pokaa<\/p>\n<p>Le Cafoutche du TNS (resto, bar &amp; caf\u00e9)<\/p>\n<p>Derri\u00e8re ce petit nom, Le Cafoutche, se cache<strong> un lieu on ne peut plus central, mais pourtant peu fr\u00e9quent\u00e9 par les touristes<\/strong>. \u00c0 la fois<strong> restaurant, bar et caf\u00e9<\/strong>, il est situ\u00e9 \u00e0 quelques pas seulement de la place de la R\u00e9publique.<\/p>\n<p><strong>Il fait bon s\u2019y installer pour se r\u00e9chauffer, que ce soit en pleine journ\u00e9e<\/strong> ou jusque tard dans la nuit (jusqu\u2019\u00e0 00h30, sauf le dimanche).<\/p>\n<p style=\"text-align: center;\"><strong>Le Cafoutche<\/strong><br \/>1 avenue de la Marseillaise, \u00e0 Strasbourg<br \/><strong><a href=\"https:\/\/www.google.com\/url?sa=t&amp;source=web&amp;rct=j&amp;opi=89978449&amp;url=https:\/\/www.instagram.com\/lecafoutche_tns\/%3Fhl%3Dfr&amp;ved=2ahUKEwjGya-LjMeRAxWdVKQEHW-2CGgQFnoECEQQAQ&amp;usg=AOvVaw3Wo_U3drz4hG8LbpZHygj8\" target=\"_blank\" rel=\"noopener\">La page Insta<\/a><\/strong><\/p>\n<p>                <img width=\"333\" height=\"500\" src=\"https:\/\/www.europesays.com\/fr\/wp-content\/uploads\/2025\/12\/pop-up-cafoutche-stamtish-julia-wencker-45-333x500.jpg\" class=\"attachment-gallery size-gallery\" alt=\"Pop Up Cafoutche Stamtish Julia Wencker (45)\" data-full-url=\"https:\/\/pokaa.fr\/wp-content\/uploads\/2024\/02\/20\/pop-up-cafoutche-stamtish-julia-wencker-45.jpg\" decoding=\"async\" loading=\"lazy\"  \/>            <\/p>\n<p>                <img width=\"333\" height=\"500\" src=\"https:\/\/www.europesays.com\/fr\/wp-content\/uploads\/2025\/12\/pop-up-cafoutche-stamtish-julia-wencker-32-333x500.jpg\" class=\"attachment-gallery size-gallery\" alt=\"Pop Up Cafoutche Stamtish Julia Wencker (32)\" data-full-url=\"https:\/\/pokaa.fr\/wp-content\/uploads\/2024\/02\/20\/pop-up-cafoutche-stamtish-julia-wencker-32.jpg\" decoding=\"async\" loading=\"lazy\"  \/>            <\/p>\n<p>                <img width=\"750\" height=\"500\" src=\"https:\/\/www.europesays.com\/fr\/wp-content\/uploads\/2025\/12\/pop-up-cafoutche-stamtish-julia-wencker-42-750x500.jpg\" class=\"attachment-gallery size-gallery\" alt=\"Pop Up Cafoutche Stamtish Julia Wencker (42)\" data-full-url=\"https:\/\/pokaa.fr\/wp-content\/uploads\/2024\/02\/20\/pop-up-cafoutche-stamtish-julia-wencker-42-1500x1000.jpg\" decoding=\"async\" loading=\"lazy\"  \/>            <\/p>\n<p>                <img width=\"750\" height=\"500\" src=\"https:\/\/www.europesays.com\/fr\/wp-content\/uploads\/2025\/12\/pop-up-cafoutche-stamtish-julia-wencker-3-750x500.jpg\" class=\"attachment-gallery size-gallery\" alt=\"Pop Up Cafoutche Stamtish Julia Wencker (3)\" data-full-url=\"https:\/\/pokaa.fr\/wp-content\/uploads\/2024\/02\/20\/pop-up-cafoutche-stamtish-julia-wencker-3-1500x1000.jpg\" decoding=\"async\" loading=\"lazy\"  \/>            <\/p>\n<p>                <img width=\"667\" height=\"500\" src=\"https:\/\/www.europesays.com\/fr\/wp-content\/uploads\/2025\/12\/le-cafoutche-667x500.jpg\" class=\"attachment-gallery size-gallery\" alt=\"Le cafoutche\" data-full-url=\"https:\/\/pokaa.fr\/wp-content\/uploads\/2023\/12\/07\/le-cafoutche.jpg\" decoding=\"async\" loading=\"lazy\"  \/>            <\/p>\n<p>                    1. \u00e0 4. \u00a9 Julia Wencker \/ Pokaa ; 5. \u00a9 Le Cafoutche \/ Document remis <\/p>\n<p>La Taverne Fran\u00e7aise (bar &amp; caf\u00e9)<\/p>\n<p>La Taverne Fran\u00e7aise, c\u2019est <strong>un lieu dans son jus comme on en fait presque plus \u00e0 Strasbourg<\/strong>. Marqu\u00e9 par des dizaines d\u2019ann\u00e9es de lev\u00e9s de coudes, c\u2019est<strong> un lieu \u00e0 l\u2019histoire charg\u00e9e qui refl\u00e8te une certaine id\u00e9e de la ville.<\/strong><\/p>\n<p>Les artistes, comme les \u00e9tudiant(e)s, y c\u00f4toient les curieux\/ses et les gens de passage<strong> dans un joyeux m\u00e9lange qui fait plaisir \u00e0 voir<\/strong>. L\u00e0 aussi, c\u2019est <strong>un repaire parfait pour celles et ceux qui souhaitent \u00e9viter la foule<\/strong> et boire un verre dans la chaleur d\u2019un bistrot populaire et foisonnant de vie.<\/p>\n<p style=\"text-align: center;\"><strong>La Taverne Fran\u00e7aise<br \/><\/strong>12 avenue de la Marseillaise, \u00e0 Strasbourg<br \/><a href=\"https:\/\/www.google.com\/url?sa=t&amp;source=web&amp;rct=j&amp;opi=89978449&amp;url=https:\/\/www.instagram.com\/la_taverne_francaise\/%3Fhl%3Dfr&amp;ved=2ahUKEwj95KHkjMeRAxWDKvsDHe0wDFEQFnoECEMQAQ&amp;usg=AOvVaw1fHGrHhMVinxgWDBN8S9Ae\" target=\"_blank\" rel=\"noopener\"><strong>La page Instagram<\/strong><\/a><\/p>\n<p>    <img width=\"800\" height=\"600\" src=\"https:\/\/www.europesays.com\/fr\/wp-content\/uploads\/2025\/04\/tavernefrancaise-travaillercafe-strasbourg.jpg\" class=\"attachment-image-size-L size-image-size-L\" alt=\"tavernefrancaise-travaillercafe-strasbourg\" decoding=\"async\" loading=\"lazy\"  \/>         \u00a9 Aur\u00e9lien Bouron \/ Pokaa <\/p>\n<p style=\"text-align: center;\"><strong>Et vous, quels sont vos spots pr\u00e9r\u00e9r\u00e9s pour \u00e9viter la foule ?\u00a0<\/strong><\/p>\n<p><script async src=\"\/\/www.instagram.com\/embed.js\"><\/script><\/p>\n","protected":false},"excerpt":{"rendered":"Accueil \/ Bonnes adresses \/ Strasbourg : 5 bars et caf\u00e9s de qualit\u00e9 pour fuir les touristes pendant&hellip;\n","protected":false},"author":2,"featured_media":610433,"comment_status":"","ping_status":"","sticky":false,"template":"","format":"standard","meta":{"footnotes":""},"categories":[2820],"tags":[1111,11,7168,20991,1777,674,1011,27,775,36053,12,25,640],"class_list":{"0":"post-610432","1":"post","2":"type-post","3":"status-publish","4":"format-standard","5":"has-post-thumbnail","7":"category-strasbourg","8":"tag-actu","9":"tag-actualites","10":"tag-bars","11":"tag-cafes","12":"tag-eu","13":"tag-europe","14":"tag-fr","15":"tag-france","16":"tag-grand-est","17":"tag-marche-de-noel","18":"tag-news","19":"tag-republique-francaise","20":"tag-strasbourg"},"share_on_mastodon":{"url":"https:\/\/pubeurope.com\/@fr\/115748609762383787","error":""},"_links":{"self":[{"href":"https:\/\/www.europesays.com\/fr\/wp-json\/wp\/v2\/posts\/610432","targetHints":{"allow":["GET"]}}],"collection":[{"href":"https:\/\/www.europesays.com\/fr\/wp-json\/wp\/v2\/posts"}],"about":[{"href":"https:\/\/www.europesays.com\/fr\/wp-json\/wp\/v2\/types\/post"}],"author":[{"embeddable":true,"href":"https:\/\/www.europesays.com\/fr\/wp-json\/wp\/v2\/users\/2"}],"replies":[{"embeddable":true,"href":"https:\/\/www.europesays.com\/fr\/wp-json\/wp\/v2\/comments?post=610432"}],"version-history":[{"count":0,"href":"https:\/\/www.europesays.com\/fr\/wp-json\/wp\/v2\/posts\/610432\/revisions"}],"wp:featuredmedia":[{"embeddable":true,"href":"https:\/\/www.europesays.com\/fr\/wp-json\/wp\/v2\/media\/610433"}],"wp:attachment":[{"href":"https:\/\/www.europesays.com\/fr\/wp-json\/wp\/v2\/media?parent=610432"}],"wp:term":[{"taxonomy":"category","embeddable":true,"href":"https:\/\/www.europesays.com\/fr\/wp-json\/wp\/v2\/categories?post=610432"},{"taxonomy":"post_tag","embeddable":true,"href":"https:\/\/www.europesays.com\/fr\/wp-json\/wp\/v2\/tags?post=610432"}],"curies":[{"name":"wp","href":"https:\/\/api.w.org\/{rel}","templated":true}]}}