{"id":610434,"date":"2025-12-19T22:32:13","date_gmt":"2025-12-19T22:32:13","guid":{"rendered":"https:\/\/www.europesays.com\/fr\/610434\/"},"modified":"2025-12-19T22:32:13","modified_gmt":"2025-12-19T22:32:13","slug":"a-17-ans-elle-remporte-deux-prix-au-6e-concours-de-chant-a-hautes-voix-a-saint-jean-cap-ferrat","status":"publish","type":"post","link":"https:\/\/www.europesays.com\/fr\/610434\/","title":{"rendered":"\u00c0 17 ans, elle remporte deux prix au 6e concours de chant \u00ab\u00a0\u00e0 hautes voix\u00a0\u00bb \u00e0 Saint-Jean-Cap-Ferrat"},"content":{"rendered":"<p class=\"fs-5 \">Pour la premi\u00e8re fois depuis que le <strong>concours de chant \u00ab\u00a0\u00e0 hautes voix\u00a0\u00bb<\/strong> existe, Eva Hoarau, 17 ans, a r\u00e9ussi \u00e0 cumuler deux r\u00e9compenses\u00a0: le grand prix \u00ab\u00a0\u00e0 Hautes voix\u00a0\u00bb ainsi que le prix du public, gr\u00e2ce \u00e0 son interpr\u00e9tation magistrale de la chanson Oscar winning tears de la chanteuse britannique Raye.<\/p>\n<p class=\"fs-5 \">C\u2019est \u00e0 la salle Charlie Chaplin de <strong>Saint-Jean-Cap-Ferrat<\/strong> que s\u2019est tenue la finale de la 6e \u00e9dition du concours de chant destin\u00e9 \u00e0 d\u00e9nicher de nouveaux talents locaux.<\/p>\n<p class=\"fs-5 \">Organis\u00e9 par la soprano et professeur de chant au conservatoire de <strong>Beaulieu-sur-Mer<\/strong> Christina Collier et Carolyne Shallow, sous l\u2019\u00e9gide des six communes du Sivom (1) et du conseil d\u00e9partemental.<\/p>\n<p class=\"fs-5 \">Il comprenait cette ann\u00e9e 18 finalistes dont 14 filles et 4 gar\u00e7ons (2).<\/p>\n<p>                                                                                2 000 euros remport\u00e9s<\/p>\n<p class=\"fs-5 \">\u00ab\u00a0Je suis des cours priv\u00e9s de chant depuis l\u2019\u00e2ge de sept ans et j\u2019adore cette discipline\u00a0\u00bb, explique Eva qui est lyc\u00e9enne au Parc Imp\u00e9rial de Nice.<\/p>\n<p class=\"fs-5 \">Pourtant, lorsqu\u2019on lui demande vers quelle carri\u00e8re elle se destine, l\u2019adolescente qui se pr\u00e9pare \u00e0 des \u00e9tudes de sciences \u00e9conomiques et sociales r\u00e9pond\u00a0: \u00ab\u00a0J\u2019aimerais devenir cr\u00e9atrice de mode et continuer \u00e0 pratiquer le chant parall\u00e8lement. <\/p>\n<p class=\"fs-5 \">Mon r\u00eave serait de cr\u00e9er mon entreprise ainsi que ma propre marque de v\u00eatements, puis d\u2019organiser un d\u00e9fil\u00e9 de mode au cours duquel je chanterais devant le public\u00a0\u00bb.<\/p>\n<p class=\"fs-5 \">Le prix de 1 500 euros, plus les 500 euros remport\u00e9s, l\u2019aideront \u00e0 pers\u00e9v\u00e9rer dans cette voie.<\/p>\n<p class=\"fs-5 \">1. Syndicat intercommunal \u00e0 vocation multiple.<\/p>\n<p class=\"fs-5 \">2. Titouan Tirintino l\u2019a emport\u00e9 dans la cat\u00e9gorie des 8 \u00e0 15 ans alors qu\u2019El\u00e9a Gr\u00e9ani est arriv\u00e9e en t\u00eate du classement des 16 \u00e0 22 ans, ce qui leur a permis de recevoir chacun un ch\u00e8que de 1 000 euros.<\/p>\n","protected":false},"excerpt":{"rendered":"Pour la premi\u00e8re fois depuis que le concours de chant \u00ab\u00a0\u00e0 hautes voix\u00a0\u00bb existe, Eva Hoarau, 17 ans,&hellip;\n","protected":false},"author":2,"featured_media":610435,"comment_status":"","ping_status":"","sticky":false,"template":"","format":"standard","meta":{"footnotes":""},"categories":[2819],"tags":[1111,11,1777,674,1011,27,12,2401,882,25],"class_list":{"0":"post-610434","1":"post","2":"type-post","3":"status-publish","4":"format-standard","5":"has-post-thumbnail","7":"category-nice","8":"tag-actu","9":"tag-actualites","10":"tag-eu","11":"tag-europe","12":"tag-fr","13":"tag-france","14":"tag-news","15":"tag-nice","16":"tag-provence-alpes-cote-dazur","17":"tag-republique-francaise"},"share_on_mastodon":{"url":"https:\/\/pubeurope.com\/@fr\/115748611275745208","error":""},"_links":{"self":[{"href":"https:\/\/www.europesays.com\/fr\/wp-json\/wp\/v2\/posts\/610434","targetHints":{"allow":["GET"]}}],"collection":[{"href":"https:\/\/www.europesays.com\/fr\/wp-json\/wp\/v2\/posts"}],"about":[{"href":"https:\/\/www.europesays.com\/fr\/wp-json\/wp\/v2\/types\/post"}],"author":[{"embeddable":true,"href":"https:\/\/www.europesays.com\/fr\/wp-json\/wp\/v2\/users\/2"}],"replies":[{"embeddable":true,"href":"https:\/\/www.europesays.com\/fr\/wp-json\/wp\/v2\/comments?post=610434"}],"version-history":[{"count":0,"href":"https:\/\/www.europesays.com\/fr\/wp-json\/wp\/v2\/posts\/610434\/revisions"}],"wp:featuredmedia":[{"embeddable":true,"href":"https:\/\/www.europesays.com\/fr\/wp-json\/wp\/v2\/media\/610435"}],"wp:attachment":[{"href":"https:\/\/www.europesays.com\/fr\/wp-json\/wp\/v2\/media?parent=610434"}],"wp:term":[{"taxonomy":"category","embeddable":true,"href":"https:\/\/www.europesays.com\/fr\/wp-json\/wp\/v2\/categories?post=610434"},{"taxonomy":"post_tag","embeddable":true,"href":"https:\/\/www.europesays.com\/fr\/wp-json\/wp\/v2\/tags?post=610434"}],"curies":[{"name":"wp","href":"https:\/\/api.w.org\/{rel}","templated":true}]}}