{"id":610436,"date":"2025-12-19T22:33:16","date_gmt":"2025-12-19T22:33:16","guid":{"rendered":"https:\/\/www.europesays.com\/fr\/610436\/"},"modified":"2025-12-19T22:33:16","modified_gmt":"2025-12-19T22:33:16","slug":"apres-le-remplacement-de-bocquet-par-rivere-a-la-tete-de-logc-nice-tout-change-mais-rien-ne-change","status":"publish","type":"post","link":"https:\/\/www.europesays.com\/fr\/610436\/","title":{"rendered":"Apr\u00e8s le remplacement de Bocquet par Riv\u00e8re \u00e0 la t\u00eate de l&rsquo;OGC Nice, tout change mais rien ne change\u00a0?"},"content":{"rendered":"\n<p>Apr\u00e8s le remplacement de Bocquet par Riv\u00e8re \u00e0 la t\u00eate de l&rsquo;OGC Nice, tout change mais rien ne change\u00a0?<\/p>\n<p>Le PDG de l&rsquo;OGC Nice, Fabrice Bocquet, a \u00e9t\u00e9 remplac\u00e9 vendredi par son pr\u00e9d\u00e9cesseur Jean-Pierre Riv\u00e8re, assist\u00e9 par un autre ancien pr\u00e9sident, Maurice Cohen. Mais pas s\u00fbr que ces derniers aient des moyens pour renforcer l&rsquo;\u00e9quipe, qui sera toujours dirig\u00e9e par Franck Haise.<\/p>\n","protected":false},"excerpt":{"rendered":"Apr\u00e8s le remplacement de Bocquet par Riv\u00e8re \u00e0 la t\u00eate de l&rsquo;OGC Nice, tout change mais rien ne&hellip;\n","protected":false},"author":2,"featured_media":610437,"comment_status":"","ping_status":"","sticky":false,"template":"","format":"standard","meta":{"footnotes":""},"categories":[2819],"tags":[1111,11,1777,674,1011,27,12,2401,882,25],"class_list":{"0":"post-610436","1":"post","2":"type-post","3":"status-publish","4":"format-standard","5":"has-post-thumbnail","7":"category-nice","8":"tag-actu","9":"tag-actualites","10":"tag-eu","11":"tag-europe","12":"tag-fr","13":"tag-france","14":"tag-news","15":"tag-nice","16":"tag-provence-alpes-cote-dazur","17":"tag-republique-francaise"},"share_on_mastodon":{"url":"https:\/\/pubeurope.com\/@fr\/115748615281294016","error":""},"_links":{"self":[{"href":"https:\/\/www.europesays.com\/fr\/wp-json\/wp\/v2\/posts\/610436","targetHints":{"allow":["GET"]}}],"collection":[{"href":"https:\/\/www.europesays.com\/fr\/wp-json\/wp\/v2\/posts"}],"about":[{"href":"https:\/\/www.europesays.com\/fr\/wp-json\/wp\/v2\/types\/post"}],"author":[{"embeddable":true,"href":"https:\/\/www.europesays.com\/fr\/wp-json\/wp\/v2\/users\/2"}],"replies":[{"embeddable":true,"href":"https:\/\/www.europesays.com\/fr\/wp-json\/wp\/v2\/comments?post=610436"}],"version-history":[{"count":0,"href":"https:\/\/www.europesays.com\/fr\/wp-json\/wp\/v2\/posts\/610436\/revisions"}],"wp:featuredmedia":[{"embeddable":true,"href":"https:\/\/www.europesays.com\/fr\/wp-json\/wp\/v2\/media\/610437"}],"wp:attachment":[{"href":"https:\/\/www.europesays.com\/fr\/wp-json\/wp\/v2\/media?parent=610436"}],"wp:term":[{"taxonomy":"category","embeddable":true,"href":"https:\/\/www.europesays.com\/fr\/wp-json\/wp\/v2\/categories?post=610436"},{"taxonomy":"post_tag","embeddable":true,"href":"https:\/\/www.europesays.com\/fr\/wp-json\/wp\/v2\/tags?post=610436"}],"curies":[{"name":"wp","href":"https:\/\/api.w.org\/{rel}","templated":true}]}}