{"id":610452,"date":"2025-12-19T22:41:37","date_gmt":"2025-12-19T22:41:37","guid":{"rendered":"https:\/\/www.europesays.com\/fr\/610452\/"},"modified":"2025-12-19T22:41:37","modified_gmt":"2025-12-19T22:41:37","slug":"mathieu-bablet-en-rencontre-et-dedicace-a-la-fnac-lille-sur-inscription","status":"publish","type":"post","link":"https:\/\/www.europesays.com\/fr\/610452\/","title":{"rendered":"Mathieu Bablet en rencontre et d\u00e9dicace \u00e0 la Fnac Lille !* Sur inscription"},"content":{"rendered":"<p>La Fnac Lille est tr\u00e8s heureuse de recevoir l\u2019auteur et illustrateur Mathieu Bablet, finaliste du prix BD Fnac France Inter 2026, \u00e0 l\u2019occasion d\u2019une rencontre autour de son nouvel album \u00ab\u00a0Silent Jenny\u00a0\u00bb, paru aux \u00e9ditions Rue de S\u00e8vres. L\u2019\u00e9v\u00e9nement se prolongera par une s\u00e9ance de d\u00e9dicaces.<\/p>\n<p style=\"text-align: left;\"><strong>Mathieu Bablet \u00e0 la Fnac Lille :<\/strong><\/p>\n<p>\u25ba Rencontre en acc\u00e8s libre<\/p>\n<p>\u25ba D\u00e9dicaces sur inscriptions :\u00a0<strong><a href=\"https:\/\/animation.fnac.com\/zn\/a3au35df8\" target=\"_blank\" rel=\"noopener\">Je m\u2019inscris ici<\/a><\/strong><\/p>\n<p><strong>*Informations :<\/strong>\u00a0Acc\u00e8s dans la limite des places disponibles et du temps imparti<\/p>\n<p>\u00a0<\/p>\n<p><a href=\"https:\/\/leclaireur.fnac.com\/selection\/cp64762-prix-de-la-bd-fnac-france-inter-2026-les-finalistes\/\" target=\"_blank\" rel=\"noopener\">Finaliste du Prix BD Fnac France Inter 2026<\/a><br \/>\nR\u00c9SUM\u00c9<\/p>\n<p><a href=\"https:\/\/www.fnac.com\/a21526219\/Mathieu-Bablet-Silent-Jenny\" target=\"_blank\" rel=\"noopener\"><img decoding=\"async\" class=\"floatl\" style=\"width: 145px; height: 193px; padding-right: 10px;\" src=\"https:\/\/www.europesays.com\/fr\/wp-content\/uploads\/2025\/12\/2539049.jpg\" alt=\"Silent-Jenny Bablet\"\/><\/a>Dans un futur lointain, les insectes pollinisateurs ont disparu \u00e0 la suite de grands bouleversements climatiques, poussant les humains \u00e0 arpenter des paysages st\u00e9riles \u00e0 bord de \u00ab\u00a0monades\u00a0\u00bb ; des vaisseaux-villages motoris\u00e9s. C\u2019est dans l\u2019une d\u2019elle que vit Jenny, d\u00e9termin\u00e9e \u00e0 r\u00e9cup\u00e9rer les derni\u00e8res traces ADN d\u2019abeilles dans l\u2019espoir de retrouver le monde d\u2019avant\u2026<\/p>\n<p>Mathieu Bablet est n\u00e9 en 1987. Fra\u00eechement dipl\u00f4m\u00e9 de l\u2019ENAAI de Chamb\u00e9ry, il envoie le dossier de pr\u00e9sentation de sa premi\u00e8re bande dessin\u00e9e \u00e0 Ankama \u00c9ditions.\u00a0La Belle Mort, son projet, est imm\u00e9diatement rep\u00e9r\u00e9 par Run, qui lui propose de le publier au Label 619. De cette collaboration naissent plusieurs ouvrages \u00e0 succ\u00e8s dont\u00a0Shangri-La\u00a0et l\u2019acclam\u00e9 Carbone &amp; Silicium.\u00a0Aujourd\u2019hui membre \u00e0 part enti\u00e8re du Label 619, son premier livre chez Rue de S\u00e8vres est\u00a0Midnight Order, ouvrage collectif pour lequel il signe le sc\u00e9nario et dirige un ensemble de 8 artistes.<\/p>\n<p><strong>\u25ba Actualit\u00e9 :\u00a0<\/strong><strong>jusqu\u2019au 31 janvier 2026 \u2013\u00a0<\/strong><strong>Exposition\u00a0<\/strong><strong>Mathieu Bablet \u00e0 la galerie d\u2019exposition de la Fnac Lyon Bellecour\u00a0<\/strong><\/p>\n<p>Plongez dans l\u2019univers fascinant de Silent Jenny, la nouvelle bande dessin\u00e9e de Mathieu Bablet, \u00e0 travers une exposition exceptionnelle. D\u00e9couvrez des planches de l\u2019album et des illustrations in\u00e9dites, t\u00e9moignant d\u2019un futur o\u00f9 la disparition des insectes bouleverse l\u2019humanit\u00e9. Un rendez-vous \u00e0 ne pas manquer pour explorer la vision po\u00e9tique et engag\u00e9e d\u2019un auteur majeur de la BD contemporaine<\/p>\n<p><a href=\"https:\/\/www.babelio.com\/\" target=\"_blank\" rel=\"noopener\"><img decoding=\"async\" class=\"center bloc\" style=\"width: 145px; height: 44px; padding-right: 10px; padding-left: 10px;\" src=\"https:\/\/www.europesays.com\/fr\/wp-content\/uploads\/2025\/12\/2504035.gif\" alt=\"330px-Logo_Babelio\"\/><\/a><\/p>\n<p style=\"text-align: center;\">En partenariat avec Babelio\u00a0<\/p>\n<p style=\"text-align: center;\">Retrouvez tout l\u2019agenda de vos \u00e9v\u00e9nements culturels en magasins sur\u00a0<strong><a href=\"https:\/\/leclaireur.fnac.com\/agenda\/\" target=\"_blank\" rel=\"noopener\">l\u2019\u00c9claireur Fnac<\/a>\u00a0<\/strong><\/p>\n<p style=\"text-align: center;\"><strong>*\u00c9v\u00e9nement gratuit<\/strong><\/p>\n<p>        <img decoding=\"async\" src=\"https:\/\/www.europesays.com\/fr\/wp-content\/uploads\/2025\/04\/logo-rse.png\" alt=\"Logo RSE\" loading=\"lazy\" width=\"84\" height=\"116\"\/><\/p>\n<p>\n        La Fnac s\u2019engage activement dans les initiatives de responsabilit\u00e9 soci\u00e9tale des entreprises (RSE).\n    <\/p>\n<p>\n        Aidez-nous en choisissant la mobilit\u00e9 douce en privil\u00e9giant par exemple le v\u00e9lo (pistes cyclables et stationnements \u00e0 disposition), les transports en commun ou le covoiturage pour nous rejoindre. Ainsi, vous contribuez \u00e0 r\u00e9duire les \u00e9missions de gaz \u00e0 effet de serre et \u00e0 am\u00e9liorer notre qualit\u00e9 de l\u2019air. Pour plus d\u2019information, consultez la fiche du magasin.<br \/>Tous nos \u00e9v\u00e8nements sont en acc\u00e8s gratuit, dans la limite des places disponibles.\n    <\/p>\n","protected":false},"excerpt":{"rendered":"La Fnac Lille est tr\u00e8s heureuse de recevoir l\u2019auteur et illustrateur Mathieu Bablet, finaliste du prix BD Fnac&hellip;\n","protected":false},"author":2,"featured_media":610453,"comment_status":"","ping_status":"","sticky":false,"template":"","format":"standard","meta":{"footnotes":""},"categories":[2815],"tags":[1111,72142,58448,11,13153,21073,1777,674,45915,9391,45487,72143,72144,1011,27,811,1307,12,25],"class_list":{"0":"post-610452","1":"post","2":"type-post","3":"status-publish","4":"format-standard","5":"has-post-thumbnail","7":"category-lille","8":"tag-actu","9":"tag-actu-bd","10":"tag-actualite-bd","11":"tag-actualites","12":"tag-bande-dessinee","13":"tag-dedicace","14":"tag-eu","15":"tag-europe","16":"tag-evenement-fnac","17":"tag-evenement-fnac-gratuit","18":"tag-evenement-gratuit","19":"tag-finaliste-prix-bd","20":"tag-finaliste-prix-bd-fnac-france-inter-2026","21":"tag-fr","22":"tag-france","23":"tag-hauts-de-france","24":"tag-lille","25":"tag-news","26":"tag-republique-francaise"},"share_on_mastodon":{"url":"https:\/\/pubeurope.com\/@fr\/115748647687267345","error":""},"_links":{"self":[{"href":"https:\/\/www.europesays.com\/fr\/wp-json\/wp\/v2\/posts\/610452","targetHints":{"allow":["GET"]}}],"collection":[{"href":"https:\/\/www.europesays.com\/fr\/wp-json\/wp\/v2\/posts"}],"about":[{"href":"https:\/\/www.europesays.com\/fr\/wp-json\/wp\/v2\/types\/post"}],"author":[{"embeddable":true,"href":"https:\/\/www.europesays.com\/fr\/wp-json\/wp\/v2\/users\/2"}],"replies":[{"embeddable":true,"href":"https:\/\/www.europesays.com\/fr\/wp-json\/wp\/v2\/comments?post=610452"}],"version-history":[{"count":0,"href":"https:\/\/www.europesays.com\/fr\/wp-json\/wp\/v2\/posts\/610452\/revisions"}],"wp:featuredmedia":[{"embeddable":true,"href":"https:\/\/www.europesays.com\/fr\/wp-json\/wp\/v2\/media\/610453"}],"wp:attachment":[{"href":"https:\/\/www.europesays.com\/fr\/wp-json\/wp\/v2\/media?parent=610452"}],"wp:term":[{"taxonomy":"category","embeddable":true,"href":"https:\/\/www.europesays.com\/fr\/wp-json\/wp\/v2\/categories?post=610452"},{"taxonomy":"post_tag","embeddable":true,"href":"https:\/\/www.europesays.com\/fr\/wp-json\/wp\/v2\/tags?post=610452"}],"curies":[{"name":"wp","href":"https:\/\/api.w.org\/{rel}","templated":true}]}}