{"id":610458,"date":"2025-12-19T22:44:14","date_gmt":"2025-12-19T22:44:14","guid":{"rendered":"https:\/\/www.europesays.com\/fr\/610458\/"},"modified":"2025-12-19T22:44:14","modified_gmt":"2025-12-19T22:44:14","slug":"rhone-que-faire-ce-week-end-nos-bons-plans-dans-lest-lyonnais-7","status":"publish","type":"post","link":"https:\/\/www.europesays.com\/fr\/610458\/","title":{"rendered":"Rh\u00f4ne. Que faire ce week-end\u00a0? Nos bons plans dans l\u2019Est Lyonnais"},"content":{"rendered":"<p>                            Bron \u2013 Jam concert \u00e0 la MJC Louis Aragon<\/p>\n<p>Ce samedi d\u00e8s 19\u00a0h, la MJC de Bron invite le public \u00e0 un Jam concert plac\u00e9 sous le signe du swing et de l\u2019improvisation. Musiciens et musiciennes, confirm\u00e9\u00b7e\u00b7s comme d\u00e9butant\u00b7e\u00b7s, se retrouvent sur sc\u00e8ne pour partager un moment convivial\u00a0: un concert pour ouvrir la soir\u00e9e, suivi d\u2019une jam o\u00f9 chacun peut tenter sa chance, accompagner ou se lancer dans l\u2019impro. Une soir\u00e9e ouverte, vivante et g\u00e9n\u00e9reuse, fid\u00e8le \u00e0 l\u2019esprit des jams.<\/p>\n<p>Vaulx-en-Velin \u2013 Grande soir\u00e9e Rumba glamour<\/p>\n<p>Touj&#8230;<\/p>\n","protected":false},"excerpt":{"rendered":"Bron \u2013 Jam concert \u00e0 la MJC Louis Aragon Ce samedi d\u00e8s 19\u00a0h, la MJC de Bron invite&hellip;\n","protected":false},"author":2,"featured_media":610459,"comment_status":"","ping_status":"","sticky":false,"template":"","format":"standard","meta":{"footnotes":""},"categories":[1889],"tags":[1111,11,2430,9492,12890,1687,3152,1777,674,1011,27,2428,12,25],"class_list":{"0":"post-610458","1":"post","2":"type-post","3":"status-publish","4":"format-standard","5":"has-post-thumbnail","7":"category-lyon","8":"tag-actu","9":"tag-actualites","10":"tag-auvergne-rhone-alpes","11":"tag-bron","12":"tag-bron-ville","13":"tag-culture-loisirs","14":"tag-edition-est-lyonnais","15":"tag-eu","16":"tag-europe","17":"tag-fr","18":"tag-france","19":"tag-lyon","20":"tag-news","21":"tag-republique-francaise"},"share_on_mastodon":{"url":"https:\/\/pubeurope.com\/@fr\/115748658683596131","error":""},"_links":{"self":[{"href":"https:\/\/www.europesays.com\/fr\/wp-json\/wp\/v2\/posts\/610458","targetHints":{"allow":["GET"]}}],"collection":[{"href":"https:\/\/www.europesays.com\/fr\/wp-json\/wp\/v2\/posts"}],"about":[{"href":"https:\/\/www.europesays.com\/fr\/wp-json\/wp\/v2\/types\/post"}],"author":[{"embeddable":true,"href":"https:\/\/www.europesays.com\/fr\/wp-json\/wp\/v2\/users\/2"}],"replies":[{"embeddable":true,"href":"https:\/\/www.europesays.com\/fr\/wp-json\/wp\/v2\/comments?post=610458"}],"version-history":[{"count":0,"href":"https:\/\/www.europesays.com\/fr\/wp-json\/wp\/v2\/posts\/610458\/revisions"}],"wp:featuredmedia":[{"embeddable":true,"href":"https:\/\/www.europesays.com\/fr\/wp-json\/wp\/v2\/media\/610459"}],"wp:attachment":[{"href":"https:\/\/www.europesays.com\/fr\/wp-json\/wp\/v2\/media?parent=610458"}],"wp:term":[{"taxonomy":"category","embeddable":true,"href":"https:\/\/www.europesays.com\/fr\/wp-json\/wp\/v2\/categories?post=610458"},{"taxonomy":"post_tag","embeddable":true,"href":"https:\/\/www.europesays.com\/fr\/wp-json\/wp\/v2\/tags?post=610458"}],"curies":[{"name":"wp","href":"https:\/\/api.w.org\/{rel}","templated":true}]}}