{"id":61046,"date":"2025-04-29T05:37:09","date_gmt":"2025-04-29T05:37:09","guid":{"rendered":"https:\/\/www.europesays.com\/fr\/61046\/"},"modified":"2025-04-29T05:37:09","modified_gmt":"2025-04-29T05:37:09","slug":"en-allemagne-le-nouveau-gouvernement-prepare-de-massives-coupes-sociales","status":"publish","type":"post","link":"https:\/\/www.europesays.com\/fr\/61046\/","title":{"rendered":"En Allemagne, le nouveau gouvernement pr\u00e9pare de massives coupes sociales"},"content":{"rendered":"<p>Selon les plans de l&rsquo;Union chr\u00e9tienne-d\u00e9mocrate (CDU), de l&rsquo;Union chr\u00e9tienne-sociale (CSU) et du Parti social-d\u00e9mocrate (SPD), le chef de file de la CDU, Friedrich Merz, sera \u00e9lu chancelier allemand le 6 mai. Cet arrangement est conditionn\u00e9 \u00e0 la tenue d&rsquo;un congr\u00e8s de la CDU et \u00e0 un vote des membres du SPD pour approuver le document de politique de la coalition. Le congr\u00e8s de la CDU l\u2019a approuv\u00e9 hier. La CSU l&rsquo;avait fait le 10 avril. Le r\u00e9sultat du vote des membres du SPD sera annonc\u00e9 le 30 avril.<\/p>\n<p><img decoding=\"async\" class=\"db relative center\" loading=\"lazy\" src=\"https:\/\/www.europesays.com\/fr\/wp-content\/uploads\/2025\/04\/e563e9ae-e7cf-4f0d-8c76-fb94da12062e\" style=\"max-height:100%\"\/>Le nouveau chancelier allemand Friedrich Merz [Photo by DBT \/ Tobias Koch]<\/p>\n<p>Alors que les pr\u00e9paratifs pour la formation d&rsquo;un gouvernement se d\u00e9roulent comme pr\u00e9vu, les tensions politiques sont d\u00e9j\u00e0 intenses. Les associations patronales et les journaux \u00e9conomiques accusent notamment le futur gouvernement de reculer devant les coupes dans les retraites, la sant\u00e9 et les autres d\u00e9penses sociales, voire d\u2019augmenter celles-ci.<\/p>\n<p>Sous le titre \u00ab\u00a0L&rsquo;avenir report\u00e9\u00a0\u00bb, le quotidien conservateur FAZ d\u00e9plore qu\u2019on ne \u00abdistingue pas grand chose\u00a0\u00bb dans l&rsquo;accord de coalition \u00ab\u00a0en fait de v\u00e9ritable renouveau\u00a0\u00bb. Les termes \u00ab\u00a0cotisations sociales\u00a0\u00bb, \u00ab\u00a0d\u00e9ductions de s\u00e9curit\u00e9 sociale\u00a0\u00bb, \u00ab\u00a0co\u00fbts salariaux\u00a0\u00bb et \u00ab\u00a0co\u00fbts du travail\u00a0\u00bb n&rsquo;y figuraient pas, et de nombreuses questions avaient \u00e9t\u00e9 report\u00e9es ou confi\u00e9es \u00e0 15 commissions encore \u00e0 constituer, se plaint le journal.<\/p>\n<p>La Conf\u00e9d\u00e9ration des associations patronales allemandes (BDA) a calcul\u00e9 que l&rsquo;engagement pris dans l&rsquo;accord de coalition de maintenir le niveau des retraites \u00e0 48 pour cent et d&rsquo;am\u00e9liorer les prestations de maternit\u00e9 d&rsquo;ici 2031 co\u00fbterait environ 50 milliards d&rsquo;euros. \u00ab\u00a0Malheureusement, l&rsquo;accord de coalition ne pr\u00e9voit aucun effort pour limiter l\u2019augmentation des d\u00e9penses du syst\u00e8me d&rsquo;assurance retraite\u00bb, a critiqu\u00e9 le directeur g\u00e9n\u00e9ral de la BDA, Steffen Kampeter.<\/p>\n<p>Des critiques similaires foisonnent, y compris au sein des futurs partis au pouvoir.<\/p>\n<p>L&rsquo;accord de coalition se concentre principalement sur trois objectifs\u00a0: une augmentation massive des d\u00e9penses militaires, l&rsquo;adoption de la politique fasciste de l&rsquo;Alternative pour l&rsquo;Allemagne ( AfD ) en mati\u00e8re de r\u00e9fugi\u00e9s et l&rsquo;instauration d&rsquo;un \u00c9tat policier pour r\u00e9primer toute opposition. La CDU\/CSU et le SPD sont tous deux d&rsquo;accord sur ces points. En revanche, sur la question des coupes sociales, ils se montrent manifestement r\u00e9ticents. Ils se sont seulement engag\u00e9s \u00e0 des r\u00e9ductions concr\u00e8tes du \u00ab\u00a0revenu citoyen\u00a0\u00bb (allocation sociale), ainsi qu&rsquo;\u00e0 des \u00e9conomies et \u00e0 des suppressions d&#8217;emplois dans l&rsquo;administration au plan national. Pour le reste, ils se limitent \u00e0 des objectifs budg\u00e9taires vagues.<\/p>\n<p>Ce n&rsquo;est pas faute de pr\u00e9voir de telles coupes. Durant la campagne \u00e9lectorale, la CDU de Merz a appel\u00e9 \u00e0 un \u00abchangement \u00e9conomique\u00a0\u00bb et \u00e0 une stricte application de la politique de frein \u00e0 l&rsquo;endettement\u00a0; le SPD lui, est responsable de coupes sociales massives depuis l&rsquo;Agenda 2010 du chancelier SPD Gerhard Schr\u00f6der. Mais aucun des deux partis ne juge opportun d&rsquo;annoncer des coupes sociales avant que le nouveau gouvernement ne soit solidement install\u00e9.<\/p>\n<p><a class=\"db avenir f6 lh-title pa1 br2 tc mw6 mw-75rem-m bg-black-05 mt3 center\" href=\"https:\/\/www.wsws.org\/fr\/special\/pages\/international-mayday-online-rally-2025.html\" rel=\"nofollow noopener\" target=\"_blank\"><img decoding=\"async\" class=\"dn db-m\" src=\"https:\/\/www.europesays.com\/fr\/wp-content\/uploads\/2025\/04\/71bdb49e-d0b4-460a-a9e8-b378fe832e77\"\/><img decoding=\"async\" class=\"db dn-m\" src=\"https:\/\/www.europesays.com\/fr\/wp-content\/uploads\/2025\/04\/6738101d-90db-408a-ac69-08c1640e134c\"\/><\/a><\/p>\n<p>Le SPD a obtenu le pire r\u00e9sultat de son histoire aux \u00e9lections f\u00e9d\u00e9rales, et l&rsquo;alliance CDU\/CSU le deuxi\u00e8me. S&rsquo;ils d\u00e9tiennent une courte majorit\u00e9 au Bundestag, c&rsquo;est uniquement parce que 14 pour cent des suffrages exprim\u00e9s ont \u00e9t\u00e9 attribu\u00e9s \u00e0 des partis qui n&rsquo;ont pas r\u00e9ussi \u00e0 franchir le seuil des 5 pour cent requis pour si\u00e9ger au Bundestag (Parlement). Si le parti de Sahra Wagenknecht, qui a manqu\u00e9 ce seuil de moins de 10\u00a0000 voix, \u00e9tait entr\u00e9 au Bundestag, le SPD et la CDU\/CSU auraient eu besoin d&rsquo;un autre partenaire de coalition.<\/p>\n<p>L&rsquo;accord m\u00eame de coalition contient de nombreuses promesses creuses, telles que le maintien du niveau actuel des retraites, l&rsquo;augmentation du salaire minimum \u00e0 15 euros et l&rsquo;extension des prestations de maternit\u00e9 aux femmes dont les enfants sont n\u00e9s avant 1992. Mais ces promesses sont peu cr\u00e9dibles.<\/p>\n<p>Lors de la pr\u00e9sentation de l&rsquo;accord, le pr\u00e9sident du SPD et probable futur ministre des Finances, Lars Klingbeil, a sermonn\u00e9 les journalistes sur la subtile diff\u00e9rence linguistique entre \u00abnous le voulons\u00bb et \u00abnous le feront\u00bb. Une mesure n&rsquo;\u00e9tait convenue que si elle stipulait \u00abnous le ferons\u00a0\u00bb. Si l&rsquo;accord stipulait \u00abnous le voulons\u00bb, il ne s&rsquo;agissait alors que d&rsquo;une simple d\u00e9claration d&rsquo;intention. De plus, toutes les mesures convenues \u00e9taient soumises \u00e0 financement\u00a0; autrement dit, elles ne seront mises en \u0153uvre que si les fonds sont suffisants.<\/p>\n<p>Un examen des chiffres r\u00e9v\u00e8le que le nouveau gouvernement pr\u00e9pare des coupes sociales qui feront para\u00eetre modeste, en comparaison, l&rsquo;Agenda 2010 de Schr\u00f6der. Cela est d&rsquo;autant plus vrai que la CDU\/CSU et le SPD refusent cat\u00e9goriquement de toucher aux immenses richesses et profits amass\u00e9s ces derni\u00e8res ann\u00e9es par les banques, les fonds sp\u00e9culatifs et les milliardaires, ou simplement de les taxer \u00e0 un taux plus \u00e9lev\u00e9. Ils sont d\u00e9termin\u00e9s \u00e0 faire payer \u00e0 la classe ouvri\u00e8re le prix de ce gigantesque r\u00e9armement militaire.<\/p>\n<p>Dans le m\u00eame temps, les effets de la guerre commerciale d\u00e9clench\u00e9e par le pr\u00e9sident am\u00e9ricain Donald Trump n&rsquo;ont m\u00eame pas encore \u00e9t\u00e9 pris en compte, m\u00eame si le gouvernement a d\u00e9j\u00e0 revu \u00e0 la baisse ses pr\u00e9visions de croissance pour l&rsquo;\u00e9conomie allemande. Celle-ci ne conna\u00eetra pas de croissance pour la troisi\u00e8me ann\u00e9e cons\u00e9cutive. Les recettes fiscales diminuent en cons\u00e9quence et le d\u00e9ficit budg\u00e9taire augmente.<\/p>\n<p>En 2024, le d\u00e9ficit de l&rsquo;\u00c9tat allemand, des L\u00e4nder, des collectivit\u00e9s locales et des caisses de s\u00e9curit\u00e9 sociale s&rsquo;\u00e9levait d\u00e9j\u00e0 \u00e0 104,4 milliards d&rsquo;euros, soit 12,7 milliards de plus que l&rsquo;ann\u00e9e pr\u00e9c\u00e9dente. Les d\u00e9penses colossales consacr\u00e9es au r\u00e9armement et la poursuite de la guerre en Ukraine, pour lesquelles le Bundestag a approuv\u00e9 des autorisations de cr\u00e9dit de plus de 1\u00a0000 milliards d&rsquo;euros, creuseront encore davantage le d\u00e9ficit budg\u00e9taire. Les dirigeants sont d\u00e9termin\u00e9s \u00e0 combler ce gouffre aux d\u00e9pens de la population active. Les sommes en jeu sont colossales.<\/p>\n<p>Dans les assurances retraite, sant\u00e9 et d\u00e9pendance, financ\u00e9es exclusivement \u00e0 partir des revenus r\u00e9els en baisse des salari\u00e9s, les d\u00e9ficits se chiffrent en dizaines de milliards. La subvention de l&rsquo;\u00c9tat au seul fonds de pension devrait donc passer de 120 milliards d&rsquo;euros actuellement \u00e0 150 milliards d&rsquo;euros par an. L&rsquo;accord de coalition pr\u00e9voit certes une augmentation des subventions de l&rsquo;\u00c9tat, mais celles-ci seront soumises \u00e0 des limites de financement si la crise budg\u00e9taire s&rsquo;aggrave. Il en r\u00e9sultera une hausse des cotisations et une baisse des prestations.<\/p>\n<p>L&rsquo;une des raisons pour lesquelles le SPD est indispensable au sein du nouveau gouvernement, malgr\u00e9 ses r\u00e9sultats \u00e9lectoraux d\u00e9cevants, r\u00e9side dans ses liens \u00e9troits avec les syndicats. De nombreux dirigeants syndicaux sont membres du SPD. La pr\u00e9sidente de la conf\u00e9d\u00e9ration syndicale DGB, Yasmin Fahimi, est une ancienne secr\u00e9taire g\u00e9n\u00e9rale du SPD. Son mari, Michael Vassiliadis, est pr\u00e9sident du syndicat de la chimie IGBCE et membre du SPD depuis 44 ans.<\/p>\n<p>Pendant des ann\u00e9es, les syndicats ont jou\u00e9 un r\u00f4le cl\u00e9 dans l&rsquo;imposition de coupes sociales, de baisses de salaires r\u00e9els et de licenciements collectifs, et dans la r\u00e9pression de la r\u00e9sistance \u00e0 ces mesures ou dans leur transformation en manifestations sans effet. Mais aujourd&rsquo;hui, leur autorit\u00e9 est visiblement en perte de vitesse.<\/p>\n<p>C&rsquo;est pourquoi les principaux repr\u00e9sentants de la CDU\/CSU et du SPD se tournent vers l&rsquo;AfD pour la renforcer. Des d\u00e9cennies de coupes sociales men\u00e9es par le SPD, les Verts et le Parti de gauche, soutenus par les syndicats, ont permis \u00e0 l&rsquo;AfD de devenir la deuxi\u00e8me force politique au Bundestag. Le parti fasciste est d\u00e9sormais indispensable pour intimider et r\u00e9primer l&rsquo;opposition sociale et politique grandissante.<\/p>\n<p>Friedrich Merz avait d\u00e9j\u00e0 bris\u00e9 le pr\u00e9tendu \u00abpare-feu\u00bb emp\u00eachant toute collaboration avec l&rsquo;extr\u00eame droite pendant la campagne \u00e9lectorale. Avec le soutien de l&rsquo;AfD, il avait fait adopter au Parlement deux motions sur la politique migratoire et la s\u00e9curit\u00e9 int\u00e9rieure. Il y a tout juste une semaine, Jens Spahn, vice-pr\u00e9sident du groupe parlementaire CDU\/CSU, avait appel\u00e9 le Bundestag \u00e0 traiter l&rsquo;AfD \u00abcomme tout autre parti d&rsquo;opposition\u00bb. Deux autres membres de la CDU pressentis pour des postes minist\u00e9riels, Johann Wadepfuhl et Mathias Middelberg, l&rsquo;ont soutenu. C&rsquo;\u00e9tait un signal clair que la CDU \u00e9tait pr\u00eate \u00e0 coop\u00e9rer avec l&rsquo;AfD si la crise du SPD s&rsquo;aggravait.<\/p>\n<p>Spahn ne devrait pas occuper lui-m\u00eame de poste minist\u00e9riel, mais dirigera le groupe CDU\/CSU au Bundestag. Compte tenu de la faible majorit\u00e9 du gouvernement, ce r\u00f4le cl\u00e9 permettra \u00e0 cet homme de 44 ans de se rapprocher de l&rsquo;AfD et de s&rsquo;imposer comme le successeur de Merz. Nombreux sont ceux qui consid\u00e8rent Merz, qui, malgr\u00e9 ses 69 ans, n&rsquo;a jamais exerc\u00e9 de fonction gouvernementale, comme trop faible pour relever les d\u00e9fis politiques. Spahn est per\u00e7u comme un populiste avide de pouvoir, qui a fait l&rsquo;\u00e9loge d&rsquo;Elon Musk et entretient des contacts avec l&rsquo;entourage de Donald Trump.<\/p>\n<p>Fait significatif, Carsten Linnemann, autre figure montante de la CDU, a \u00e9galement annonc\u00e9 qu&rsquo;il ne briguerait pas de poste minist\u00e9riel. Le chef de longue date de l&rsquo;aile patronale du parti conservera son poste de secr\u00e9taire g\u00e9n\u00e9ral de la CDU.<\/p>\n<p>Le virage \u00e0 droite de la classe dirigeante, ses attaques lanc\u00e9es contre les acquis sociaux et les droits d\u00e9mocratiques de la classe ouvri\u00e8re, ainsi que son recours au militarisme et \u00e0 la guerre sont des ph\u00e9nom\u00e8nes internationaux qui se produisent dans tous les pays capitalistes. Ils r\u00e9sultent de la faillite du syst\u00e8me capitaliste, de l&rsquo;accroissement des in\u00e9galit\u00e9s sociales et de l&rsquo;intensification des conflits imp\u00e9rialistes. Seule la mobilisation ind\u00e9pendante de la classe ouvri\u00e8re internationale, sur la base d&rsquo;un programme socialiste, peut y mettre un terme.<\/p>\n<p>(article paru en anglais le 28 avril 2025)<\/p>\n","protected":false},"excerpt":{"rendered":"Selon les plans de l&rsquo;Union chr\u00e9tienne-d\u00e9mocrate (CDU), de l&rsquo;Union chr\u00e9tienne-sociale (CSU) et du Parti social-d\u00e9mocrate (SPD), le chef&hellip;\n","protected":false},"author":2,"featured_media":61047,"comment_status":"","ping_status":"","sticky":false,"template":"","format":"standard","meta":{"footnotes":""},"categories":[1587],"tags":[11,672,1804,15866,1805,1803,1777,674,15867,1801,12,13347,15868,12709,1802],"class_list":{"0":"post-61046","1":"post","2":"type-post","3":"status-publish","4":"format-standard","5":"has-post-thumbnail","7":"category-allemagne","8":"tag-actualites","9":"tag-allemagne","10":"tag-bundesrepublik-deutschland","11":"tag-coupes-sociales","12":"tag-de","13":"tag-deutschland","14":"tag-eu","15":"tag-europe","16":"tag-faible-majorite-parlementaire","17":"tag-germany","18":"tag-news","19":"tag-nouveau-gouvernement","20":"tag-opposition-sociale","21":"tag-rearmement","22":"tag-republique-federale-dallemagne"},"share_on_mastodon":{"url":"https:\/\/pubeurope.com\/@fr\/114419639504037767","error":""},"_links":{"self":[{"href":"https:\/\/www.europesays.com\/fr\/wp-json\/wp\/v2\/posts\/61046","targetHints":{"allow":["GET"]}}],"collection":[{"href":"https:\/\/www.europesays.com\/fr\/wp-json\/wp\/v2\/posts"}],"about":[{"href":"https:\/\/www.europesays.com\/fr\/wp-json\/wp\/v2\/types\/post"}],"author":[{"embeddable":true,"href":"https:\/\/www.europesays.com\/fr\/wp-json\/wp\/v2\/users\/2"}],"replies":[{"embeddable":true,"href":"https:\/\/www.europesays.com\/fr\/wp-json\/wp\/v2\/comments?post=61046"}],"version-history":[{"count":0,"href":"https:\/\/www.europesays.com\/fr\/wp-json\/wp\/v2\/posts\/61046\/revisions"}],"wp:featuredmedia":[{"embeddable":true,"href":"https:\/\/www.europesays.com\/fr\/wp-json\/wp\/v2\/media\/61047"}],"wp:attachment":[{"href":"https:\/\/www.europesays.com\/fr\/wp-json\/wp\/v2\/media?parent=61046"}],"wp:term":[{"taxonomy":"category","embeddable":true,"href":"https:\/\/www.europesays.com\/fr\/wp-json\/wp\/v2\/categories?post=61046"},{"taxonomy":"post_tag","embeddable":true,"href":"https:\/\/www.europesays.com\/fr\/wp-json\/wp\/v2\/tags?post=61046"}],"curies":[{"name":"wp","href":"https:\/\/api.w.org\/{rel}","templated":true}]}}