{"id":610460,"date":"2025-12-19T22:45:49","date_gmt":"2025-12-19T22:45:49","guid":{"rendered":"https:\/\/www.europesays.com\/fr\/610460\/"},"modified":"2025-12-19T22:45:49","modified_gmt":"2025-12-19T22:45:49","slug":"stade-toulousain-etre-objectifs-et-ne-pas-se-mentir-apres-lautocritique-le-staff-attend-une-reaction-a-lyon","status":"publish","type":"post","link":"https:\/\/www.europesays.com\/fr\/610460\/","title":{"rendered":"Stade Toulousain\u00a0: \u00ab\u00a0\u00catre objectifs et ne pas se mentir\u2026\u00a0\u00bb Apr\u00e8s l\u2019autocritique, le staff attend une r\u00e9action \u00e0 Lyon"},"content":{"rendered":"<p>\n                                                                    l&rsquo;essentiel<br \/>\n                                                                Alors qu\u2019ils se d\u00e9placent \u00e0 Lyon, ce samedi 20\u00a0d\u00e9cembre \u00e0 l\u2019occasion de la 12e journ\u00e9e du Top 14 (21\u00a0heures), les \u00ab\u00a0rouge et noir\u00a0\u00bb doivent clairement hausser leur niveau d\u2019implication s\u2019ils souhaitent obtenir un r\u00e9sultat positif, comme le reconna\u00eet Laurent Thu\u00e9ry, l\u2019entra\u00eeneur de la d\u00e9fense.\n                            <\/p>\n<p class=\"txt-question\">Comment avez-vous pr\u00e9par\u00e9 ce d\u00e9placement \u00e0 Lyon apr\u00e8s la claque re\u00e7ue en \u00c9cosse\u00a0?<\/p>\n<p>D\u00e9j\u00e0, on a pris le temps de bien analyser ce match de Glasgow, de bien analyser cette \u00e9quipe de Lyon et de vite travailler les choses qui nous ont manqu\u00e9, notamment sur ce match en \u00c9cosse, pour rectifier le tir et r\u00e9pondre aux forces de Lyon. On sait que \u00e7a va \u00eatre un match tr\u00e8s compliqu\u00e9. On n\u2019y a pas gagn\u00e9 depuis tr\u00e8s longtemps, donc on a mis le focus sur nous pour corriger tout ce qui n\u2019a pas \u00e9t\u00e9. En esp\u00e9rant montrer un meilleur visage sur l\u2019ensemble des 80 minutes.<\/p>\n<p class=\"std-elt__inline\">\n        <strong>\u00c0 lire aussi :<\/strong><br \/>\n        <a href=\"https:\/\/www.ladepeche.fr\/2025\/12\/19\/entretien-stade-toulousain-pas-notre-niveau-ni-limage-quon-veut-renvoyer-peste-joel-merkler-avant-daller-a-lyon-13121088.php\" target=\"_blank\" rel=\"noopener\">ENTRETIEN. Stade Toulousain\u00a0: \u00ab\u00a0Pas notre\u00a0niveau ni l\u2019image qu\u2019on veut renvoyer\u00a0\u00bb, peste Joel Merkler avant d\u2019aller \u00e0 Lyon<\/a>\n    <\/p>\n<p class=\"txt-question\">Est-ce difficile de pr\u00e9parer ces matchs entre la sortie de Champions Cup et No\u00ebl, avec \u00e9galement des internationaux en vacances\u00a0?<\/p>\n<p>Oui, il y a forc\u00e9ment toujours un petit peu de gestion d\u2019effectif. Mais je le r\u00e9p\u00e8te, ce n\u2019est pas tr\u00e8s\u00a0important de savoir qui sera align\u00e9 samedi \u00e0 Lyon. Le plus important, c\u2019est quel visage aura le Stade Toulousain, et quel visage il aura pendant 80 minutes. Je pense qu\u2019on a de la qualit\u00e9 et l\u2019important aujourd\u2019hui, c\u2019est faire preuve de caract\u00e8re. Si on analyse de mani\u00e8re un peu plus globale le d\u00e9but de saison \u00e0 l\u2019ext\u00e9rieur, on a manqu\u00e9 par p\u00e9riode de caract\u00e8re. Cela\u00a0nous a co\u00fbt\u00e9 des points. Et je reviens\u00a0sur Glasgow, mais c\u2019est 28 points en 20 minutes. Donc \u00e7a, c\u2019est tout simplement insuffisant pour une \u00e9quipe de haut niveau. Nous, l\u2019important, c\u2019est de montrer du caract\u00e8re et de la continuit\u00e9 sur 80 minutes, de la rigueur, on le sait, sur un terrain synth\u00e9tique une nouvelle fois, \u00e0 l\u2019ext\u00e9rieur, face \u00e0 une \u00e9quipe contre laquelle on n\u2019a pas gagn\u00e9 depuis huit ans. Donc oui, \u00e7a va \u00eatre dur et on va voir un petit peu s\u2019il y a eu une r\u00e9action par rapport au week-end dernier.<\/p>\n<p class=\"std-elt__inline\">\n        <strong>\u00c0 lire aussi :<\/strong><br \/>\n        <a href=\"https:\/\/www.ladepeche.fr\/2025\/12\/17\/video-antoine-dupont-il-fait-des-choses-juste-incroyables-confie-pita-ahki-admiratif-de-son-ancien-coequipier-au-stade-toulousain-13116865.php\" target=\"_blank\" rel=\"noopener\">VIDEO. Antoine Dupont\u00a0: \u00ab\u00a0Il fait des choses juste incroyables\u00a0\u00bb confie Pita Ahki, admiratif de son ancien co\u00e9quipier au Stade Toulousain<\/a>\n    <\/p>\n<p class=\"txt-question\">C\u2019est une \u00e9quipe, comme Glasgow l\u2019a fait samedi dernier, qui a l\u2019habitude de vous g\u00eaner dans les rucks\u2026<\/p>\n<p>Dans le rugby aujourd\u2019hui, celui qui gagne la bataille du ruck a de grandes chances de gagner le match. C\u2019est\u00a0v\u00e9rifi\u00e9 et v\u00e9rifiable de week-end en week-end, peu importe contre qui vous jouez, peu importe quelle \u00e9quipe s\u2019affronte. C\u2019est la phase de jeu qui se r\u00e9p\u00e8te le plus, qui est un petit peu le poumon et le caract\u00e8re de l\u2019\u00e9quipe aussi, et qui est une grosse zone d\u2019affrontement. C\u2019est aussi la zone la plus p\u00e9nalis\u00e9e, donc en lien direct avec la discipline. Donc la propret\u00e9, le niveau d\u2019efficacit\u00e9 dans cette zone en attaque\u00a0ou en d\u00e9fense, donne les cl\u00e9s\u00a0\u00e0 une des deux \u00e9quipes pour acc\u00e9der \u00e0 la victoire. Donc oui, c\u2019est un secteur tr\u00e8s, tr\u00e8s important et qui sera d\u00e9terminant samedi soir.<\/p>\n<p class=\"std-elt__inline\">\n        <strong>\u00c0 lire aussi :<\/strong><br \/>\n        <a href=\"https:\/\/www.ladepeche.fr\/2025\/12\/16\/entretien-stade-toulousain-ce-qui-sest-passe-a-glasgow-ce-nest-pas-possible-jack-willis-ne-decolere-pas-13114120.php\" target=\"_blank\" rel=\"noopener\">ENTRETIEN. Stade Toulousain\u00a0: \u00ab\u00a0Ce qui s\u2019est pass\u00e9 \u00e0 Glasgow, ce n\u2019est pas possible\u00a0!\u00a0\u00bb Jack Willis ne d\u00e9col\u00e8re pas<\/a>\n    <\/p>\n<p class=\"txt-question\">Vous parliez des 28 points encaiss\u00e9s en 20 minutes. Kalvin Gourgues\u00a0disait apr\u00e8s le match que les joueurs\u00a0avaient plaqu\u00e9 trop. Vous qui \u00eates entra\u00eeneur de la d\u00e9fense, pouvez-vous nous dire quelles \u00e9taient les consignes\u00a0?<\/p>\n<p>(D\u00e9sabus\u00e9) C\u2019\u00e9tait plaquer\u00a0bas. Sans revenir sur \u00e7a, le but quand vous jouez des \u00e9quipes comme \u00e7a, sur synth\u00e9tique aussi, qui mettent beaucoup de vitesse, c\u2019est le cas de Lyon, il faut vite arr\u00eater les actions et ralentir les rucks. \u00c7a a \u00e9t\u00e9 bien fait sur la premi\u00e8re mi-temps, sans se consommer trop. Et en seconde mi-temps, \u00e7a n\u2019a pas \u00e9t\u00e9 fait. Et en plus, on s\u2019est surconsomm\u00e9 dans les rucks en \u00e9tant moins efficaces. Donc tout simplement, \u00e7a va plus vite, on est moins bien plac\u00e9s, on n\u2019est pas en face, on subit. Et\u00a0face \u00e0 des \u00e9quipes d\u2019une qualit\u00e9 comme \u00e7a, on prend des points. Ce n\u2019est pas beaucoup plus compliqu\u00e9 que \u00e7a. Donc \u00e0 nous de montrer un meilleur visage, \u00e0 nous de gagner nos duels tout simplement, de d\u00e9fendre ensemble, d\u2019attaquer ensemble\u00a0et de montrer le visage d\u2019une\u00a0\u00e9quipe conqu\u00e9rante qui aura des temps forts, des temps faibles. Mais comment on g\u00e8re ces temps faibles et forc\u00e9ment, comment on arrive \u00e0 r\u00e9inverser la pression parce qu\u2019on n\u2019a pas r\u00e9ussi\u00a0\u00e0 Glasgow. Si on analyse quelques d\u00e9placements, \u00e7a a \u00e9t\u00e9 le cas aussi. \u00c7a nous a co\u00fbt\u00e9 des points et on sait qu\u2019on a besoin de points aussi si on veut rester en haut de ce Top 14 ultra-comp\u00e9titif.<\/p>\n<p class=\"std-elt__inline\">\n        <strong>\u00c0 lire aussi :<\/strong><br \/>\n        <a href=\"https:\/\/www.ladepeche.fr\/2025\/12\/19\/ca-touche-a-ma-famille-au-stade-toulousain-la-colere-des-agriculteurs-ne-laisse-pas-insensible-13121045.php\" target=\"_blank\" rel=\"noopener\">\u00ab\u00a0\u00c7a touche \u00e0 ma famille\u2026\u00a0\u00bb Au Stade Toulousain, la col\u00e8re des agriculteurs ne laisse pas insensible<\/a>\n    <\/p>\n<p class=\"txt-question\">Est-ce que cette d\u00e9faite vous oblige \u00e0 chercher \u00e0 engranger encore plus de points que les autres ann\u00e9es en Top 14 pour vous mettre \u00e0 l\u2019abri le plus rapidement possible et peut-\u00eatre g\u00e9rer diff\u00e9remment les d\u00e9placements que vous pourriez avoir au printemps en phases finales de Champions Cup\u00a0?<\/p>\n<p>Sinc\u00e8rement, on n\u2019en est pas \u00e0 penser au printemps. On pense \u00e0 Lyon. Derri\u00e8re, c\u2019est une p\u00e9riode de f\u00eate avec des plannings hebdomadaires qui sont perturb\u00e9s forc\u00e9ment. Donc on ne pense pas \u00e0 tout \u00e7a. On pense \u00e0 essayer de ramener des points si on peut de\u00a0Lyon et surtout avec le contenu. Apr\u00e8s, il\u00a0va se passer tellement de choses d\u2019ici le printemps\u00a0qu\u2019on aura peut-\u00eatre d\u2019autres choses \u00e0 penser. Non, l\u2019id\u00e9e, c\u2019est de\u00a0rectifier ce qui n\u2019a pas \u00e9t\u00e9\u00a0et montrer un meilleur visage ce week-end.<\/p>\n<p class=\"std-elt__inline\">\n        <strong>\u00c0 lire aussi :<\/strong><br \/>\n        <a href=\"https:\/\/www.ladepeche.fr\/2025\/12\/16\/stade-toulousain-ca-commencait-a-etre-lourd-pourquoi-toulouse-souffle-apres-la-sanction-dans-laffaire-jaminet-13114566.php\" target=\"_blank\" rel=\"noopener\">Stade Toulousain\u00a0: \u00ab\u00a0\u00c7a commen\u00e7ait \u00e0 \u00eatre lourd\u2026\u00a0\u00bb Pourquoi Toulouse souffle apr\u00e8s la sanction dans l\u2019affaire Jaminet<\/a>\n    <\/p>\n<p class=\"txt-question\">Quels ont \u00e9t\u00e9 les \u00e9changes que le staff a eus avec les rempla\u00e7ants du week-end dernier, qui n\u2019ont pas apport\u00e9 autant qu\u2019escompt\u00e9 et existe-t-il une motivation suppl\u00e9mentaire de leur c\u00f4t\u00e9\u00a0?<\/p>\n<p>Forc\u00e9ment qu\u2019on esp\u00e8re qu\u2019il y aura une r\u00e9action. Bien s\u00fbr qu\u2019on a \u00e9chang\u00e9 avec eux, qu\u2019il y a eu des retours. Apr\u00e8s c\u2019est le sport, la performance plus ou moins bonne de week-end en week-end. Et l\u2019important, comme je le dis, c\u2019est la r\u00e9action. Donc on va voir ce week-end, tout simplement. Ce n\u2019est pas beaucoup plus compliqu\u00e9 que \u00e7a. On a besoin de joueurs au top ce week-end. Je pense que les forces du groupe sont claires. Le cadre est pos\u00e9. Maintenant, ces matchs-l\u00e0 appartiennent aussi aux joueurs et aux grands joueurs. On a bien boss\u00e9 toute cette semaine. On va les accompagner jusqu\u2019au bout et on esp\u00e8re tout simplement \u00eatre meilleurs.<\/p>\n<p class=\"std-elt__inline\">\n        <strong>\u00c0 lire aussi :<\/strong><br \/>\n        <a href=\"https:\/\/www.ladepeche.fr\/2025\/12\/17\/stade-toulousain-tout-le-monde-ne-dit-pas-la-verite-le-president-dun-club-de-top-14-prend-la-parole-sur-laffaire-jaminet-13115942.php\" target=\"_blank\" rel=\"noopener\">Stade Toulousain\u00a0: \u00ab\u00a0Tout le monde ne dit pas la v\u00e9rit\u00e9\u2026\u00a0\u00bb Le pr\u00e9sident d\u2019un club de Top 14 prend la parole sur l\u2019affaire Jaminet<\/a>\n    <\/p>\n<p class=\"txt-question\">Est-ce que le fait d\u2019avoir perdu officiellement la premi\u00e8re place est anecdotique ou est-ce une source de motivation suppl\u00e9mentaire pour reprendre ce fauteuil de leader\u00a0?<\/p>\n<p>Oui, on a perdu des points sans jouer. Donc apr\u00e8s, \u00e0 nous de regagner vite. Il ne faut pas trop s\u2019attarder \u00e0 penser \u00e0 ce genre de choses qui nous d\u00e9passent. Nous, on est l\u00e0 pour gagner des matchs et faire en sorte que le club soit en haut. On va essayer de ramener ce qu\u2019on peut de Lyon. Je le r\u00e9p\u00e8te, on n\u2019a jamais gagn\u00e9 en 8 ans l\u00e0-bas. Gagner \u00e0 Lyon, c\u2019est un exploit donc on va voir si on est capables de le faire ou pas.<\/p>\n<p class=\"std-elt__inline\">\n        <strong>\u00c0 lire aussi :<\/strong><br \/>\n        <a href=\"https:\/\/www.ladepeche.fr\/2025\/12\/16\/stade-toulousain-au-club-personne-ne-revait-dune-sanction-aussi-clemente-la-sanction-dans-laffaire-jaminet-est-elle-trop-faible-13113713.php\" target=\"_blank\" rel=\"noopener\">Stade Toulousain\u00a0: \u00ab\u00a0Au club, personne ne r\u00eavait d\u2019une sanction aussi cl\u00e9mente\u2026\u00a0\u00bb La sanction dans l\u2019affaire Jaminet est-elle trop faible\u00a0?<\/a>\n    <\/p>\n<p class=\"txt-question\">Vous avez choisi d\u2019offrir quatre jours de cong\u00e9 \u00e0 votre effectif en d\u00e9but de semaine prochaine. Avec une reprise vendredi, comment\u00a0pr\u00e9parerez-vous ensuite la r\u00e9ception de La\u00a0Rochelle\u00a0?<\/p>\n<p>On pr\u00e9pare un match en un jour et demi. C\u2019est quelque chose qu\u2019on a l\u2019habitude de faire entre guillemets sur des semaines plus courtes de six\u00a0jours. On avait d\u00e9j\u00e0 fait des semaines am\u00e9nag\u00e9es pour faire souffler un petit peu les joueurs en les coupant deux, trois\u00a0jours au c\u0153ur de la saison sans vacances ni\u00a0raisons particuli\u00e8res. On a pris cette option des quatre jours de No\u00ebl pour que tout le monde profite. Du contenu sera envoy\u00e9 avant pour ne pas les l\u00e2cher sans rien sur la\u00a0Rochelle parce qu\u2019il y aura des choses \u00e0 voir de la\u00a0Rochelle forc\u00e9ment. Et apr\u00e8s, on esp\u00e8re les r\u00e9cup\u00e9rer dans de tr\u00e8s bonnes dispositions pour pr\u00e9parer ce match en un jour et demi qui sera aussi un beau d\u00e9fi mais \u00e7a\u00a0attendra\u00a0la semaine prochaine.<\/p>\n<p class=\"std-elt__inline\">\n        <strong>\u00c0 lire aussi :<\/strong><br \/>\n        <a href=\"https:\/\/www.ladepeche.fr\/2025\/12\/15\/stade-toulousain-quelles-consequences-au-classement-du-top-14-apres-la-sanction-infligee-aux-rouge-et-noir-dans-laffaire-jaminet-13112470.php\" target=\"_blank\" rel=\"noopener\">Stade Toulousain\u00a0: quelles cons\u00e9quences au classement du Top 14 apr\u00e8s la sanction inflig\u00e9e aux \u00ab\u00a0rouge et noir\u00a0\u00bb dans l\u2019affaire Jaminet<\/a>\n    <\/p>\n<p class=\"txt-question\">Le groupe \u00e9tait-il marqu\u00e9 cette semaine\u00a0?<\/p>\n<p>Forc\u00e9ment que tout le monde a pris une claque \u00e0 Glasgow, nous les premiers, entra\u00eeneurs, c\u2019est qu\u2019on s\u2019est tromp\u00e9s aussi quelque part et qu\u2019il faut se remettre \u00e0 en question. On est tous dans le m\u00eame bateau. On a bien \u00e9chang\u00e9, bien parl\u00e9, on a fait un bon retour, on pense bien avoir travaill\u00e9 cette semaine, mais \u00e7a ne sera valid\u00e9 que si \u00e7a se passe bien samedi. Jusqu\u2019\u00e0 pr\u00e9sent, les entra\u00eenements, tout le monde est content. Tant que tu ne joues pas, tu ne sais pas, on verra tout simplement samedi soir.<\/p>\n<p class=\"std-elt__inline\">\n        <strong>\u00c0 lire aussi :<\/strong><br \/>\n        <a href=\"https:\/\/www.ladepeche.fr\/2025\/12\/15\/stade-toulousain-une-image-profondement-affectee-toulouse-reagit-apres-la-sanction-infligee-dans-laffaire-jaminet-13112480.php\" target=\"_blank\" rel=\"noopener\">Stade Toulousain\u00a0: \u00ab\u00a0Une image profond\u00e9ment affect\u00e9e\u2026\u00a0\u00bb Toulouse r\u00e9agit apr\u00e8s la sanction inflig\u00e9e dans l\u2019affaire Jaminet<\/a>\n    <\/p>\n<p class=\"txt-question\">Y a-t-il du doute\u00a0?<\/p>\n<p>On ne parle pas de doute. On parle juste d\u2019analyser avec objectivit\u00e9 une performance et de corriger ce qu\u2019il faut corriger pour essayer d\u2019\u00eatre meilleurs. C\u2019est juste \u00e7a. Apr\u00e8s, savoir que ce groupe a de grandes qualit\u00e9s et est capable de faire de grandes choses, on n\u2019a aucun doute l\u00e0-dessus. Ils l\u2019ont prouv\u00e9 peut-\u00eatre plus que tout le monde donc il n\u2019y a aucun souci l\u00e0-dessus. Maintenant, c\u2019est aujourd\u2019hui \u00e0 l\u2019instant T, si on se regarde dans le miroir, qu\u2019est-ce qu\u2019on est, qu\u2019est-ce qu\u2019on veut \u00eatre, et qu\u2019est-ce qu\u2019on fait pour \u00eatre ce qu\u2019on veut, tout simplement. Et avoir le temp\u00e9rament et le caract\u00e8re pour, \u00e0 l\u2019ext\u00e9rieur, dans des contextes compliqu\u00e9s, comme va l\u2019\u00eatre le stade de Gerland, r\u00e9pondre ensemble \u00e0 cette grosse pression que va nous mettre Lyon. Notre travail est ax\u00e9 sur \u00e7a, r\u00e9pondre \u00e0 \u00e7a, et performer. Du\u00a0moins essayer de performer, ou tout faire en sorte pour qu\u2019on performe.<\/p>\n<p class=\"std-elt__inline\">\n        <strong>\u00c0 lire aussi :<\/strong><br \/>\n        <a href=\"https:\/\/www.ladepeche.fr\/2025\/12\/15\/stade-toulousain-capuozzo-ntamack-beaucoup-dinternationaux-sont-en-vacances-et-ne-feront-pas-le-voyage-a-lyon-13112032.php\" target=\"_blank\" rel=\"noopener\">Stade Toulousain\u00a0: Capuozzo, Ntamack\u2026 Beaucoup d\u2019internationaux sont en vacances et ne feront pas le voyage \u00e0 Lyon<\/a>\n    <\/p>\n<p class=\"txt-question\">Comment expliquez-vous ces difficult\u00e9s \u00e0 l\u2019ext\u00e9rieur\u00a0?<\/p>\n<p>J\u2019en ai parl\u00e9 un petit peu. Sur le caract\u00e8re, le fait de l\u00e2cher un peu par p\u00e9riode. On s\u2019aper\u00e7oit qu\u2019on prend notamment beaucoup de points en peu de temps\u00a0sur des gros trous d\u2019air et on n\u2019arrive pas contrecarrer \u00e7a. On est une \u00e9quipe qui a aussi beaucoup gagn\u00e9 d\u2019ann\u00e9e en ann\u00e9e. Se remettre en question apr\u00e8s des titres, ce n\u2019est jamais facile sur le d\u00e9but de saison. Il faut apprendre aussi que\u00a0chaque saison est diff\u00e9rente, reconstruire sa saison, et je pense que c\u2019est l\u2019apprentissage de la saison. Et on esp\u00e8re tous que ce match \u00e0 Glasgow, comme apr\u00e8s\u00a0Bayonne, comme apr\u00e8s Pau, o\u00f9 l\u2019on perd sur la derni\u00e8re action, qu\u2019on va apprendre de tout \u00e7a pour \u00eatre une \u00e9quipe meilleure sur les matchs qui seront d\u00e9cisifs, qu\u2019on esp\u00e8re jouer \u00e0 la fin, tout simplement. \u00c7a fait partie de notre voyage. Et l\u2019important, c\u2019est d\u2019\u00eatre objectif avec tout \u00e7a et ne\u00a0pas se mentir. C\u2019est juste \u00e7a. Il faut \u00eatre\u00a0clair avec ce qu\u2019on est aujourd\u2019hui, ce qu\u2019on veut \u00eatre et quels efforts \u00e7a demande et tout\u00a0le travail\u00a0qu\u2019il faudra mettre en place pour r\u00e9pondre \u00e0 \u00e7a. Mais c\u2019est l\u2019histoire de notre saison, \u00e0 nous de bosser et d\u2019\u00eatre tout simplement meilleurs.<\/p>\n","protected":false},"excerpt":{"rendered":"l&rsquo;essentiel Alors qu\u2019ils se d\u00e9placent \u00e0 Lyon, ce samedi 20\u00a0d\u00e9cembre \u00e0 l\u2019occasion de la 12e journ\u00e9e du Top&hellip;\n","protected":false},"author":2,"featured_media":610461,"comment_status":"","ping_status":"","sticky":false,"template":"","format":"standard","meta":{"footnotes":""},"categories":[1889],"tags":[1111,11,2430,1777,674,1011,27,2428,12,25,68796,517,476],"class_list":{"0":"post-610460","1":"post","2":"type-post","3":"status-publish","4":"format-standard","5":"has-post-thumbnail","7":"category-lyon","8":"tag-actu","9":"tag-actualites","10":"tag-auvergne-rhone-alpes","11":"tag-eu","12":"tag-europe","13":"tag-fr","14":"tag-france","15":"tag-lyon","16":"tag-news","17":"tag-republique-francaise","18":"tag-rugby-u00e0-xv","19":"tag-sport","20":"tag-stade-toulousain"},"share_on_mastodon":{"url":"https:\/\/pubeurope.com\/@fr\/115748666272519810","error":""},"_links":{"self":[{"href":"https:\/\/www.europesays.com\/fr\/wp-json\/wp\/v2\/posts\/610460","targetHints":{"allow":["GET"]}}],"collection":[{"href":"https:\/\/www.europesays.com\/fr\/wp-json\/wp\/v2\/posts"}],"about":[{"href":"https:\/\/www.europesays.com\/fr\/wp-json\/wp\/v2\/types\/post"}],"author":[{"embeddable":true,"href":"https:\/\/www.europesays.com\/fr\/wp-json\/wp\/v2\/users\/2"}],"replies":[{"embeddable":true,"href":"https:\/\/www.europesays.com\/fr\/wp-json\/wp\/v2\/comments?post=610460"}],"version-history":[{"count":0,"href":"https:\/\/www.europesays.com\/fr\/wp-json\/wp\/v2\/posts\/610460\/revisions"}],"wp:featuredmedia":[{"embeddable":true,"href":"https:\/\/www.europesays.com\/fr\/wp-json\/wp\/v2\/media\/610461"}],"wp:attachment":[{"href":"https:\/\/www.europesays.com\/fr\/wp-json\/wp\/v2\/media?parent=610460"}],"wp:term":[{"taxonomy":"category","embeddable":true,"href":"https:\/\/www.europesays.com\/fr\/wp-json\/wp\/v2\/categories?post=610460"},{"taxonomy":"post_tag","embeddable":true,"href":"https:\/\/www.europesays.com\/fr\/wp-json\/wp\/v2\/tags?post=610460"}],"curies":[{"name":"wp","href":"https:\/\/api.w.org\/{rel}","templated":true}]}}