{"id":610470,"date":"2025-12-19T22:52:14","date_gmt":"2025-12-19T22:52:14","guid":{"rendered":"https:\/\/www.europesays.com\/fr\/610470\/"},"modified":"2025-12-19T22:52:14","modified_gmt":"2025-12-19T22:52:14","slug":"gims-en-concert-a-paris-la-defense-arena-2h10-de-tubes-trois-titres-avec-son-frere-et-un-public-en-feu","status":"publish","type":"post","link":"https:\/\/www.europesays.com\/fr\/610470\/","title":{"rendered":"Gims en concert \u00e0 Paris la D\u00e9fense Arena : 2h10 de tubes, trois titres avec son fr\u00e8re et un public en feu"},"content":{"rendered":"<p class=\"paragraph text_align_left lp-f-body-02\">Gims a commenc\u00e9 2025 en fanfare en \u00e9tant sacr\u00e9 artiste de l\u2019ann\u00e9e aux Victoires de la musique. Il finit l\u2019ann\u00e9e en triomphe en remplissant cinq fois <a href=\"https:\/\/www.leparisien.fr\/culture-loisirs\/musique\/le-triomphe-de-gims-en-concert-a-paris-la-defense-arena-on-a-grandi-avec-lui-il-na-que-des-hits-15-12-2024-VXJ4VFJSDZHDVDZ25FWWR4YFPU.php\" target=\"_blank\" rel=\"noreferrer noopener\">Paris la D\u00e9fense Arena<\/a> en quatre jours. Soit deux cent mille spectateurs r\u00e9unis jusqu\u2019\u00e0 lundi soir. L\u2019\u00e9quivalent de trois stades de France ! Sans compter les t\u00e9l\u00e9spectateurs qui auront droit \u00e0 une s\u00e9ance de rattrapage en prime time mardi soir sur France 2.<\/p>\n<p class=\"\"><a href=\"https:\/\/www.leparisien.fr\/culture-loisirs\/musique\/gims\/\" target=\"_blank\" rel=\"noreferrer noopener\">Gims <\/a>c\u00e9l\u00e8bre ses 20 ans de carri\u00e8re avec l\u2019une de ses ann\u00e9es les plus fastes. Non seulement son album \u00ab Le Nord se souvient : l\u2019odyss\u00e9e \u00bb est le plus \u00e9cout\u00e9 de l\u2019ann\u00e9e, mais il a d\u00e9tr\u00f4n\u00e9 Johnny Hallyday en restant dix-neuf semaines num\u00e9ro un du top. <\/p>\n","protected":false},"excerpt":{"rendered":"Gims a commenc\u00e9 2025 en fanfare en \u00e9tant sacr\u00e9 artiste de l\u2019ann\u00e9e aux Victoires de la musique. Il&hellip;\n","protected":false},"author":2,"featured_media":610471,"comment_status":"","ping_status":"","sticky":false,"template":"","format":"standard","meta":{"footnotes":""},"categories":[1888],"tags":[11,872,1777,674,1011,27,873,12,626,25],"class_list":{"0":"post-610470","1":"post","2":"type-post","3":"status-publish","4":"format-standard","5":"has-post-thumbnail","7":"category-paris","8":"tag-actualites","9":"tag-culture-et-loisirs","10":"tag-eu","11":"tag-europe","12":"tag-fr","13":"tag-france","14":"tag-musique","15":"tag-news","16":"tag-paris","17":"tag-republique-francaise"},"share_on_mastodon":{"url":"https:\/\/pubeurope.com\/@fr\/115748689847849344","error":""},"_links":{"self":[{"href":"https:\/\/www.europesays.com\/fr\/wp-json\/wp\/v2\/posts\/610470","targetHints":{"allow":["GET"]}}],"collection":[{"href":"https:\/\/www.europesays.com\/fr\/wp-json\/wp\/v2\/posts"}],"about":[{"href":"https:\/\/www.europesays.com\/fr\/wp-json\/wp\/v2\/types\/post"}],"author":[{"embeddable":true,"href":"https:\/\/www.europesays.com\/fr\/wp-json\/wp\/v2\/users\/2"}],"replies":[{"embeddable":true,"href":"https:\/\/www.europesays.com\/fr\/wp-json\/wp\/v2\/comments?post=610470"}],"version-history":[{"count":0,"href":"https:\/\/www.europesays.com\/fr\/wp-json\/wp\/v2\/posts\/610470\/revisions"}],"wp:featuredmedia":[{"embeddable":true,"href":"https:\/\/www.europesays.com\/fr\/wp-json\/wp\/v2\/media\/610471"}],"wp:attachment":[{"href":"https:\/\/www.europesays.com\/fr\/wp-json\/wp\/v2\/media?parent=610470"}],"wp:term":[{"taxonomy":"category","embeddable":true,"href":"https:\/\/www.europesays.com\/fr\/wp-json\/wp\/v2\/categories?post=610470"},{"taxonomy":"post_tag","embeddable":true,"href":"https:\/\/www.europesays.com\/fr\/wp-json\/wp\/v2\/tags?post=610470"}],"curies":[{"name":"wp","href":"https:\/\/api.w.org\/{rel}","templated":true}]}}