{"id":610472,"date":"2025-12-19T22:54:16","date_gmt":"2025-12-19T22:54:16","guid":{"rendered":"https:\/\/www.europesays.com\/fr\/610472\/"},"modified":"2025-12-19T22:54:16","modified_gmt":"2025-12-19T22:54:16","slug":"rencontre-avec-la-jeunesse-russe-pro-poutine","status":"publish","type":"post","link":"https:\/\/www.europesays.com\/fr\/610472\/","title":{"rendered":"rencontre avec la jeunesse russe pro-Poutine"},"content":{"rendered":"<p>      lire plus tard<\/p>\n<p id=\"dialog__title\" class=\"dialog__title\">Pour sauvegarder cet article, connectez-vous ou cr\u00e9ez un compte franceinfo<\/p>\n<p class=\"dialog__description\">Sans paiement. Sans abonnement.<\/p>\n<p>        Fermer la fen\u00eatre d\u2019activation des notifications France Info<\/p>\n<p>      cr\u00e9er votre compte<\/p>\n<p>      se connecter<\/p>\n<p>      :<\/p>\n<p>        Fermer la fen\u00eatre de pr\u00e9sentation<\/p>\n<p>    Publi\u00e9 le 19\/12\/2025 23:33<\/p>\n<p>        Temps de lecture : 3min &#8211; vid\u00e9o : 3min<\/p>\n<p>    <img decoding=\"async\" class=\"francetv-player-wrapper__image\" alt=\"\"  width=\"432\" height=\"243\" src=\"https:\/\/www.europesays.com\/fr\/wp-content\/uploads\/2025\/12\/poutine-interview-tele-20h-6945c069be16d382734310.jpg\" fetchpriority=\"high\"\/><\/p>\n<p>      3min<\/p>\n<p>\n  Vladimir Poutine s&rsquo;est lanc\u00e9 dans un marathon t\u00e9l\u00e9visuel, vendredi 19 d\u00e9cembre : 4h30 d&rsquo;antenne, durant lesquels le pr\u00e9sident russe s&rsquo;est f\u00e9licit\u00e9 des nouvelles conqu\u00eates territoriales de son arm\u00e9e en Ukraine. Un rendez-vous devenu traditionnel, destin\u00e9 \u00e0 affirmer son message nationaliste, patriotique, relay\u00e9 par une partie de la jeunesse russe.\n<\/p>\n<p><strong>Ce texte correspond \u00e0 une partie de la retranscription du reportage ci-dessus. Cliquez sur la vid\u00e9o pour la regarder dans son int\u00e9gralit\u00e9.<\/strong><\/p>\n<p>Dans le public de la grande <a href=\"https:\/\/www.franceinfo.fr\/monde\/russie\/ce-qu-il-faut-retenir-de-la-conference-de-presse-de-vladimir-poutine_7690690.html\" target=\"_self\" rel=\"noopener noreferrer nofollow\" data-tooltip-url=\"https:\/\/www.franceinfo.fr\/monde\/russie\/ce-qu-il-faut-retenir-de-la-conference-de-presse-de-vladimir-poutine_7690690.html\">conf\u00e9rence de presse<\/a> du pr\u00e9sident russe : des jeunes. Cela fait partie de la mise en sc\u00e8ne de l&rsquo;\u00e9mission. Vladimir Poutine soigne ses relations avec eux. \u00ab\u00a0Comment vous vous informez pour savoir ce dont les gens ont vraiment besoin ?\u00a0\u00bb, l&rsquo;interroge un jeune gar\u00e7on. \u00ab\u00a0Tu te rends compte, Maxim, la meilleure source d&rsquo;information sur ce que veut le peuple, ce sont des r\u00e9unions comme celle-ci. 2,5 millions de questions ont \u00e9t\u00e9 envoy\u00e9es pour cette \u00e9mission\u00a0\u00bb, lui r\u00e9pond le chef du Kremlin.<\/p>\n<p>Aujourd&rsquo;hui, beaucoup de jeunes Russes n&rsquo;ont connu que lui comme pr\u00e9sident et beaucoup sont de fervents supporters. Cette popularit\u00e9 ne doit rien au hasard. Nous sommes all\u00e9s \u00e0 la rencontre de cette jeunesse pro-Poutine.<\/p>\n<p>Direction la Sib\u00e9rie, pour rencontrer Yegor, 15 ans. Il porte un t-shirt \u00ab\u00a0\u00c9quipe de Poutine\u00a0\u00bb et dans son armoire, les uniformes de toutes les organisations cr\u00e9\u00e9es par le pr\u00e9sident. \u00ab\u00a0C&rsquo;est le t-shirt de Iounarmia. Et \u00e7a, c&rsquo;est celui du mouvement des Premiers. J&rsquo;ai aussi une carte de membre de Iounarmia\u00a0\u00bb, nous montre l&rsquo;adolescent, qui sort sa collection.\u00a0\u00bb&lsquo;L&rsquo;\u00e9quipe de Poutine&rsquo;, \u00e7a veut dire que nous sommes une \u00e9quipe. Parce que ce n&rsquo;est pas possible de tout faire seul, m\u00eame quand tu es pr\u00e9sident, m\u00eame s&rsquo;il \u00e9tait comme un dieu grec\u00a0\u00bb, souligne-t-il.<\/p>\n<p>Le mouvement des Premiers, organisation parascolaire, Iounarmia, association militaro-patriotique, ces mouvements ont renforc\u00e9 le sentiment de fiert\u00e9 qu&rsquo;\u00e9prouve Yegor pour son pays :\u00a0\u00bbJe vois que plein de choses se font dans mon pays. Nous, les Russes, on a vraiment beaucoup de succ\u00e8s partout. Il y a des inaugurations de plein de choses, on invente des choses, on les am\u00e9liore.\u00a0\u00bb<\/p>\n<p>Retour \u00e0 Moscou pour rencontrer Yulia, 23 ans. Elle vient de Car\u00e9lie, dans le nord de la Russie. Toute la semaine, elle a particip\u00e9 \u00e0 la pr\u00e9paration de la grande conf\u00e9rence de presse d&rsquo;aujourd&rsquo;hui, le recueil des questions des citoyens. Elle aussi s&rsquo;est d&rsquo;abord engag\u00e9e comme b\u00e9n\u00e9vole dans un mouvement de jeunesse. Pour elle, la loyaut\u00e9 au pr\u00e9sident est une \u00e9vidence. \u00ab\u00a0Il me semble que si tu veux lier ton avenir avec ce pays, de fait, tu soutiens les d\u00e9cisions de la personne qui le dirige\u00a0\u00bb, estime-t-elle. <\/p>\n<p>Une figure presque v\u00e9n\u00e9r\u00e9e. Conform\u00e9ment au discours officiel, Yulia affirme que Vladimir Poutine n&rsquo;est pas responsable de la guerre en Ukraine. Selon elle, il n&rsquo;avait pas d&rsquo;autre choix. \u00ab\u00a0Pour moi, Vladimir Vladimirovitch, c&rsquo;est un homme qui a pris une d\u00e9cision pas simple, mais importante et n\u00e9cessaire\u00a0\u00bb, nous r\u00e9pond-elle. <\/p>\n<p>Vladimir Poutine n&rsquo;a pas convaincu tous les jeunes. Mais si l&rsquo;on en croit un sondage ind\u00e9pendant, les r\u00e9fractaires sont rares. Moins d&rsquo;un jeune sur dix d\u00e9sapprouve l&rsquo;action du pr\u00e9sident russe.<\/p>\n","protected":false},"excerpt":{"rendered":"lire plus tard Pour sauvegarder cet article, connectez-vous ou cr\u00e9ez un compte franceinfo Sans paiement. Sans abonnement. Fermer&hellip;\n","protected":false},"author":2,"featured_media":610473,"comment_status":"","ping_status":"","sticky":false,"template":"","format":"standard","meta":{"footnotes":""},"categories":[1591],"tags":[11,1887,12,1885,1886,132],"class_list":{"0":"post-610472","1":"post","2":"type-post","3":"status-publish","4":"format-standard","5":"has-post-thumbnail","7":"category-russie","8":"tag-actualites","9":"tag-federation-de-russie","10":"tag-news","11":"tag-russia","12":"tag-russian-federation","13":"tag-russie"},"share_on_mastodon":{"url":"https:\/\/pubeurope.com\/@fr\/115748698761829272","error":""},"_links":{"self":[{"href":"https:\/\/www.europesays.com\/fr\/wp-json\/wp\/v2\/posts\/610472","targetHints":{"allow":["GET"]}}],"collection":[{"href":"https:\/\/www.europesays.com\/fr\/wp-json\/wp\/v2\/posts"}],"about":[{"href":"https:\/\/www.europesays.com\/fr\/wp-json\/wp\/v2\/types\/post"}],"author":[{"embeddable":true,"href":"https:\/\/www.europesays.com\/fr\/wp-json\/wp\/v2\/users\/2"}],"replies":[{"embeddable":true,"href":"https:\/\/www.europesays.com\/fr\/wp-json\/wp\/v2\/comments?post=610472"}],"version-history":[{"count":0,"href":"https:\/\/www.europesays.com\/fr\/wp-json\/wp\/v2\/posts\/610472\/revisions"}],"wp:featuredmedia":[{"embeddable":true,"href":"https:\/\/www.europesays.com\/fr\/wp-json\/wp\/v2\/media\/610473"}],"wp:attachment":[{"href":"https:\/\/www.europesays.com\/fr\/wp-json\/wp\/v2\/media?parent=610472"}],"wp:term":[{"taxonomy":"category","embeddable":true,"href":"https:\/\/www.europesays.com\/fr\/wp-json\/wp\/v2\/categories?post=610472"},{"taxonomy":"post_tag","embeddable":true,"href":"https:\/\/www.europesays.com\/fr\/wp-json\/wp\/v2\/tags?post=610472"}],"curies":[{"name":"wp","href":"https:\/\/api.w.org\/{rel}","templated":true}]}}