{"id":610474,"date":"2025-12-19T22:55:11","date_gmt":"2025-12-19T22:55:11","guid":{"rendered":"https:\/\/www.europesays.com\/fr\/610474\/"},"modified":"2025-12-19T22:55:11","modified_gmt":"2025-12-19T22:55:11","slug":"une-frappe-de-missile-russe-fait-sept-morts-dans-la-region-dodessa-en-ukraine","status":"publish","type":"post","link":"https:\/\/www.europesays.com\/fr\/610474\/","title":{"rendered":"Une frappe de missile russe fait sept morts dans la r\u00e9gion d&rsquo;Odessa en Ukraine"},"content":{"rendered":"<p class=\"mb-4 text-lg md:leading-8 break-words\">Une frappe de missile balistique russe a fait sept morts et quinze bless\u00e9s dans la r\u00e9gion d&rsquo;Odessa, sur <a href=\"https:\/\/fr.news.yahoo.com\/op%C3%A9ration-sp%C3%A9ciale-unique-genre-lukraine-180455596.html\" data-ylk=\"slk:la mer Noire;elm:context_link;itc:0;sec:content-canvas;outcm:mb_qualified_link;_E:mb_qualified_link;ct:story;\" class=\"link  yahoo-link\" target=\"_blank\" rel=\"noopener\">la mer Noire<\/a>, en Ukraine, a annonc\u00e9 ce vendredi 19 d\u00e9cembre le gouverneur local, ajoutant que l&rsquo;attaque visait les infrastructures portuaires.<\/p>\n<p class=\"mb-4 text-lg md:leading-8 break-words\">\u00ab\u00a0L&rsquo;ennemi a frapp\u00e9 les infrastructures portuaires de la r\u00e9gion d&rsquo;Odessa: sept morts, quinze bless\u00e9s\u00a0\u00bb, a d\u00e9clar\u00e9 le gouverneur r\u00e9gional d&rsquo;Odessa, Oleg Kiper, sur les r\u00e9seaux sociaux.<\/p>\n<p class=\"mb-4 text-lg md:leading-8 break-words\">De plus en plus impatient, <a href=\"https:\/\/fr.news.yahoo.com\/guerre-ukraine-propositions-concessions-territoriales-115519265.html\" data-ylk=\"slk:Donald Trump a press\u00e9 Kiev;elm:context_link;itc:0;sec:content-canvas;outcm:mb_qualified_link;_E:mb_qualified_link;ct:story;\" class=\"link  yahoo-link\" target=\"_blank\" rel=\"noopener\">Donald Trump a press\u00e9 Kiev<\/a> de \u00ab\u00a0bouger rapidement\u00a0\u00bb.Les n\u00e9gociateurs \u00ab\u00a0sont pr\u00e8s d&rsquo;arriver \u00e0 quelque chose mais j&rsquo;esp\u00e8re que l&rsquo;Ukraine va bouger rapidement. (&#8230;) \u00c0 chaque fois qu&rsquo;ils prennent trop de temps, alors la Russie change d&rsquo;avis\u00a0\u00bb, a dit le pr\u00e9sident am\u00e9ricain pendant un \u00e9change avec la presse dans le Bureau ovale.<\/p>\n<p>Vers un compromis entre Kiev et Washington<\/p>\n<p class=\"mb-4 text-lg md:leading-8 break-words\">Les pourparlers diplomatiques destin\u00e9s \u00e0 mettre fin au conflit, qui entrerait en f\u00e9vrier dans sa cinqui\u00e8me ann\u00e9e, se sont acc\u00e9l\u00e9r\u00e9s ces derni\u00e8res semaines \u00e0 la suite de la publication d&rsquo;un plan de l&rsquo;administration Trump, sans aboutir \u00e0 un cessez-le-feu.<\/p>\n<p class=\"mb-4 text-lg md:leading-8 break-words\">Le pr\u00e9sident ukrainien Volodymyr Zelensky a lui aussi fait part des \u00ab\u00a0progr\u00e8s\u00a0\u00bb vers un compromis entre Kiev et Washington sur le contenu d&rsquo;un plan \u00e0 proposer \u00e0 Moscou pour mettre fin aux combats.<\/p>\n<p class=\"mb-4 text-lg md:leading-8 break-words\">Mais, a-t-il averti, la Russie se pr\u00e9pare selon lui \u00e0 une nouvelle \u00ab\u00a0ann\u00e9e de guerre\u00a0\u00bb en 2026.<\/p>\n<p class=\"mb-4 text-lg md:leading-8 break-words\"><a href=\"https:\/\/www.bfmtv.com\/international\/europe\/ukraine\/une-frappe-de-missile-russe-fait-sept-morts-dans-la-region-d-odessa-en-ukraine_AD-202512190953.html#xtor=AL-68\" rel=\"nofollow noopener\" target=\"_blank\" data-ylk=\"slk:Article original publi\u00e9 sur BFMTV.com;elm:context_link;itc:0;sec:content-canvas\" class=\"link \">Article original publi\u00e9 sur BFMTV.com<\/a><\/p>\n","protected":false},"excerpt":{"rendered":"Une frappe de missile balistique russe a fait sept morts et quinze bless\u00e9s dans la r\u00e9gion d&rsquo;Odessa, sur&hellip;\n","protected":false},"author":2,"featured_media":610475,"comment_status":"","ping_status":"","sticky":false,"template":"","format":"standard","meta":{"footnotes":""},"categories":[1590],"tags":[11,75,1777,674,21,2794,3884,12,7274,220],"class_list":{"0":"post-610474","1":"post","2":"type-post","3":"status-publish","4":"format-standard","5":"has-post-thumbnail","7":"category-ukraine","8":"tag-actualites","9":"tag-donald-trump","10":"tag-eu","11":"tag-europe","12":"tag-fait","13":"tag-la-region","14":"tag-missile-balistique","15":"tag-news","16":"tag-president-americain","17":"tag-ukraine"},"share_on_mastodon":{"url":"https:\/\/pubeurope.com\/@fr\/115748701993161086","error":""},"_links":{"self":[{"href":"https:\/\/www.europesays.com\/fr\/wp-json\/wp\/v2\/posts\/610474","targetHints":{"allow":["GET"]}}],"collection":[{"href":"https:\/\/www.europesays.com\/fr\/wp-json\/wp\/v2\/posts"}],"about":[{"href":"https:\/\/www.europesays.com\/fr\/wp-json\/wp\/v2\/types\/post"}],"author":[{"embeddable":true,"href":"https:\/\/www.europesays.com\/fr\/wp-json\/wp\/v2\/users\/2"}],"replies":[{"embeddable":true,"href":"https:\/\/www.europesays.com\/fr\/wp-json\/wp\/v2\/comments?post=610474"}],"version-history":[{"count":0,"href":"https:\/\/www.europesays.com\/fr\/wp-json\/wp\/v2\/posts\/610474\/revisions"}],"wp:featuredmedia":[{"embeddable":true,"href":"https:\/\/www.europesays.com\/fr\/wp-json\/wp\/v2\/media\/610475"}],"wp:attachment":[{"href":"https:\/\/www.europesays.com\/fr\/wp-json\/wp\/v2\/media?parent=610474"}],"wp:term":[{"taxonomy":"category","embeddable":true,"href":"https:\/\/www.europesays.com\/fr\/wp-json\/wp\/v2\/categories?post=610474"},{"taxonomy":"post_tag","embeddable":true,"href":"https:\/\/www.europesays.com\/fr\/wp-json\/wp\/v2\/tags?post=610474"}],"curies":[{"name":"wp","href":"https:\/\/api.w.org\/{rel}","templated":true}]}}