{"id":610476,"date":"2025-12-19T22:56:20","date_gmt":"2025-12-19T22:56:20","guid":{"rendered":"https:\/\/www.europesays.com\/fr\/610476\/"},"modified":"2025-12-19T22:56:20","modified_gmt":"2025-12-19T22:56:20","slug":"etats-unis-erika-kirk-veuve-de-charlie-kirk-soutient-jd-vance-pour-la-presidentielle-2028","status":"publish","type":"post","link":"https:\/\/www.europesays.com\/fr\/610476\/","title":{"rendered":"\u00c9tats-Unis\u00a0: Erika Kirk, veuve de Charlie Kirk, soutient JD Vance pour la pr\u00e9sidentielle 2028"},"content":{"rendered":"<p class=\"paragraph text_align_left lp-f-body-02\">Une fa\u00e7on de lancer la campagne avant l\u2019heure ? Erika Kirk, la veuve de <a href=\"https:\/\/www.leparisien.fr\/international\/etats-unis\/lassassinat-par-balle-de-charlie-kirk-symbole-dune-vie-politique-minee-par-la-violence-aux-etats-unis-12-09-2025-VA6PJSL6J5ABDOPZFQX5OFZXGE.php\" target=\"_blank\" rel=\"noreferrer noopener\">Charlie Kirk, l\u2019influenceur ultraconservateur assassin\u00e9<\/a>, a apport\u00e9 son soutien au<a href=\"https:\/\/www.leparisien.fr\/international\/etats-unis\/jespere-quelle-verra-les-choses-comme-moi-un-jour-jd-vance-defend-son-espoir-de-voir-sa-femme-se-convertir-au-christianisme-02-11-2025-TFZSYHT6QFGY3HXYQPKUPFYP3A.php\" target=\"_blank\" rel=\"noreferrer noopener\"> vice-pr\u00e9sident am\u00e9ricain JD Vance<\/a> pour la pr\u00e9sidentielle de 2028, bien que ce dernier ne soit pas officiellement candidat.<\/p>\n<p class=\"\">Charlie Kirk et Turning Point USA, son influente organisation de jeunesse <a href=\"https:\/\/www.leparisien.fr\/international\/etats-unis\/assassinat-de-charlie-kirk-sa-veuve-prend-la-tete-de-lorganisation-de-jeunesse-turning-point-usa-18-09-2025-QLMEVQNPDJFMBN6GNVVDVMA3BM.php\" target=\"_blank\" rel=\"noreferrer noopener\">dont Erika Kirk a pris la t\u00eate<\/a> apr\u00e8s la mort de son mari, a jou\u00e9 un r\u00f4le important dans la campagne \u00e9lectorale victorieuse de <a href=\"https:\/\/www.leparisien.fr\/international\/assassinat-de-charlie-kirk-ladministration-trump-veut-reprimer-le-terrorisme-interieur-de-gauche-16-09-2025-2UNP3DSIGVEKRHDDBRXJSPCBOA.php\" target=\"_blank\" rel=\"noreferrer noopener\">Donald Trump<\/a> en 2024.<\/p>\n<p class=\"title-embed-dailymotion lp-color-text lp-f-subtitle-04\">Vid\u00e9oTyler Robinson, accus\u00e9 du meurtre de Charlie Kirk, a comparu pour la premi\u00e8re fois lors d\u2019une audience publique<\/p>\n<p class=\"\">\u00ab Nous allons faire \u00e9lire l\u2019ami de mon mari, JD Vance, en tant que 48e pr\u00e9sident, de la mani\u00e8re la plus retentissante possible \u00bb, a lanc\u00e9 la jeune femme jeudi soir lors de l\u2019AmericaFest, un rassemblement conservateur organis\u00e9 par Turning Point USA, premi\u00e8re \u00e9dition depuis l\u2019assassinat de son fondateur.<\/p>\n<p class=\"\">L\u2019\u00e9v\u00e9nement accueille pendant quatre jours des figures de proue du mouvement <a href=\"https:\/\/www.leparisien.fr\/international\/etats-unis\/il-essaye-de-ressouder-sa-base-maga-trump-finalement-favorable-a-la-publication-des-dossiers-epstein-pourquoi-un-tel-revirement-17-11-2025-MYZEUQVI7ZEYLG4IBQB52YFUIQ.php\" target=\"_blank\" rel=\"noreferrer noopener\">Make America Great Again (MAGA)<\/a> de Donald Trump \u00e0 Phoenix, en Arizona (sud-ouest). JD Vance doit y prendre la parole dimanche.<\/p>\n<p>Une candidature encore incertaine<\/p>\n<p class=\"\">Si le vice-pr\u00e9sident am\u00e9ricain n\u2019a pas annonc\u00e9 qu\u2019il se pr\u00e9senterait \u00e0 l\u2019\u00e9lection de 2028,<a href=\"https:\/\/www.leparisien.fr\/international\/etats-unis\/presidentielle-americaine-trump-suggere-que-son-vice-president-jd-vance-pourrait-lui-succeder-en-2028-06-08-2025-KV7AIBRBEREM7BSSRBDVUCDP2Q.php\" target=\"_blank\" rel=\"noreferrer noopener\"> sa candidature est largement attendue<\/a>. Et le soutien pr\u00e9coce de Turning Point USA, \u00e0 l\u2019influence grandissante au sein du mouvement MAGA, pourrait favoriser une dynamique en sa faveur.<\/p>\n<p class=\"\">Cette annonce survient \u00e9galement alors que certaines divisions au sein du mouvement de Donald Trump deviennent de plus en plus \u00e9videntes. Le mois dernier, <a href=\"https:\/\/www.leparisien.fr\/international\/etats-unis\/etats-unis-figure-de-lextreme-droite-marjorie-taylor-greene-demissionne-du-congres-apres-des-tensions-avec-donald-trump-22-11-2025-GGXQ4O7QTRAMPPDOCDFXDWTRZ4.php\" target=\"_blank\" rel=\"noreferrer noopener\">l\u2019\u00e9lue de G\u00e9orgie Marjorie Taylor Greene<\/a>, jusque-l\u00e0 fid\u00e8le \u00e0 Donald Trump, a d\u00e9nonc\u00e9 sa gestion du dossier Epstein et annonc\u00e9 d\u00e9missionn\u00e9 du Congr\u00e8s.<\/p>\n<p class=\"\">JD Vance \u00e9tait proche de Charlie Kirk avant qu\u2019il ne soit assassin\u00e9 en septembre 2025 sur un campus universitaire de l\u2019Utah. Ce chr\u00e9tien nationaliste de 31 ans a largement contribu\u00e9 \u00e0 la d\u00e9sinformation sur l\u2019\u00e9lection pr\u00e9sidentielle de 2020, dont le r\u00e9sultat est toujours contest\u00e9 par Donald Trump. Il se posait en farouche d\u00e9fenseur de la famille traditionnelle et \u00e9tait tr\u00e8s critique de la communaut\u00e9 LGBT + et des personnes transgenres.<\/p>\n","protected":false},"excerpt":{"rendered":"Une fa\u00e7on de lancer la campagne avant l\u2019heure ? Erika Kirk, la veuve de Charlie Kirk, l\u2019influenceur ultraconservateur&hellip;\n","protected":false},"author":2,"featured_media":610477,"comment_status":"","ping_status":"","sticky":false,"template":"","format":"standard","meta":{"footnotes":""},"categories":[1589],"tags":[11,73,1866,14,12,1864,1865,1863,308],"class_list":{"0":"post-610476","1":"post","2":"type-post","3":"status-publish","4":"format-standard","5":"has-post-thumbnail","7":"category-etats-unis","8":"tag-actualites","9":"tag-etats-unis","10":"tag-etats-unis-damerique","11":"tag-international","12":"tag-news","13":"tag-united-states","14":"tag-united-states-of-america","15":"tag-us","16":"tag-usa"},"share_on_mastodon":{"url":"https:\/\/pubeurope.com\/@fr\/115748707493123534","error":""},"_links":{"self":[{"href":"https:\/\/www.europesays.com\/fr\/wp-json\/wp\/v2\/posts\/610476","targetHints":{"allow":["GET"]}}],"collection":[{"href":"https:\/\/www.europesays.com\/fr\/wp-json\/wp\/v2\/posts"}],"about":[{"href":"https:\/\/www.europesays.com\/fr\/wp-json\/wp\/v2\/types\/post"}],"author":[{"embeddable":true,"href":"https:\/\/www.europesays.com\/fr\/wp-json\/wp\/v2\/users\/2"}],"replies":[{"embeddable":true,"href":"https:\/\/www.europesays.com\/fr\/wp-json\/wp\/v2\/comments?post=610476"}],"version-history":[{"count":0,"href":"https:\/\/www.europesays.com\/fr\/wp-json\/wp\/v2\/posts\/610476\/revisions"}],"wp:featuredmedia":[{"embeddable":true,"href":"https:\/\/www.europesays.com\/fr\/wp-json\/wp\/v2\/media\/610477"}],"wp:attachment":[{"href":"https:\/\/www.europesays.com\/fr\/wp-json\/wp\/v2\/media?parent=610476"}],"wp:term":[{"taxonomy":"category","embeddable":true,"href":"https:\/\/www.europesays.com\/fr\/wp-json\/wp\/v2\/categories?post=610476"},{"taxonomy":"post_tag","embeddable":true,"href":"https:\/\/www.europesays.com\/fr\/wp-json\/wp\/v2\/tags?post=610476"}],"curies":[{"name":"wp","href":"https:\/\/api.w.org\/{rel}","templated":true}]}}