{"id":61048,"date":"2025-04-29T05:38:09","date_gmt":"2025-04-29T05:38:09","guid":{"rendered":"https:\/\/www.europesays.com\/fr\/61048\/"},"modified":"2025-04-29T05:38:09","modified_gmt":"2025-04-29T05:38:09","slug":"il-est-essentiel-que-les-jeunes-prennent-conscience-de-la-necessite-dune-europe-plus-unie","status":"publish","type":"post","link":"https:\/\/www.europesays.com\/fr\/61048\/","title":{"rendered":"\u00ab Il est essentiel que les jeunes prennent conscience de la n\u00e9cessit\u00e9 d&rsquo;une Europe plus unie \u00bb"},"content":{"rendered":"<p><strong>Le journaliste, professeur et pr\u00e9sident de l&rsquo;association Ideas y Debate, Miguel \u00c1ngel Benedicto, a analys\u00e9 dans l&rsquo;\u00e9mission \u00ab De cara al mundo \u00bb sur Onda Madrid les r\u00e9sultats de la septi\u00e8me conf\u00e9rence internationale du programme Erasmus-Youth : \u00ab <a href=\"https:\/\/www.atalayar.com\/fr\/opinion\/francisco-de-torres\/bruxelles-joue-son-va-tout-ce-mois-ci\/20250402100000212910.html\" rel=\"nofollow noopener\" target=\"_blank\">L&rsquo;Europe<\/a> en tant que puissance mondiale \u00bb et le r\u00f4le fondamental des jeunes\u00a0<\/strong><\/p>\n<p>Il a <strong>\u00e9galement \u00e9voqu\u00e9 la menace du Sahel<\/strong>, une zone politiquement instable marqu\u00e9e par la violence et l&rsquo;activit\u00e9 de bandes criminelles et de groupes terroristes. \u00a0<\/p>\n<p><strong>Monsieur Benedicto, \u00eates-vous satisfait des r\u00e9sultats d&rsquo;une conf\u00e9rence qui me semble ambitieuse d&rsquo;un c\u00f4t\u00e9 et tr\u00e8s n\u00e9cessaire de l&rsquo;autre ?\u00a0<\/strong><\/p>\n<p>Oui, en effet, nous avons accueilli plus de 120 jeunes venus de diff\u00e9rents pays d&rsquo;Europe. R\u00e9unir 120 jeunes pour parler de s\u00e9curit\u00e9, de d\u00e9fense et de politique \u00e9trang\u00e8re n&rsquo;est pas chose facile.\u00a0<\/p>\n<p>Je pense que l&rsquo;opinion publique europ\u00e9enne est en train de changer d&rsquo;une certaine mani\u00e8re, et cela nous aide surtout \u00e0 attirer autant de monde. Nous avons accueilli des d\u00e9put\u00e9s europ\u00e9ens tels que Nicol\u00e1s Pascual de la Parte, qui pr\u00e9side actuellement la commission de la d\u00e9fense du Parlement europ\u00e9en, ou Adri\u00e1n V\u00e1zquez, autre d\u00e9put\u00e9 europ\u00e9en du Parti populaire europ\u00e9en, un jeune qui sait tr\u00e8s bien s&rsquo;y prendre avec les jeunes, Hana Jalloul, du Parti socialiste, et m\u00eame un fonctionnaire de l&rsquo;OTAN qui nous a parl\u00e9 des questions de s\u00e9curit\u00e9 et de d\u00e9fense.\u00a0<\/p>\n<p><strong>Il est essentiel que les jeunes connaissent, comprennent et ressentent la n\u00e9cessit\u00e9 de l&rsquo;Union europ\u00e9enne, ses avantages et aussi ses engagements, bien s\u00fbr. \u00a0<\/strong><\/p>\n<p>Je pense que oui, avec la mont\u00e9e en puissance des partis eurosceptiques et anti-europ\u00e9ens. \u00a0<\/p>\n<p>Je pense qu&rsquo;il est essentiel qu&rsquo;ils prennent conscience, avant tout, de ce qui leur arriverait s&rsquo;ils n&rsquo;avaient pas l&rsquo;Europe. M\u00eame de la n\u00e9cessit\u00e9 que nous avons de l&rsquo;Europe en ce moment, d&rsquo;une Europe plus unie, comme on nous le disait lors de ces journ\u00e9es sur les questions de d\u00e9fense, o\u00f9 les 27 \u00c9tats unis sont plus forts, surtout maintenant que les \u00c9tats-Unis de Donald Trump sont dans l&rsquo;\u00e9tat o\u00f9 ils sont, o\u00f9 il semble y avoir un \u00e9loignement, o\u00f9 ils semblent nous consid\u00e9rer comme un ennemi, entre guillemets, et o\u00f9 nous n&rsquo;avons d&rsquo;autre choix que de nous d\u00e9fendre par nous-m\u00eames et, d&rsquo;une certaine mani\u00e8re, d&rsquo;\u00eatre unis. \u00a0<\/p>\n<p>Je pense que les jeunes en prennent conscience aujourd&rsquo;hui. Un autre sujet qui a \u00e9t\u00e9 abord\u00e9 lors de ces journ\u00e9es est la n\u00e9cessit\u00e9 ou non du service militaire obligatoire, un sujet qui fait actuellement l&rsquo;objet d&rsquo;un d\u00e9bat parmi les plus jeunes. \u00a0<\/p>\n<p><strong>Je voulais vous demander s&rsquo;il y a un sujet parmi ceux qui ont \u00e9t\u00e9 abord\u00e9s qui a particuli\u00e8rement int\u00e9ress\u00e9 les jeunes ou que vous souhaiteriez souligner.\u00a0<\/strong><\/p>\n<p>Oui, je pense que la question du service militaire obligatoire les touche finalement. Je pense que l&rsquo;opinion publique europ\u00e9enne envoie actuellement ce message aux diff\u00e9rents \u00c9tats membres, et c&rsquo;est un sujet qui les pr\u00e9occupe aussi, d&rsquo;une certaine mani\u00e8re, que la Russie soit l\u00e0, \u00e0 cette fronti\u00e8re, avec les pays baltes, la Roumanie, la Pologne. Ce sont surtout les \u00e9tudiants qui sont venus dans ces pays qui sont les plus inquiets. \u00a0<\/p>\n<p>Nous avons \u00e9galement remarqu\u00e9 une diff\u00e9rence entre les jeunes du sud, qui s&rsquo;inqui\u00e8tent pour d&rsquo;autres pays, et ceux du nord, qui sont vraiment touch\u00e9s par Poutine. Et l\u00e0, nous voyons que les jeunes sont beaucoup plus dispos\u00e9s, d&rsquo;une certaine mani\u00e8re, \u00e0 se d\u00e9fendre. En revanche, dans le sud, nous avons constat\u00e9 qu&rsquo;ils prennent un peu plus de recul et ne se sentent pas menac\u00e9s. Mais la question du service militaire obligatoire est l&rsquo;un des th\u00e8mes qui a remport\u00e9 le plus de succ\u00e8s. \u00a0<\/p>\n<p><strong>Oui, ici, dans \u00ab De cara al mundo \u00bb, nous avons d\u00e9j\u00e0 \u00e9voqu\u00e9 il y a plusieurs semaines la n\u00e9cessit\u00e9 d&rsquo;un service civique-militaire, et pas seulement militaire, car la situation l&rsquo;exige, et surtout la formation et l&rsquo;implication, la conviction, le respect des institutions, la connaissance, je pense que c&rsquo;est indispensable. Car, bien s\u00fbr, la question ici serait de savoir si la s\u00e9curit\u00e9 et l&rsquo;arm\u00e9e en Europe ne sont pas seulement une question d&rsquo;argent, mais aussi une question de culture, de conscience. Serions-nous pr\u00eats \u00e0 envoyer nos enfants ou nos jeunes se battre pour la paix et la s\u00e9curit\u00e9 en Europe, par exemple en Ukraine ? \u00a0<\/strong><\/p>\n<p>Eh bien, cela d\u00e9pend \u00e0 qui vous posez la question. Comme je vous le disais, si vous posez la question aux Baltes ou aux Polonais, la r\u00e9ponse est tr\u00e8s diff\u00e9rente de celle des Espagnols, des Fran\u00e7ais ou des Allemands, qui ne sont pas aussi s\u00fbrs. En fait, ils ne sont pas s\u00fbrs, 98 % d&rsquo;entre eux ne veulent pas y aller. \u00a0<\/p>\n<p>En revanche, ceux qui sont proches de la Russie seraient \u00e9videmment pr\u00eats \u00e0 d\u00e9fendre l&rsquo;Europe contre Poutine. Mais tout d\u00e9pend de l&rsquo;endroit, car les menaces, malheureusement, ne sont pas encore partag\u00e9es. Les cultures strat\u00e9giques en Europe, qui est une autre conclusion que nous avons tir\u00e9e, sont encore tr\u00e8s diff\u00e9rentes. \u00a0<\/p>\n<p>Je pense qu&rsquo;il y a beaucoup \u00e0 faire, beaucoup de travail de sensibilisation, d&rsquo;information, de culture, de d\u00e9fense commune. Je pense que c&rsquo;est l&rsquo;un des domaines qui fait le plus d\u00e9faut \u00e0 l&rsquo;Union europ\u00e9enne. \u00a0<\/p>\n<p><strong>Dans le sud, Miguel \u00c1ngel, comme nous l&rsquo;avons abord\u00e9 avec vous \u00e0 plusieurs reprises dans cette \u00e9mission, la menace vient du Sahel. Les activit\u00e9s des groupes terroristes, les activit\u00e9s russes dans cette zone de d\u00e9stabilisation constituent une menace tr\u00e8s grave, que l&rsquo;OTAN a peut-\u00eatre ou n&rsquo;a peut-\u00eatre pas, que l&rsquo;Union europ\u00e9enne a peut-\u00eatre ou n&rsquo;a peut-\u00eatre pas, la France a \u00e9t\u00e9 expuls\u00e9e de ces pays, et c&rsquo;est l\u00e0 que nous avons beaucoup de menaces dont il faut tenir compte et auxquelles il faut \u00eatre bien pr\u00e9par\u00e9s pour \u00e9viter la d\u00e9stabilisation de pays aussi importants que l&rsquo;Alg\u00e9rie, le Maroc, la Mauritanie ou la Tunisie.\u00a0<\/strong><\/p>\n<p>Oui, c&rsquo;est bien s\u00fbr un sujet important, car nous divisons par r\u00e9gions, dans ce s\u00e9minaire sur l&rsquo;Europe, \u00ab Jeunes pour l&rsquo;Europe ou Young For Peace \u00bb, comme nous appelons ce programme, \u00ab Jeunes pour la paix \u00bb. \u00a0<\/p>\n<p>Bien s\u00fbr, si vous voulez la paix, pr\u00e9parez-vous \u00e0 la guerre. Et sur la question du sud, que vous me posez, ou sur la question du Sahel, c&rsquo;est l&rsquo;un des sujets que nous avons abord\u00e9s, l&rsquo;Afrique et ses menaces. Et clairement, comme vous le dites, il y a la Russie, qui m\u00e8ne \u00e9galement un travail de sape qui nous menace et dont nous ne sommes souvent pas tr\u00e8s conscients, m\u00eame en Espagne, o\u00f9 ces menaces sont beaucoup plus proches. Je pense qu&rsquo;il manque une prise de conscience de la part de la population la plus jeune. \u00a0<\/p>\n<p>C&rsquo;est l&rsquo;un des travaux que nous avons essay\u00e9 de faire ces deux derniers jours ici \u00e0 Madrid. Sensibiliser les gens au fait que ces menaces dans le sud sont \u00e0 nos portes, \u00e9galement celles de la Russie, que nous ne voyons parfois pas, et celles de l&rsquo;Iran \u00e9galement.\u00a0<\/p>\n","protected":false},"excerpt":{"rendered":"Le journaliste, professeur et pr\u00e9sident de l&rsquo;association Ideas y Debate, Miguel \u00c1ngel Benedicto, a analys\u00e9 dans l&rsquo;\u00e9mission \u00ab&hellip;\n","protected":false},"author":2,"featured_media":61049,"comment_status":"","ping_status":"","sticky":false,"template":"","format":"standard","meta":{"footnotes":""},"categories":[1586],"tags":[11,13513,1777,674,1779,1011,27,1577,12,25,8940,15869,8941,14749],"class_list":{"0":"post-61048","1":"post","2":"type-post","3":"status-publish","4":"format-standard","5":"has-post-thumbnail","7":"category-europe","8":"tag-actualites","9":"tag-espana","10":"tag-eu","11":"tag-europe","12":"tag-european-union","13":"tag-fr","14":"tag-france","15":"tag-l","16":"tag-news","17":"tag-republique-francaise","18":"tag-rusia","19":"tag-sahel","20":"tag-ucrania","21":"tag-union-europea"},"share_on_mastodon":{"url":"https:\/\/pubeurope.com\/@fr\/114419643591046157","error":""},"_links":{"self":[{"href":"https:\/\/www.europesays.com\/fr\/wp-json\/wp\/v2\/posts\/61048","targetHints":{"allow":["GET"]}}],"collection":[{"href":"https:\/\/www.europesays.com\/fr\/wp-json\/wp\/v2\/posts"}],"about":[{"href":"https:\/\/www.europesays.com\/fr\/wp-json\/wp\/v2\/types\/post"}],"author":[{"embeddable":true,"href":"https:\/\/www.europesays.com\/fr\/wp-json\/wp\/v2\/users\/2"}],"replies":[{"embeddable":true,"href":"https:\/\/www.europesays.com\/fr\/wp-json\/wp\/v2\/comments?post=61048"}],"version-history":[{"count":0,"href":"https:\/\/www.europesays.com\/fr\/wp-json\/wp\/v2\/posts\/61048\/revisions"}],"wp:featuredmedia":[{"embeddable":true,"href":"https:\/\/www.europesays.com\/fr\/wp-json\/wp\/v2\/media\/61049"}],"wp:attachment":[{"href":"https:\/\/www.europesays.com\/fr\/wp-json\/wp\/v2\/media?parent=61048"}],"wp:term":[{"taxonomy":"category","embeddable":true,"href":"https:\/\/www.europesays.com\/fr\/wp-json\/wp\/v2\/categories?post=61048"},{"taxonomy":"post_tag","embeddable":true,"href":"https:\/\/www.europesays.com\/fr\/wp-json\/wp\/v2\/tags?post=61048"}],"curies":[{"name":"wp","href":"https:\/\/api.w.org\/{rel}","templated":true}]}}