{"id":610480,"date":"2025-12-19T22:58:13","date_gmt":"2025-12-19T22:58:13","guid":{"rendered":"https:\/\/www.europesays.com\/fr\/610480\/"},"modified":"2025-12-19T22:58:13","modified_gmt":"2025-12-19T22:58:13","slug":"un-agent-dentretien-condamne-pour-avoir-drogue-viole-et-filme-sa-femme-pendant-des-annees","status":"publish","type":"post","link":"https:\/\/www.europesays.com\/fr\/610480\/","title":{"rendered":"Un agent d\u2019entretien condamn\u00e9 pour avoir drogu\u00e9, viol\u00e9 et film\u00e9 sa femme pendant des ann\u00e9es"},"content":{"rendered":"<p>Un tribunal d\u2019Aix-la-Chapelle (Aachen), dans l\u2019ouest de l\u2019<a href=\"https:\/\/www.20minutes.fr\/dossier\/allemagne\" target=\"_blank\" class=\"c-link c-link--is-underlined\" rel=\"noopener\">Allemagne<\/a>, a condamn\u00e9, le 13\u00a0d\u00e9cembre, un homme de 61 ans pour avoir drogu\u00e9, viol\u00e9 et film\u00e9 son \u00e9pouse \u00e0 de multiples reprises avant de diffuser les images sur Internet, rapporte <a href=\"https:\/\/edition.cnn.com\/2025\/12\/19\/europe\/german-pelicot-case-verdict-latam-intl\" rel=\"nofollow noopener\" target=\"_blank\" class=\"c-link c-link--is-underlined\">CNN<\/a>. Les faits retenus par la justice se sont d\u00e9roul\u00e9s entre\u00a02018 et\u00a02024, bien que les enqu\u00eateurs aient \u00e9voqu\u00e9 des agissements s\u2019\u00e9talant sur pr\u00e8s de quinze ans.<\/p>\n<p>L\u2019accus\u00e9, identifi\u00e9 comme Fernando P., travaillait comme agent d\u2019entretien dans une \u00e9cole. Il a \u00e9t\u00e9 reconnu coupable de <a href=\"https:\/\/www.20minutes.fr\/dossier\/viol\" target=\"_blank\" class=\"c-link c-link--is-underlined\" rel=\"noopener\">viols<\/a> aggrav\u00e9s, d\u2019<a href=\"https:\/\/www.20minutes.fr\/dossier\/agression_sexuelle\" target=\"_blank\" class=\"c-link c-link--is-underlined\" rel=\"noopener\">agressions sexuelles<\/a>, de coercition sexuelle aggrav\u00e9e, de violences dangereuses et d\u2019atteintes graves \u00e0 la vie priv\u00e9e par enregistrements d\u2019images. La cour a \u00e9tabli qu\u2019il administrait \u00e0 son \u00e9pouse des substances s\u00e9datives \u00e0 son insu avant de l\u2019agresser sexuellement dans le domicile conjugal, de filmer les actes et de les partager au sein de groupes de discussion et sur des <a href=\"https:\/\/www.20minutes.fr\/dossier\/internet\" target=\"_blank\" class=\"c-link c-link--is-underlined\" rel=\"noopener\">plateformes en ligne<\/a>.<\/p>\n<\/p>\n<p>Des similitudes avec l\u2019affaire Pelicot<\/p>\n<p>La peine prononc\u00e9e s\u2019\u00e9l\u00e8ve \u00e0 huit ans et six mois de prison. Certaines accusations ont toutefois donn\u00e9 lieu \u00e0 un acquittement partiel. Une possibilit\u00e9 d\u2019appel reste ouverte dans le d\u00e9lai l\u00e9gal pr\u00e9vu par la justice allemande.<\/p>\n<p><a href=\"https:\/\/www.20minutes.fr\/dossier\/allemagne\" target=\"_blank\" class=\"c-link c-btn c-btn--primary\" rel=\"noopener\">Notre dossier sur l&rsquo;Allemagne<\/a><\/p>\n<p>Cette affaire, pr\u00e9sent\u00e9e par <a href=\"https:\/\/www.20minutes.fr\/dossier\/cnn\" target=\"_blank\" class=\"c-link c-link--is-underlined\" rel=\"noopener\">CNN<\/a> comme in\u00e9dite devant les juridictions allemandes, a suscit\u00e9 de nombreuses r\u00e9actions, notamment en raison des lacunes du droit allemand sur le consentement sexuel et la d\u00e9tention de contenus de viol, encore l\u00e9gale dans le pays. Elle intervient un an apr\u00e8s la condamnation tr\u00e8s m\u00e9diatis\u00e9e de <a href=\"https:\/\/www.20minutes.fr\/faits_divers\/dominique-pelicot\/\" target=\"_blank\" class=\"c-link c-link--is-underlined\" rel=\"noopener\">Dominique Pelicot<\/a> en France, renfor\u00e7ant le d\u00e9bat europ\u00e9en sur les violences sexuelles facilit\u00e9es par les r\u00e9seaux num\u00e9riques.<\/p>\n","protected":false},"excerpt":{"rendered":"Un tribunal d\u2019Aix-la-Chapelle (Aachen), dans l\u2019ouest de l\u2019Allemagne, a condamn\u00e9, le 13\u00a0d\u00e9cembre, un homme de 61 ans pour&hellip;\n","protected":false},"author":2,"featured_media":610481,"comment_status":"","ping_status":"","sticky":false,"template":"","format":"standard","meta":{"footnotes":""},"categories":[1587],"tags":[47,11,1267,672,1804,1805,1803,1189,1052,1777,674,1801,310,74,12,806,1802,1265,798,797],"class_list":{"0":"post-610480","1":"post","2":"type-post","3":"status-publish","4":"format-standard","5":"has-post-thumbnail","7":"category-allemagne","8":"tag-actualite","9":"tag-actualites","10":"tag-agression-sexuelle","11":"tag-allemagne","12":"tag-bundesrepublik-deutschland","13":"tag-de","14":"tag-deutschland","15":"tag-dominique-pelicot","16":"tag-drogue","17":"tag-eu","18":"tag-europe","19":"tag-germany","20":"tag-internet","21":"tag-monde","22":"tag-news","23":"tag-prison","24":"tag-republique-federale-dallemagne","25":"tag-viol","26":"tag-violences-conjugales","27":"tag-violences-faites-aux-femmes"},"share_on_mastodon":{"url":"","error":""},"_links":{"self":[{"href":"https:\/\/www.europesays.com\/fr\/wp-json\/wp\/v2\/posts\/610480","targetHints":{"allow":["GET"]}}],"collection":[{"href":"https:\/\/www.europesays.com\/fr\/wp-json\/wp\/v2\/posts"}],"about":[{"href":"https:\/\/www.europesays.com\/fr\/wp-json\/wp\/v2\/types\/post"}],"author":[{"embeddable":true,"href":"https:\/\/www.europesays.com\/fr\/wp-json\/wp\/v2\/users\/2"}],"replies":[{"embeddable":true,"href":"https:\/\/www.europesays.com\/fr\/wp-json\/wp\/v2\/comments?post=610480"}],"version-history":[{"count":0,"href":"https:\/\/www.europesays.com\/fr\/wp-json\/wp\/v2\/posts\/610480\/revisions"}],"wp:featuredmedia":[{"embeddable":true,"href":"https:\/\/www.europesays.com\/fr\/wp-json\/wp\/v2\/media\/610481"}],"wp:attachment":[{"href":"https:\/\/www.europesays.com\/fr\/wp-json\/wp\/v2\/media?parent=610480"}],"wp:term":[{"taxonomy":"category","embeddable":true,"href":"https:\/\/www.europesays.com\/fr\/wp-json\/wp\/v2\/categories?post=610480"},{"taxonomy":"post_tag","embeddable":true,"href":"https:\/\/www.europesays.com\/fr\/wp-json\/wp\/v2\/tags?post=610480"}],"curies":[{"name":"wp","href":"https:\/\/api.w.org\/{rel}","templated":true}]}}