{"id":610484,"date":"2025-12-19T23:00:15","date_gmt":"2025-12-19T23:00:15","guid":{"rendered":"https:\/\/www.europesays.com\/fr\/610484\/"},"modified":"2025-12-19T23:00:15","modified_gmt":"2025-12-19T23:00:15","slug":"le-canada-devient-le-premier-pays-non-europeen-a-rejoindre-linitiative-de-defense-safe-de-lue","status":"publish","type":"post","link":"https:\/\/www.europesays.com\/fr\/610484\/","title":{"rendered":"Le Canada devient le premier pays non-europ\u00e9en \u00e0 rejoindre l&rsquo;initiative de d\u00e9fense SAFE de l&rsquo;UE"},"content":{"rendered":"<p>AA \/ Bruxelles \/ Melike Pala<\/p>\n<p>Le Canada est en passe de devenir le premier pays non-europ\u00e9en \u00e0 participer \u00e0 l&rsquo;initiative de d\u00e9fense \u00ab Action de s\u00e9curit\u00e9 pour l&rsquo;Europe \u00bb (SAFE) de l&rsquo;Union europ\u00e9enne, apr\u00e8s que les repr\u00e9sentants des \u00c9tats membres ont approuv\u00e9, vendredi, un accord bilat\u00e9ral.<\/p>\n<p>L&rsquo;accord ouvre l&rsquo;instrument SAFE de l&rsquo;UE, dot\u00e9 de 150 milliards d&rsquo;euros, au Canada, permettant aux entit\u00e9s canadiennes de prendre part \u00e0 des projets conjoints d&rsquo;acquisition de d\u00e9fense. Ces projets visent \u00e0 renforcer la production industrielle de d\u00e9fense et \u00e0 combler les lacunes capacitaires prioritaires au sein du bloc, selon un communiqu\u00e9 du Conseil de l&rsquo;UE.<\/p>\n<p>SAFE soutient les \u00c9tats membres souhaitant investir collectivement dans des \u00e9quipements de d\u00e9fense, dans le but de renforcer l&rsquo;\u00e9tat de pr\u00e9paration de la d\u00e9fense europ\u00e9enne ainsi que la base industrielle et technologique de d\u00e9fense europ\u00e9enne.<\/p>\n<p>En vertu des r\u00e8gles de SAFE, les contrats d&rsquo;acquisition doivent garantir que les composants provenant de l&rsquo;ext\u00e9rieur de l&rsquo;UE, des \u00c9tats de l&rsquo;EEE-AELE (Espace \u00e9conomique europ\u00e9en &#8211; Association europ\u00e9enne de libre-\u00e9change) et de l&rsquo;Ukraine ne d\u00e9passent pas 35 % du co\u00fbt estim\u00e9 du produit final.<\/p>\n<p>L\u2019accord avec le Canada assouplit les conditions d\u2019\u00e9ligibilit\u00e9 afin de permettre une participation plus large des entit\u00e9s juridiques canadiennes. Celle-ci demeure subordonn\u00e9e \u00e0 une contribution financi\u00e8re du Canada \u00e0 l\u2019instrument.<\/p>\n<p>Une fois l&rsquo;examen juridique termin\u00e9, le Conseil de l&rsquo;UE sera invit\u00e9 \u00e0 autoriser la signature officielle de l&rsquo;accord. <\/p>\n<p>Apr\u00e8s la signature, le Parlement europ\u00e9en sera sollicit\u00e9 pour donner son approbation avant que le Conseil de l&rsquo;UE ne puisse formellement valider l&rsquo;accord.<\/p>\n<p>SAFE constitue le premier pilier du plan \u00ab ReArm Europe \/ Readiness 2030 \u00bb de l&rsquo;UE, pr\u00e9sent\u00e9 par la Commission europ\u00e9enne pour renforcer les capacit\u00e9s de d\u00e9fense de l&rsquo;Europe. <\/p>\n<p>Les autres piliers comprennent l&rsquo;augmentation des d\u00e9penses nationales de d\u00e9fense, l&rsquo;accroissement de la flexibilit\u00e9 des instruments de financement de l&rsquo;UE, le renforcement du r\u00f4le de la Banque europ\u00e9enne d&rsquo;investissement et la mobilisation de capitaux priv\u00e9s.<\/p>\n<p>L\u2019initiative joue \u00e9galement un r\u00f4le cl\u00e9 en soutenant l\u2019int\u00e9gration plus \u00e9troite de l\u2019Ukraine \u00e0 la base industrielle europ\u00e9enne de d\u00e9fense et en renfor\u00e7ant la d\u00e9fense collective de l\u2019Europe face \u00e0 des d\u00e9fis s\u00e9curitaires croissants.<\/p>\n<p>Jusqu&rsquo;\u00e0 pr\u00e9sent, 19 pays participants ont soumis leurs plans nationaux d&rsquo;investissement de d\u00e9fense dans le cadre de SAFE, lesquels sont actuellement examin\u00e9s par la Commission europ\u00e9enne.<\/p>\n<p>* Traduit de l&rsquo;anglais par Mariem Njeh<\/p>\n<p>                            &#13;<br \/>\n                                <a href=\"https:\/\/www.aa.com.tr\/fr\/p\/abonnement\/1001\" target=\"_blank\" style=\"font-size:12px; color:#444; text-decoration:none;\" rel=\"noopener\">&#13;<br \/>\n                                    Seulement une partie des d\u00e9p\u00eaches, que l&rsquo;Agence Anadolu diffuse \u00e0 ses abonn\u00e9s via le Syst\u00e8me de Diffusion interne (HAS), est diffus\u00e9e sur le site de l&rsquo;AA, de mani\u00e8re r\u00e9sum\u00e9e. <b style=\"color:#1897F7\">Contactez-nous s&rsquo;il vous pla\u00eet pour vous abonner.<\/b>&#13;<br \/>\n                                <\/a>&#13;<\/p>\n","protected":false},"excerpt":{"rendered":"AA \/ Bruxelles \/ Melike Pala Le Canada est en passe de devenir le premier pays non-europ\u00e9en \u00e0&hellip;\n","protected":false},"author":2,"featured_media":610485,"comment_status":"","ping_status":"","sticky":false,"template":"","format":"standard","meta":{"footnotes":""},"categories":[1586],"tags":[11,1785,574,1777,674,1779,1011,27,12,25,1778,364],"class_list":{"0":"post-610484","1":"post","2":"type-post","3":"status-publish","4":"format-standard","5":"has-post-thumbnail","7":"category-europe","8":"tag-actualites","9":"tag-anadolu-ajansi","10":"tag-canada","11":"tag-eu","12":"tag-europe","13":"tag-european-union","14":"tag-fr","15":"tag-france","16":"tag-news","17":"tag-republique-francaise","18":"tag-ue","19":"tag-union-europeenne"},"share_on_mastodon":{"url":"https:\/\/pubeurope.com\/@fr\/115748721395097708","error":""},"_links":{"self":[{"href":"https:\/\/www.europesays.com\/fr\/wp-json\/wp\/v2\/posts\/610484","targetHints":{"allow":["GET"]}}],"collection":[{"href":"https:\/\/www.europesays.com\/fr\/wp-json\/wp\/v2\/posts"}],"about":[{"href":"https:\/\/www.europesays.com\/fr\/wp-json\/wp\/v2\/types\/post"}],"author":[{"embeddable":true,"href":"https:\/\/www.europesays.com\/fr\/wp-json\/wp\/v2\/users\/2"}],"replies":[{"embeddable":true,"href":"https:\/\/www.europesays.com\/fr\/wp-json\/wp\/v2\/comments?post=610484"}],"version-history":[{"count":0,"href":"https:\/\/www.europesays.com\/fr\/wp-json\/wp\/v2\/posts\/610484\/revisions"}],"wp:featuredmedia":[{"embeddable":true,"href":"https:\/\/www.europesays.com\/fr\/wp-json\/wp\/v2\/media\/610485"}],"wp:attachment":[{"href":"https:\/\/www.europesays.com\/fr\/wp-json\/wp\/v2\/media?parent=610484"}],"wp:term":[{"taxonomy":"category","embeddable":true,"href":"https:\/\/www.europesays.com\/fr\/wp-json\/wp\/v2\/categories?post=610484"},{"taxonomy":"post_tag","embeddable":true,"href":"https:\/\/www.europesays.com\/fr\/wp-json\/wp\/v2\/tags?post=610484"}],"curies":[{"name":"wp","href":"https:\/\/api.w.org\/{rel}","templated":true}]}}