{"id":610495,"date":"2025-12-19T23:11:15","date_gmt":"2025-12-19T23:11:15","guid":{"rendered":"https:\/\/www.europesays.com\/fr\/610495\/"},"modified":"2025-12-19T23:11:15","modified_gmt":"2025-12-19T23:11:15","slug":"six-cross-avant-troyes-pour-florian-fery-actualite","status":"publish","type":"post","link":"https:\/\/www.europesays.com\/fr\/610495\/","title":{"rendered":"Six cross avant Troyes pour Florian Fery &#8211; Actualit\u00e9"},"content":{"rendered":"<p>Voil\u00e0 un r\u00e9sultat sur lequel s\u2019appuyer pour <strong>Florian Fery<\/strong>. Dans le dur depuis le d\u00e9but de la saison de cyclo-cross pour ses d\u00e9buts dans la cat\u00e9gorie Espoirs, <strong><a href=\"https:\/\/www.directvelo.com\/epreuve\/48731\/coupe-de-france-de-cyclo-cross-ouistreham-u23-hommes-2025\" target=\"_blank\" rel=\"noopener\">il est parvenu \u00e0 d\u00e9crocher un bon Top 5<\/a><\/strong>, dimanche dernier, \u00e0 Ouistreham lors de la manche finale de la Coupe de France. \u201cFranchement, \u00e7a allait beaucoup mieux que lors des pr\u00e9c\u00e9dentes comp\u00e9titions. J\u2019esp\u00e9rais autre chose du d\u00e9but de saison mais l\u00e0, j\u2019ai enfin trouv\u00e9 les bonnes sensations\u201d, se r\u00e9jouit-il aupr\u00e8s de DirectVelo.<\/p>\n<p>Champion de France Juniors de la discipline en janvier dernier, le coureur de 18 ans peine \u00e0 jouer les tous premiers r\u00f4les d\u00e9sormais chez les U23. \u201cLe changement de cat\u00e9gorie n\u2019a pas \u00e9t\u00e9 simple \u00e0 dig\u00e9rer. Passer de 40 minutes \u00e0 une heure de course, c\u2019est quelque chose. Mais \u00e7a y est, j\u2019ai r\u00e9ussi \u00e0 prendre le rythme des courses et j\u2019arrive \u00e0 bien g\u00e9rer les distances maintenant\u201d, insiste celui qui s\u2019est dit \u201c\u00e0 l\u2019aise techniquement\u201d dans le sable gr\u00e2ce \u00e0 ses qualit\u00e9s de v\u00e9t\u00e9tiste. \u201cJ\u2019ai trouv\u00e9 le bon truc\u201d.<\/p>\n<p>Le coureur de Bikeenergy School va d\u00e9sormais encha\u00eener les cross, six au total, surtout en Belgique, durant la p\u00e9riode des f\u00eates de fin d\u2019ann\u00e9e, avant de se rendre \u00e0 Troyes pour le Championnat de France. \u201cC\u2019est dans la r\u00e9gion et c\u2019est un beau circuit\u201d, sourit-il sans annoncer d\u2019objectif pr\u00e9cis.<\/p>\n","protected":false},"excerpt":{"rendered":"Voil\u00e0 un r\u00e9sultat sur lequel s\u2019appuyer pour Florian Fery. Dans le dur depuis le d\u00e9but de la saison&hellip;\n","protected":false},"author":2,"featured_media":610496,"comment_status":"","ping_status":"","sticky":false,"template":"","format":"standard","meta":{"footnotes":""},"categories":[1411],"tags":[834,828,836,829,837,827,83,826,824,823,1154,207,814,817,815,816,822,821,832,211,839,1011,27,820,818,819,835,831,830,833,838,60,212,208,825],"class_list":{"0":"post-610495","1":"post","2":"type-post","3":"status-publish","4":"format-standard","5":"has-post-thumbnail","7":"category-cyclisme","8":"tag-attaque","9":"tag-belgique","10":"tag-braquet","11":"tag-bretagne","12":"tag-chute","13":"tag-competition","14":"tag-coupe-de-france","15":"tag-coureur","16":"tag-course-cyclisme","17":"tag-course-cycliste","18":"tag-cycling","19":"tag-cyclisme","20":"tag-direct","21":"tag-direct-velo","22":"tag-directvelo","23":"tag-directvelo-com","24":"tag-epreuve","25":"tag-epreuve-cycliste","26":"tag-federation-francaise-de-cyclisme","27":"tag-ffc","28":"tag-flandres","29":"tag-fr","30":"tag-france","31":"tag-live","32":"tag-live-course","33":"tag-live-epreuve","34":"tag-peloton","35":"tag-radio-peloton","36":"tag-radio-tour","37":"tag-ravitaillement","38":"tag-relance","39":"tag-sports","40":"tag-uci","41":"tag-velo","42":"tag-velos"},"share_on_mastodon":{"url":"https:\/\/pubeurope.com\/@fr\/115748764720669197","error":""},"_links":{"self":[{"href":"https:\/\/www.europesays.com\/fr\/wp-json\/wp\/v2\/posts\/610495","targetHints":{"allow":["GET"]}}],"collection":[{"href":"https:\/\/www.europesays.com\/fr\/wp-json\/wp\/v2\/posts"}],"about":[{"href":"https:\/\/www.europesays.com\/fr\/wp-json\/wp\/v2\/types\/post"}],"author":[{"embeddable":true,"href":"https:\/\/www.europesays.com\/fr\/wp-json\/wp\/v2\/users\/2"}],"replies":[{"embeddable":true,"href":"https:\/\/www.europesays.com\/fr\/wp-json\/wp\/v2\/comments?post=610495"}],"version-history":[{"count":0,"href":"https:\/\/www.europesays.com\/fr\/wp-json\/wp\/v2\/posts\/610495\/revisions"}],"wp:featuredmedia":[{"embeddable":true,"href":"https:\/\/www.europesays.com\/fr\/wp-json\/wp\/v2\/media\/610496"}],"wp:attachment":[{"href":"https:\/\/www.europesays.com\/fr\/wp-json\/wp\/v2\/media?parent=610495"}],"wp:term":[{"taxonomy":"category","embeddable":true,"href":"https:\/\/www.europesays.com\/fr\/wp-json\/wp\/v2\/categories?post=610495"},{"taxonomy":"post_tag","embeddable":true,"href":"https:\/\/www.europesays.com\/fr\/wp-json\/wp\/v2\/tags?post=610495"}],"curies":[{"name":"wp","href":"https:\/\/api.w.org\/{rel}","templated":true}]}}