{"id":610503,"date":"2025-12-19T23:16:15","date_gmt":"2025-12-19T23:16:15","guid":{"rendered":"https:\/\/www.europesays.com\/fr\/610503\/"},"modified":"2025-12-19T23:16:15","modified_gmt":"2025-12-19T23:16:15","slug":"jimmy-kimmel-au-bord-des-larmes-pour-sa-derniere-emission-de-2025","status":"publish","type":"post","link":"https:\/\/www.europesays.com\/fr\/610503\/","title":{"rendered":"Jimmy Kimmel au bord des larmes pour sa derni\u00e8re \u00e9mission de 2025"},"content":{"rendered":"<p>        <img decoding=\"async\" loading=\"lazy\" src=\"https:\/\/www.europesays.com\/fr\/wp-content\/uploads\/2025\/12\/662a538_upload-1-cft0phuyydki-capture-d-ecran-2025-12-19-222420.png\"  width=\"728\" height=\"409\" alt=\"L\u2019\u00e9mission de Jimmy Kimmel aura \u00e9t\u00e9 suspendue une semaine apr\u00e8s les pressions exerc\u00e9es par Donald Trump et ses alli\u00e9s pour lui faire payer ses mots concernant l\u2019assassinat de Charlie Kirk.\"\/>  <\/p>\n<p>Capture d\u2019\u00e9cran Youtube<\/p>\n<p>L\u2019\u00e9mission de Jimmy Kimmel aura \u00e9t\u00e9 suspendue une semaine apr\u00e8s les pressions exerc\u00e9es par Donald Trump et ses alli\u00e9s pour lui faire payer ses mots concernant l\u2019assassinat de Charlie Kirk.<\/p>\n<p class=\"asset asset-text\">Il a fait le bilan, calmement, mais secou\u00e9 par l\u2019ann\u00e9e pass\u00e9e. Apr\u00e8s une 12\u00a0mois \u00e9prouvants aux \u00c9tats-Unis, le pr\u00e9sentateur am\u00e9ricain <a href=\"https:\/\/www.huffingtonpost.fr\/divertissement\/article\/jimmy-kimmel-etait-aux-toilettes-quand-il-a-appris-sa-suspension-par-abc_255487.html\" target=\"_blank\" rel=\"noopener\">Jimmy Kimmel<\/a> a profit\u00e9 de sa derni\u00e8re \u00e9mission de 2025\u00a0du <a href=\"https:\/\/www.huffingtonpost.fr\/international\/article\/jimmy-kimmel-est-de-retour-mais-avec-donald-trump-au-pouvoir-le-plus-dur-est-sans-doute-a-venir_255149.html\" target=\"_blank\" rel=\"noopener\">Jimmy Kimmel Live\u00a0!<\/a> jeudi 18\u00a0d\u00e9cembre pour revenir sur les nombreuses p\u00e9rip\u00e9ties qui ont \u00e9maill\u00e9 son ann\u00e9e.<\/p>\n<p class=\"asset asset-text\">Et il est peu dire que Jimmy Kimmel a connu une ann\u00e9e mouvement\u00e9e. D\u2019abord marqu\u00e9e par le retour au pouvoir de Donald Trump, son ann\u00e9e 2025 a ensuite fait les frais de l\u2019obstination du pr\u00e9sident am\u00e9ricain \u00e0 <a href=\"https:\/\/www.huffingtonpost.fr\/international\/article\/le-new-yorker-critique-la-liberte-d-expression-version-donald-trump-avec-cette-telecommande-inquietante_255035.html\" target=\"_blank\" rel=\"noopener\">faire taire ses principaux d\u00e9tracteurs<\/a> dans la presse et \u00e0 la t\u00e9l\u00e9vision. \u00ab\u00a0Cette ann\u00e9e a \u00e9t\u00e9 \u00e9trange. Elle a \u00e9t\u00e9 difficile\u00a0\u00bb, a-t-il commenc\u00e9 par reconna\u00eetre dans son traditionnel monologue.<\/p>\n<p class=\"asset asset-text\">\u00ab\u00a0Nous avons connu des bas, nous avons connu des hauts. Pour moi, peut-\u00eatre plus que n\u2019importe quelle autre ann\u00e9e de ma vie\u00a0\u00bb, a seulement eu le temps d\u2019ajouter Jimmy Kimmel avant que ses \u00e9motions prennent le dessus. \u00ab\u00a0Je pleure d\u00e9j\u00e0, je suis d\u00e9sol\u00e9.\u00a0\u00bb<\/p>\n<p> La lecture de ce contenu est susceptible d\u2019entra\u00eener un d\u00e9p\u00f4t de cookies de la part de l\u2019op\u00e9rateur tiers qui l\u2019h\u00e9berge. Compte-tenu des choix que vous avez exprim\u00e9s en mati\u00e8re de d\u00e9p\u00f4t de cookies, nous avons bloqu\u00e9 l\u2019affichage de ce contenu. Si vous souhaitez y acc\u00e9der, vous devez accepter la cat\u00e9gorie de cookies \u201cContenus tiers\u201d en cliquant sur le bouton ci-dessous. <\/p>\n<p> Lire la Vid\u00e9o              <\/p>\n<p class=\"asset asset-text\">\u00ab\u00a0Je tiens simplement \u00e0 vous dire que nous appr\u00e9cions votre soutien, votre enthousiasme, et pas seulement pour votre pr\u00e9sence en tant que spectateurs. Cette ann\u00e9e, vous nous avez litt\u00e9ralement sortis du p\u00e9trin, et nous ne vous remercierons jamais assez personnellement\u00a0\u00bb, a poursuivi le pr\u00e9sentateur dans une r\u00e9f\u00e9rence directe au toll\u00e9 provoqu\u00e9 par l\u2019annulation pure et simple de son \u00e9mission en septembre dernier.<\/p>\n<p class=\"asset asset-text\">Celle-ci avait eu lieu apr\u00e8s l\u2019assassinat du fervent militant trumpiste Charlie Kirk. L\u2019animateur qui donne son nom \u00e0 ce c\u00e9l\u00e8bre late-show <a href=\"https:\/\/www.huffingtonpost.fr\/international\/video\/jimmy-kimmel-suspendu-sur-abc-on-vous-resume-le-sketch-qui-a-valu-sa-sanction-et-en-quoi-c-est-inquietant_254968.html\" target=\"_blank\" rel=\"noopener\">avait alors choqu\u00e9 les trumpistes dans un sketch<\/a> en les accusant d\u2019exploiter politiquement le meurtre de l\u2019influenceur ultraconservateur. Brendan Carr, alli\u00e9 de Donald Trump et\u00a0<a href=\"https:\/\/www.huffingtonpost.fr\/medias\/video\/retour-de-jimmy-kimmel-ce-sketch-de-de-niro-en-nouveau-patron-de-la-censure-de-trump-est-parfait_255184.html\" target=\"_blank\" rel=\"noopener\">patron du gendarme am\u00e9ricain de l\u2019audiovisuel<\/a> (FCC) avait alors pris des mesures de r\u00e9torsion contre la cha\u00eene ABC et son animateur.<\/p>\n<p class=\"asset asset-text\">Apr\u00e8s une semaine marqu\u00e9e par la pol\u00e9mique grandement aliment\u00e9e par Donald Trump, la suspension de l\u2019\u00e9mission et le refus de Jimmy Kimmel de pr\u00e9senter des excuses, il avait finalement obtenu le retour du Jimmy Kimmel Live\u00a0!, bien aid\u00e9 par le soutien massif des t\u00e9l\u00e9spectateurs et notamment d\u2019autres <a href=\"https:\/\/www.huffingtonpost.fr\/medias\/article\/apres-jimmy-kimmel-donald-trump-designe-seth-meyers-et-jimmy-fallon-les-prochains-sur-la-liste_254977.html\" target=\"_blank\" rel=\"noopener\">animateurs de late-show<\/a>. Tous vents debout contre la d\u00e9cision d\u2019ABC de suspendre la diffusion de l\u2019\u00e9mission \u00ab\u00a0ind\u00e9finiment\u00a0\u00bb suite aux pressions de la Maison-Blanche et du r\u00e9gulateur Brendan Carr.<\/p>\n<p>    \u00ab\u00a0\u00c9pisode psychotique prolong\u00e9\u00a0\u00bb    <\/p>\n<p class=\"asset asset-text\"><a href=\"https:\/\/www.huffingtonpost.fr\/divertissement\/article\/fin-du-boycott-envers-jimmy-kimmel-dont-l-emission-est-de-nouveau-diffusee-partout-aux-etats-unis_255313.html\" target=\"_blank\" rel=\"noopener\">Pour son retour \u00e0 l\u2019antenne le 23\u00a0septembre<\/a>, Jimmy Kimmel en avait profit\u00e9 pour confier son profond d\u00e9sarroi au sujet de toute cette situation. Ce jeudi soir, c\u2019est donc avec \u00e9motion qu\u2019il est revenu sur ce moment et l\u2019\u00e9tat actuel de son pays. \u00ab\u00a0Quand j\u2019entends des gens me dire qu\u2019ils regardent notre \u00e9mission, et celles que mes amis et coll\u00e8gues animent sur les autres cha\u00eenes, et que \u00e7a les aide \u00e0 se sentir moins fous, \u00e7a me rassure\u00a0\u00bb, a-t-il confi\u00e9.<\/p>\n<p class=\"asset asset-text\">\u00ab\u00a0Je crois \u00e9galement qu\u2019il est important que nous, Am\u00e9ricains, fassions savoir \u00e0 nos amis dans d\u2019autres pays\u2026 que beaucoup d\u2019entre nous ne sont pas d\u2019accord avec ce qui se passe\u00a0\u00bb, a-t-il \u00e9galement partag\u00e9. Avant d\u2019ajouter, non sans une pointe de sarcasme\u00a0: \u00ab\u00a0Il y a encore beaucoup plus de bien que de mal dans ce pays, et nous esp\u00e9rons que vous nous pardonnerez cet \u00e9pisode psychotique prolong\u00e9 que nous traversons actuellement\u00a0\u00bb.<\/p>\n<p class=\"asset asset-text\">Mais l\u2019ann\u00e9e de Jimmy Kimmel ne s\u2019est pr\u00e9sum\u00e9e \u00e0 cet \u00e9pisode difficile. Comme le souligne <a href=\"https:\/\/www.thedailybeast.com\/obsessed\/jimmy-kimmel-tearfully-thanks-fans-who-got-him-through-hard-year\/?utm_medium=socialflow&amp;utm_social_post_id=627442974&amp;via=twitter_page&amp;utm_campaign=owned_social&amp;utm_source=twitter_owned_tdb&amp;utm_social_handle_id=16012783\" target=\"_blank\" rel=\"noopener\" title=\"Nouvelle fen\u00eatre\">The DailyBeast<\/a>, l\u2019animateur a aussi v\u00e9cu avec beaucoup d\u2019\u00e9motion les incendies d\u00e9vastateurs qui ont frapp\u00e9 la ville de Los Angeles en janvier. C\u2019est d\u2019ailleurs en larmes qu\u2019il avait d\u00e9nonc\u00e9 la r\u00e9action \u00ab\u00a0ignoble\u00a0\u00bb de Donald Trump au sujet de ces feux. Et en novembre de cette m\u00eame ann\u00e9e, Jimmy Kimmel a subi la disparition de son meilleur ami, Cleto Escobedo III. En plus de leur lien dans la vie, il \u00e9tait aussi le chef d\u2019orchestre du Jimmy Kimmel Live\u00a0! depuis le lancement de l\u2019\u00e9mission en 2003. \u00ab\u00a0What a year&#8230;\u00a0\u00bb<\/p>\n","protected":false},"excerpt":{"rendered":"Capture d\u2019\u00e9cran Youtube L\u2019\u00e9mission de Jimmy Kimmel aura \u00e9t\u00e9 suspendue une semaine apr\u00e8s les pressions exerc\u00e9es par Donald&hellip;\n","protected":false},"author":2,"featured_media":610504,"comment_status":"","ping_status":"","sticky":false,"template":"","format":"standard","meta":{"footnotes":""},"categories":[1356],"tags":[58,59,73,1011,27,14,39997,39993,252,1364],"class_list":{"0":"post-610503","1":"post","2":"type-post","3":"status-publish","4":"format-standard","5":"has-post-thumbnail","7":"category-television","8":"tag-divertissement","9":"tag-entertainment","10":"tag-etats-unis","11":"tag-fr","12":"tag-france","13":"tag-international","14":"tag-jimmy-kimmel","15":"tag-late-show","16":"tag-television","17":"tag-tv"},"share_on_mastodon":{"url":"https:\/\/pubeurope.com\/@fr\/115748785123436308","error":""},"_links":{"self":[{"href":"https:\/\/www.europesays.com\/fr\/wp-json\/wp\/v2\/posts\/610503","targetHints":{"allow":["GET"]}}],"collection":[{"href":"https:\/\/www.europesays.com\/fr\/wp-json\/wp\/v2\/posts"}],"about":[{"href":"https:\/\/www.europesays.com\/fr\/wp-json\/wp\/v2\/types\/post"}],"author":[{"embeddable":true,"href":"https:\/\/www.europesays.com\/fr\/wp-json\/wp\/v2\/users\/2"}],"replies":[{"embeddable":true,"href":"https:\/\/www.europesays.com\/fr\/wp-json\/wp\/v2\/comments?post=610503"}],"version-history":[{"count":0,"href":"https:\/\/www.europesays.com\/fr\/wp-json\/wp\/v2\/posts\/610503\/revisions"}],"wp:featuredmedia":[{"embeddable":true,"href":"https:\/\/www.europesays.com\/fr\/wp-json\/wp\/v2\/media\/610504"}],"wp:attachment":[{"href":"https:\/\/www.europesays.com\/fr\/wp-json\/wp\/v2\/media?parent=610503"}],"wp:term":[{"taxonomy":"category","embeddable":true,"href":"https:\/\/www.europesays.com\/fr\/wp-json\/wp\/v2\/categories?post=610503"},{"taxonomy":"post_tag","embeddable":true,"href":"https:\/\/www.europesays.com\/fr\/wp-json\/wp\/v2\/tags?post=610503"}],"curies":[{"name":"wp","href":"https:\/\/api.w.org\/{rel}","templated":true}]}}