{"id":610505,"date":"2025-12-19T23:17:14","date_gmt":"2025-12-19T23:17:14","guid":{"rendered":"https:\/\/www.europesays.com\/fr\/610505\/"},"modified":"2025-12-19T23:17:14","modified_gmt":"2025-12-19T23:17:14","slug":"le-rappeur-hatik-fait-escale-a-figeac-pour-un-showcase-dans-la-boite-de-nuit-le-4-6","status":"publish","type":"post","link":"https:\/\/www.europesays.com\/fr\/610505\/","title":{"rendered":"Le rappeur Hatik fait escale \u00e0 Figeac pour un showcase dans la bo\u00eete de nuit le 4.6"},"content":{"rendered":"<p>\n                                                                    l&rsquo;essentiel<br \/>\n                                                                Le 4.6 Club de Figeac accueille Hatik pour un showcase in\u00e9dit. Ce concert marque la premi\u00e8re venue de l\u2019artiste dans la r\u00e9gion.\n                            <\/p>\n<p>Le 4.6 Club frappe fort en cette fin d\u2019ann\u00e9e. Ce samedi 20\u00a0d\u00e9cembre, le rappeur Hatik, un des artistes les plus populaires de la sc\u00e8ne urbaine actuelle, se produira en showcase dans la bo\u00eete de nuit figeacoise, le 4.6.\u00a0Un \u00e9v\u00e9nement, marquant la premi\u00e8re venue de l\u2019artiste dans le secteur, et un rendez-vous attendu par un public bien au-del\u00e0 du Lot.<\/p>\n<p>Le 4.6 dynamise l\u2019offre culturelle\u00a0figeacoise<\/p>\n<p>R\u00e9v\u00e9l\u00e9 au grand public par son r\u00f4le marquant dans la s\u00e9rie \u00e0 succ\u00e8s\u00a0Valid\u00e9, Hatik a rapidement confirm\u00e9 son statut d\u2019artiste incontournable gr\u00e2ce \u00e0 une s\u00e9rie de titres devenus des tubes.<\/p>\n<p class=\"std-elt__inline\">\n        <strong>\u00c0 lire aussi :<\/strong><br \/>\n        <a href=\"https:\/\/www.ladepeche.fr\/2025\/02\/17\/le-rappeur-elams-attendu-samedi-pour-un-showcase-exceptionnel-au-46-club-de-laiguille-a-figeac-12518241.php\" target=\"_blank\" rel=\"noopener\">Le rappeur Elams attendu samedi pour un showcase exceptionnel au 4.6 club de l\u2019Aiguille \u00e0 Figeac<\/a>\n    <\/p>\n<p>De son c\u00f4t\u00e9, avec ce showcase, le 4.6 Club poursuit sa volont\u00e9 de d\u00e9velopper une v\u00e9ritable offre culturelle locale, en proposant \u00e0 Figeac des artistes habituellement programm\u00e9s dans les grandes salles ou les m\u00e9tropoles r\u00e9gionales. Ce fut le cas avec Black M, le samedi 8\u00a0novembre.<\/p>\n<p class=\"std-elt__inline\">\n        <strong>\u00c0 lire aussi :<\/strong><br \/>\n        <a href=\"https:\/\/www.ladepeche.fr\/2025\/11\/06\/le-chanteur-black-m-sera-samedi-soir-a-figeac-pour-un-showcase-au-46-club-13036951.php\" target=\"_blank\" rel=\"noopener\">Le chanteur Black M sera samedi soir \u00e0 Figeac pour un showcase au 4.6 Club<\/a>\n    <\/p>\n<p>Ouvert chaque\u00a0jeudi, vendredi et samedi, le 4.6 Club accueille tout au long de l\u2019ann\u00e9e\u00a0plusieurs showcases et DJs invit\u00e9s, affirmant une programmation r\u00e9guli\u00e8re et ambitieuse, au service de la vie nocturne du territoire.<\/p>\n","protected":false},"excerpt":{"rendered":"l&rsquo;essentiel Le 4.6 Club de Figeac accueille Hatik pour un showcase in\u00e9dit. Ce concert marque la premi\u00e8re venue&hellip;\n","protected":false},"author":2,"featured_media":610506,"comment_status":"","ping_status":"","sticky":false,"template":"","format":"standard","meta":{"footnotes":""},"categories":[1355],"tags":[70521,4156,872,58,59,1011,27,20064,1361,873,853],"class_list":{"0":"post-610505","1":"post","2":"type-post","3":"status-publish","4":"format-standard","5":"has-post-thumbnail","7":"category-musique","8":"tag-cahors","9":"tag-concerts","10":"tag-culture-et-loisirs","11":"tag-divertissement","12":"tag-entertainment","13":"tag-fr","14":"tag-france","15":"tag-lot","16":"tag-music","17":"tag-musique","18":"tag-spectacles"},"share_on_mastodon":{"url":"https:\/\/pubeurope.com\/@fr\/115748788430566453","error":""},"_links":{"self":[{"href":"https:\/\/www.europesays.com\/fr\/wp-json\/wp\/v2\/posts\/610505","targetHints":{"allow":["GET"]}}],"collection":[{"href":"https:\/\/www.europesays.com\/fr\/wp-json\/wp\/v2\/posts"}],"about":[{"href":"https:\/\/www.europesays.com\/fr\/wp-json\/wp\/v2\/types\/post"}],"author":[{"embeddable":true,"href":"https:\/\/www.europesays.com\/fr\/wp-json\/wp\/v2\/users\/2"}],"replies":[{"embeddable":true,"href":"https:\/\/www.europesays.com\/fr\/wp-json\/wp\/v2\/comments?post=610505"}],"version-history":[{"count":0,"href":"https:\/\/www.europesays.com\/fr\/wp-json\/wp\/v2\/posts\/610505\/revisions"}],"wp:featuredmedia":[{"embeddable":true,"href":"https:\/\/www.europesays.com\/fr\/wp-json\/wp\/v2\/media\/610506"}],"wp:attachment":[{"href":"https:\/\/www.europesays.com\/fr\/wp-json\/wp\/v2\/media?parent=610505"}],"wp:term":[{"taxonomy":"category","embeddable":true,"href":"https:\/\/www.europesays.com\/fr\/wp-json\/wp\/v2\/categories?post=610505"},{"taxonomy":"post_tag","embeddable":true,"href":"https:\/\/www.europesays.com\/fr\/wp-json\/wp\/v2\/tags?post=610505"}],"curies":[{"name":"wp","href":"https:\/\/api.w.org\/{rel}","templated":true}]}}