{"id":610519,"date":"2025-12-19T23:24:12","date_gmt":"2025-12-19T23:24:12","guid":{"rendered":"https:\/\/www.europesays.com\/fr\/610519\/"},"modified":"2025-12-19T23:24:12","modified_gmt":"2025-12-19T23:24:12","slug":"bill-clinton-mick-jagger-michael-jackson-kevin-spacey-les-photos-de-laffaire-epstein-revelees-par-washington","status":"publish","type":"post","link":"https:\/\/www.europesays.com\/fr\/610519\/","title":{"rendered":"Bill Clinton, Mick Jagger, Michael Jackson, Kevin Spacey&#8230; Les photos de l\u2019affaire Epstein r\u00e9v\u00e9l\u00e9es par Washington"},"content":{"rendered":"<p>\n    Le Figaro a pu consulter une partie des photos constituant ce long dossier. L\u2019on peut notamment y voir des photographies de stars internationales aux c\u00f4t\u00e9s du criminel sexuel new-yorkais.<\/p>\n<p class=\"fig-paragraph\">Un dossier qui risque de cr\u00e9er un s\u00e9isme m\u00e9diatico-politique. L\u2019administration\u00a0<a href=\"http:\/\/www.lefigaro.fr\/vox\/monde\/l-editorial-de-philippe-gelie-entre-trump-et-poutine-l-europe-par-pertes-et-profits-20251219\" target=\"_blank\" data-fig-type=\"Article\" rel=\"noopener\" data-gtm-custom-categorie=\"navigation\" data-gtm-custom-action=\"crossclick\" data-gtm-custom-label=\"Contextuel\" data-gtm-event=\"customEventSPE\" data-fig-domain=\"LEFIGARO\">Trump<\/a>\u00a0a commenc\u00e9 \u00e0 rendre public vendredi 19 d\u00e9cembre des centaines de milliers de documents sur le scandale\u00a0<a href=\"http:\/\/madame.lefigaro.fr\/societe\/actu\/ces-photos-glacantes-de-citations-de-lolita-inscrites-sur-le-corps-de-jeunes-femmes-dans-le-cadre-de-l-affaire-epstein-20251219\" target=\"_blank\" data-fig-type=\"Article\" rel=\"noopener\" data-gtm-custom-categorie=\"navigation\" data-gtm-custom-action=\"crossclick\" data-gtm-custom-label=\"Contextuel\" data-gtm-event=\"customEventSPE\" data-fig-domain=\"MADAME\">Epstein<\/a>. Ces documents, issus de l\u2019enqu\u00eate men\u00e9e par les autorit\u00e9s am\u00e9ricaines sur l\u2019influent financier et criminel sexuel new-yorkais, mort en 2019, doivent aider \u00e0 faire la lumi\u00e8re sur ses liens pass\u00e9s avec des personnalit\u00e9s de premier plan, dont le pr\u00e9sident r\u00e9publicain.<\/p>\n<p class=\"fig-paragraph\">Le Figaro a pu consulter une partie des photos constituant ce long dossier. L\u2019on peut notamment y voir des photographies de stars internationales aux c\u00f4t\u00e9s du criminel sexuel new-yorkais, tels que le chanteur\u00a0<a href=\"http:\/\/www.lefigaro.fr\/flash-actu\/nous-avons-beaucoup-de-choses-a-montrer-jermaine-jackson-annonce-un-projet-de-musee-michael-jackson-a-monaco-20251203\" target=\"_blank\" data-fig-type=\"NewsFlash\" rel=\"noopener\" data-gtm-custom-categorie=\"navigation\" data-gtm-custom-action=\"crossclick\" data-gtm-custom-label=\"Contextuel\" data-gtm-event=\"customEventSPE\" data-fig-domain=\"LEFIGARO\">Michael Jackson<\/a>\u00a0ou l\u2019acteur aujourd\u2019hui\u00a0<a href=\"http:\/\/www.lefigaro.fr\/flash-actu\/royaume-uni-la-star-hollywoodienne-kevin-spacey-de-nouveau-devant-la-justice-en-octobre-2026-20251126\" target=\"_blank\" data-fig-type=\"NewsFlash\" rel=\"noopener\" data-gtm-custom-categorie=\"navigation\" data-gtm-custom-action=\"crossclick\" data-gtm-custom-label=\"Contextuel\" data-gtm-event=\"customEventSPE\" data-fig-domain=\"LEFIGARO\">Kevin Spacey<\/a>.<\/p>\n<p>                                            <a class=\"fig-a11y-skip\" href=\"#fig-a11y-skip-main-inarticle\" data-module=\"a11y-skip\" data-context=\"was @visible\"><br \/>\n    Passer la publicit\u00e9<br \/>\n<\/a>            <\/p>\n<p>                                            Bill Clinton dans une piscine<\/p>\n<p class=\"fig-paragraph\">L\u2019ancien pr\u00e9sident am\u00e9ricain Bill Clinton semble \u00e9galement particuli\u00e8rement proche de l\u2019homme d\u2019affaires retrouv\u00e9 pendu\u00a0: on peut le voir, notamment, nu dans une piscine int\u00e9rieure aux c\u00f4t\u00e9s de la partenaire de Jeffrey Epstein, Ghislaine Maxwell, ou tout sourire lors de d\u00e9placements internationaux. L\u2019ancienne duchesse d\u2019York,\u00a0<a href=\"http:\/\/madame.lefigaro.fr\/royaute\/la-menace-d-une-interview-explosive-de-sarah-ferguson-fait-trembler-le-palais-de-buckingham-20251124\" target=\"_blank\" data-fig-type=\"Article\" rel=\"noopener\" data-gtm-custom-categorie=\"navigation\" data-gtm-custom-action=\"crossclick\" data-gtm-custom-label=\"Contextuel\" data-gtm-event=\"customEventSPE\" data-fig-domain=\"MADAME\">Sarah Ferguson<\/a>, a \u00e9galement \u00e9t\u00e9 photographi\u00e9e \u00e0 plusieurs reprises, ainsi que le chanteur des Rolling Stones\u00a0<a href=\"http:\/\/www.lefigaro.fr\/musique\/burna-boy-tems-rema-comment-l-afrobeats-a-seduit-mick-jagger-stromae-et-le-monde-20250717\" target=\"_blank\" data-fig-type=\"Article\" rel=\"noopener\" data-gtm-custom-categorie=\"navigation\" data-gtm-custom-action=\"crossclick\" data-gtm-custom-label=\"Contextuel\" data-gtm-event=\"customEventSPE\" data-fig-domain=\"LEFIGARO\">Mick Jagger<\/a>. D\u2019autres images, que nous n\u2019avons pas publi\u00e9 pour l\u2019heure, montre des femmes nues, souvent jeunes, dans des positions \u00e9vocatrices.<\/p>\n<p class=\"fig-paragraph\">Alors qu\u2019il avait fait campagne en 2024 en promettant une totale transparence, Donald Trump a rechign\u00e9 pendant des mois \u00e0 tenir sa promesse, finissant par qualifier l\u2019affaire de \u00abcanular\u00bb instrumentalis\u00e9 par l\u2019opposition d\u00e9mocrate. Sa base \u00abMAGA\u00bb, obs\u00e9d\u00e9e par ce scandale, s\u2019\u00e9tait insurg\u00e9e quand le minist\u00e8re de la Justice avait annonc\u00e9 \u00e0 l\u2019\u00e9t\u00e9 n\u2019avoir d\u00e9couvert aucun \u00e9l\u00e9ment nouveau justifiant la publication de documents suppl\u00e9mentaires ou de nouvelles poursuites. Apr\u00e8s des mois de r\u00e9volte, le pr\u00e9sident a d\u00fb c\u00e9der \u00e0 la pression du Congr\u00e8s, y compris d\u2019\u00e9lus r\u00e9publicains, promulguant en novembre une loi imposant \u00e0 son gouvernement de publier l\u2019int\u00e9gralit\u00e9 des documents non classifi\u00e9s en sa possession. D\u2019autres \u00e9l\u00e9ments devraient \u00eatre publi\u00e9s par le minist\u00e8re de la Justice \u00abdans les prochaines semaines\u00bb.<\/p>\n","protected":false},"excerpt":{"rendered":"Le Figaro a pu consulter une partie des photos constituant ce long dossier. L\u2019on peut notamment y voir&hellip;\n","protected":false},"author":2,"featured_media":610520,"comment_status":"","ping_status":"","sticky":false,"template":"","format":"standard","meta":{"footnotes":""},"categories":[5],"tags":[11,14751,1011,27,14,12,28],"class_list":{"0":"post-610519","1":"post","2":"type-post","3":"status-publish","4":"format-standard","5":"has-post-thumbnail","7":"category-international","8":"tag-actualites","9":"tag-affaire-epstein","10":"tag-fr","11":"tag-france","12":"tag-international","13":"tag-news","14":"tag-world"},"share_on_mastodon":{"url":"https:\/\/pubeurope.com\/@fr\/115748815873032206","error":""},"_links":{"self":[{"href":"https:\/\/www.europesays.com\/fr\/wp-json\/wp\/v2\/posts\/610519","targetHints":{"allow":["GET"]}}],"collection":[{"href":"https:\/\/www.europesays.com\/fr\/wp-json\/wp\/v2\/posts"}],"about":[{"href":"https:\/\/www.europesays.com\/fr\/wp-json\/wp\/v2\/types\/post"}],"author":[{"embeddable":true,"href":"https:\/\/www.europesays.com\/fr\/wp-json\/wp\/v2\/users\/2"}],"replies":[{"embeddable":true,"href":"https:\/\/www.europesays.com\/fr\/wp-json\/wp\/v2\/comments?post=610519"}],"version-history":[{"count":0,"href":"https:\/\/www.europesays.com\/fr\/wp-json\/wp\/v2\/posts\/610519\/revisions"}],"wp:featuredmedia":[{"embeddable":true,"href":"https:\/\/www.europesays.com\/fr\/wp-json\/wp\/v2\/media\/610520"}],"wp:attachment":[{"href":"https:\/\/www.europesays.com\/fr\/wp-json\/wp\/v2\/media?parent=610519"}],"wp:term":[{"taxonomy":"category","embeddable":true,"href":"https:\/\/www.europesays.com\/fr\/wp-json\/wp\/v2\/categories?post=610519"},{"taxonomy":"post_tag","embeddable":true,"href":"https:\/\/www.europesays.com\/fr\/wp-json\/wp\/v2\/tags?post=610519"}],"curies":[{"name":"wp","href":"https:\/\/api.w.org\/{rel}","templated":true}]}}