{"id":610521,"date":"2025-12-19T23:25:13","date_gmt":"2025-12-19T23:25:13","guid":{"rendered":"https:\/\/www.europesays.com\/fr\/610521\/"},"modified":"2025-12-19T23:25:13","modified_gmt":"2025-12-19T23:25:13","slug":"deux-etoiles-de-plus-dans-le-ciel-des-centaines-dhabitants-rendent-hommage-aux-victimes","status":"publish","type":"post","link":"https:\/\/www.europesays.com\/fr\/610521\/","title":{"rendered":"\u00ab\u00a0Deux \u00e9toiles de plus\u00a0\u00bb dans le ciel\u2026 Des centaines d\u2019habitants rendent hommage aux victimes"},"content":{"rendered":"<p>Sous une pluie froide, plusieurs centaines de personnes ont march\u00e9 vendredi dans les ruelles de Tr\u00e9voux (<a href=\"https:\/\/www.20minutes.fr\/dossier\/ain\" target=\"_blank\" class=\"c-link c-link--is-underlined\" rel=\"nofollow noopener\">Ain<\/a>) <a href=\"https:\/\/www.20minutes.fr\/faits_divers\/4191664-20251215-ain-explosion-immeuble-moins-cinq-victimes-medicalisees-place\" target=\"_blank\" class=\"c-link c-link--is-underlined\" rel=\"nofollow noopener\">en m\u00e9moire de Matthieu, 3 ans, et de son fr\u00e8re Thomas<\/a>, 5 ans, tu\u00e9s lundi dans l\u2019explosion de leur immeuble. Le drame, provoqu\u00e9 par le suicide au gaz de leur voisine de palier, a boulevers\u00e9 cette commune d\u2019environ 7.000 habitants situ\u00e9e \u00e0 une trentaine de kilom\u00e8tres de <a href=\"https:\/\/www.20minutes.fr\/lyon\/\" target=\"_blank\" class=\"c-link c-link--is-underlined\" rel=\"nofollow noopener\">Lyon<\/a>.<\/p>\n<p>Le cort\u00e8ge, silencieux sur pr\u00e8s de deux kilom\u00e8tres, \u00e9tait men\u00e9 par les parents des enfants, Katia et Bruno, leur grand fr\u00e8re Ma\u00ebl, 18 ans, bless\u00e9s lors de la d\u00e9flagration, ainsi que de nombreux proches. Ballons bleus et rouges \u00e0 la main, les participants ont rejoint un petit stade de basket, \u00e0 proximit\u00e9 des lieux du drame et de l\u2019\u00e9cole maternelle des Corbettes.<\/p>\n<p>Photos, bougies, fleurs et peluches<\/p>\n<p>Devant une grille recouverte de photos, de bougies, de fleurs et de peluches, un message a \u00e9t\u00e9 lu au nom des parents d\u2019\u00e9l\u00e8ves \u00e0 l\u2019origine de la marche. \u00ab\u00a0Depuis lundi soir, le ciel s\u2019est par\u00e9 de deux \u00e9toiles de plus qu\u2019il fait \u00e9tinceler. Deux petits anges s\u2019en retournent et le monde autour se d\u00e9robe\u00a0\u00bb, a d\u00e9clar\u00e9 une jeune fille sur le parvis de la mairie.<\/p>\n<\/p>\n<p>L\u2019explosion s\u2019est produite lundi vers 17h30 dans un immeuble r\u00e9sidentiel de quatre \u00e9tages. Selon les premiers \u00e9l\u00e9ments de l\u2019enqu\u00eate, <a href=\"https:\/\/www.20minutes.fr\/faits_divers\/4191674-20251216-victimes-enquete-sait-explosion-mortelle-immeuble-ain\" target=\"_blank\" class=\"c-link c-link--is-underlined\" rel=\"nofollow noopener\">la voisine des enfants, \u00e2g\u00e9e de 46 ans, a ouvert une conduite de gaz<\/a> dans son appartement avant de provoquer la d\u00e9flagration. Le mur attenant \u00e0 la chambre des deux gar\u00e7ons a \u00e9t\u00e9 souffl\u00e9 et le b\u00e2timent partiellement d\u00e9truit.<\/p>\n<p>\u00ab\u00a0A nos copains Matthieu et Thomas\u00a0\u00bb<\/p>\n<p>Treize personnes ont \u00e9t\u00e9 hospitalis\u00e9es en urgence relative et 53 autres prises en charge pour des blessures l\u00e9g\u00e8res ou un soutien psychologique. <a href=\"https:\/\/www.20minutes.fr\/faits_divers\/4191857-20251216-explosion-ain-mael-18-ans-tout-fait-essayer-sauver-deux-petits-demi-freres\" target=\"_blank\" class=\"c-link c-link--is-underlined\" rel=\"nofollow noopener\">Ma\u00ebl, lui aussi enseveli sous les gravats, a pu orienter les secours<\/a> vers ses fr\u00e8res gr\u00e2ce \u00e0 des messages envoy\u00e9s depuis son smartphone, sans que les \u00e9quipes de secours ne parviennent \u00e0 les r\u00e9animer.<\/p>\n<p><a href=\"https:\/\/www.20minutes.fr\/dossier\/ain\" target=\"_blank\" class=\"c-link c-btn c-btn--primary\" rel=\"nofollow noopener\">Toute l&rsquo;actualit\u00e9 dans l&rsquo;Ain<\/a><\/p>\n<p>Parmi les participants, Alexandra Galic, venue avec ses enfants, a r\u00e9sum\u00e9 l\u2019\u00e9motion et la col\u00e8re ressenties. \u00ab\u00a0Ces deux petits bouts, qui n\u2019avaient rien demand\u00e9\u2026 ben voil\u00e0, deux vies g\u00e2ch\u00e9es\u00a0\u00bb, a-t-elle confi\u00e9, avant d\u2019ajouter\u00a0: \u00ab\u00a0Ce n\u2019est pas la fatalit\u00e9, c\u2019est de l\u2019\u00e9go\u00efsme, quelque part, l\u2019\u00e9go\u00efsme d\u2019une personne\u00a0\u00bb. Dans le cort\u00e8ge, de jeunes enfants portaient un tee-shirt blanc sur lequel \u00e9tait inscrit\u00a0: \u00ab\u00a0A nos copains Matthieu et Thomas\u00a0\u00bb.<\/p>\n","protected":false},"excerpt":{"rendered":"Sous une pluie froide, plusieurs centaines de personnes ont march\u00e9 vendredi dans les ruelles de Tr\u00e9voux (Ain) en&hellip;\n","protected":false},"author":2,"featured_media":610522,"comment_status":"","ping_status":"","sticky":false,"template":"","format":"standard","meta":{"footnotes":""},"categories":[4],"tags":[47,11,2738,2430,3983,847,2688,1011,27,2142,66374,12,25,2431,104,5748],"class_list":{"0":"post-610521","1":"post","2":"type-post","3":"status-publish","4":"format-standard","5":"has-post-thumbnail","7":"category-france","8":"tag-actualite","9":"tag-actualites","10":"tag-ain","11":"tag-auvergne-rhone-alpes","12":"tag-deces","13":"tag-enfant","14":"tag-explosion","15":"tag-fr","16":"tag-france","17":"tag-maison","18":"tag-marche-blanche","19":"tag-news","20":"tag-republique-francaise","21":"tag-rhone-alpes","22":"tag-societe","23":"tag-suicide"},"share_on_mastodon":{"url":"https:\/\/pubeurope.com\/@fr\/115748819719667832","error":""},"_links":{"self":[{"href":"https:\/\/www.europesays.com\/fr\/wp-json\/wp\/v2\/posts\/610521","targetHints":{"allow":["GET"]}}],"collection":[{"href":"https:\/\/www.europesays.com\/fr\/wp-json\/wp\/v2\/posts"}],"about":[{"href":"https:\/\/www.europesays.com\/fr\/wp-json\/wp\/v2\/types\/post"}],"author":[{"embeddable":true,"href":"https:\/\/www.europesays.com\/fr\/wp-json\/wp\/v2\/users\/2"}],"replies":[{"embeddable":true,"href":"https:\/\/www.europesays.com\/fr\/wp-json\/wp\/v2\/comments?post=610521"}],"version-history":[{"count":0,"href":"https:\/\/www.europesays.com\/fr\/wp-json\/wp\/v2\/posts\/610521\/revisions"}],"wp:featuredmedia":[{"embeddable":true,"href":"https:\/\/www.europesays.com\/fr\/wp-json\/wp\/v2\/media\/610522"}],"wp:attachment":[{"href":"https:\/\/www.europesays.com\/fr\/wp-json\/wp\/v2\/media?parent=610521"}],"wp:term":[{"taxonomy":"category","embeddable":true,"href":"https:\/\/www.europesays.com\/fr\/wp-json\/wp\/v2\/categories?post=610521"},{"taxonomy":"post_tag","embeddable":true,"href":"https:\/\/www.europesays.com\/fr\/wp-json\/wp\/v2\/tags?post=610521"}],"curies":[{"name":"wp","href":"https:\/\/api.w.org\/{rel}","templated":true}]}}