{"id":610529,"date":"2025-12-19T23:29:14","date_gmt":"2025-12-19T23:29:14","guid":{"rendered":"https:\/\/www.europesays.com\/fr\/610529\/"},"modified":"2025-12-19T23:29:14","modified_gmt":"2025-12-19T23:29:14","slug":"repreneur-de-api-tech-frederic-deprun-se-livre","status":"publish","type":"post","link":"https:\/\/www.europesays.com\/fr\/610529\/","title":{"rendered":"repreneur de API Tech, Fr\u00e9d\u00e9ric Deprun se livre"},"content":{"rendered":"<p>Quand il nous a re\u00e7us ce mardi dans les locaux de FLD Tech \u00e0 Seichamps, Fr\u00e9d\u00e9ric Deprun a \u00e9t\u00e9 \u00ab\u00a0cash\u00a0\u00bb\u00a0: il n\u2019avait pas envie d\u2019\u00eatre sous le feu des projecteurs, ni par les mots, ni par l\u2019image. \u00ab\u00a0Beaucoup de choses ont \u00e9t\u00e9 dites et aujourd\u2019hui, j\u2019ai envie d\u2019une vie plus discr\u00e8te, plus calme\u00a0\u00bb confiait le dirigeant.<\/p>\n<p>Il est vrai que les derniers mois n\u2019ont pas \u00e9t\u00e9 de tout repos pour le fondateur d\u2019API Tech, un fabricant de distributeur&#8230;<\/p>\n","protected":false},"excerpt":{"rendered":"Quand il nous a re\u00e7us ce mardi dans les locaux de FLD Tech \u00e0 Seichamps, Fr\u00e9d\u00e9ric Deprun a&hellip;\n","protected":false},"author":2,"featured_media":610530,"comment_status":"","ping_status":"","sticky":false,"template":"","format":"standard","meta":{"footnotes":""},"categories":[9635],"tags":[1111,11,4406,33,1704,1777,674,1011,27,775,11362,3457,1702,12,25,13654],"class_list":{"0":"post-610529","1":"post","2":"type-post","3":"status-publish","4":"format-standard","5":"has-post-thumbnail","7":"category-nancy","8":"tag-actu","9":"tag-actualites","10":"tag-commerce-et-services","11":"tag-economie","12":"tag-edition-nancy-et-agglomeration","13":"tag-eu","14":"tag-europe","15":"tag-fr","16":"tag-france","17":"tag-grand-est","18":"tag-metropole-du-grand-nancy-54b3","19":"tag-meurthe-et-moselle","20":"tag-nancy","21":"tag-news","22":"tag-republique-francaise","23":"tag-seichamps"},"share_on_mastodon":{"url":"https:\/\/pubeurope.com\/@fr\/115748835423783306","error":""},"_links":{"self":[{"href":"https:\/\/www.europesays.com\/fr\/wp-json\/wp\/v2\/posts\/610529","targetHints":{"allow":["GET"]}}],"collection":[{"href":"https:\/\/www.europesays.com\/fr\/wp-json\/wp\/v2\/posts"}],"about":[{"href":"https:\/\/www.europesays.com\/fr\/wp-json\/wp\/v2\/types\/post"}],"author":[{"embeddable":true,"href":"https:\/\/www.europesays.com\/fr\/wp-json\/wp\/v2\/users\/2"}],"replies":[{"embeddable":true,"href":"https:\/\/www.europesays.com\/fr\/wp-json\/wp\/v2\/comments?post=610529"}],"version-history":[{"count":0,"href":"https:\/\/www.europesays.com\/fr\/wp-json\/wp\/v2\/posts\/610529\/revisions"}],"wp:featuredmedia":[{"embeddable":true,"href":"https:\/\/www.europesays.com\/fr\/wp-json\/wp\/v2\/media\/610530"}],"wp:attachment":[{"href":"https:\/\/www.europesays.com\/fr\/wp-json\/wp\/v2\/media?parent=610529"}],"wp:term":[{"taxonomy":"category","embeddable":true,"href":"https:\/\/www.europesays.com\/fr\/wp-json\/wp\/v2\/categories?post=610529"},{"taxonomy":"post_tag","embeddable":true,"href":"https:\/\/www.europesays.com\/fr\/wp-json\/wp\/v2\/tags?post=610529"}],"curies":[{"name":"wp","href":"https:\/\/api.w.org\/{rel}","templated":true}]}}