{"id":610534,"date":"2025-12-19T23:32:22","date_gmt":"2025-12-19T23:32:22","guid":{"rendered":"https:\/\/www.europesays.com\/fr\/610534\/"},"modified":"2025-12-19T23:32:22","modified_gmt":"2025-12-19T23:32:22","slug":"le-tournoi-maurice-revello-ex-tournoi-de-toulon-change-de-tete-avec-larrivee-de-stephane-abreu","status":"publish","type":"post","link":"https:\/\/www.europesays.com\/fr\/610534\/","title":{"rendered":"le tournoi Maurice-Revello, ex-tournoi de Toulon, change de t\u00eate avec l&rsquo;arriv\u00e9e de St\u00e9phane Abreu"},"content":{"rendered":"<p>La passation de pouvoir \u00e9tait attendue depuis plusieurs mois. Apr\u00e8s avoir <a href=\"https:\/\/www.laprovence.com\/article\/sports\/41735662141322\/football-lukraine-remporte-le-50e-tournoi-maurice-revello-aux-tirs-au-but\" target=\"_blank\" rel=\"noopener\">organis\u00e9 le 50e Festival international espoirs en 2024<\/a>, Alain Revello avait fait part de son souhait de se retirer. L&rsquo;ancien journaliste de Var Matin, \u00e2g\u00e9 de 68 ans, peut d\u00e9sormais faire ses cartons : d\u00e9but 2026, il quittera Camps-la-Source (Var) pour le Finist\u00e8re Sud. L&rsquo;ex-tournoi de Toulon, <a href=\"https:\/\/www.laprovence.com\/article\/sports\/1409762506448615\/football-a-salon-la-france-remporte-le-tournoi-maurice-revello-pour-la-14e-fois-de-son-histoire\" target=\"_blank\" rel=\"noopener\">remport\u00e9 par la France l&rsquo;\u00e9t\u00e9 dernier<\/a>, est d\u00e9sormais entre les mains du Toulonnais St\u00e9phane Abreu (53 ans), pr\u00e9sident de la soci\u00e9t\u00e9 Move to meet.<\/p>\n<p>\u00ab\u00a0Upgrader\u00a0\u00bb tous les domaines<\/p>\n<p>\u00ab\u00a0En tant que Toulonnais, j&rsquo;ai connu le tournoi petit puisque mon p\u00e8re m&rsquo;amenait voir les matches, se souvient le nouveau boss du TMR. Et puis, apr\u00e8s un parcours dans l&rsquo;h\u00f4tellerie, j&rsquo;ai cr\u00e9\u00e9 ma bo\u00eete d&rsquo;\u00e9v\u00e9nementiel en 2007. C&rsquo;est l\u00e0 que le hasard fait bien les choses puisque je croise Philippe Revello (fils de Maurice et fr\u00e8re d&rsquo;Alain), qui \u00e9tait le prof d&rsquo;anglais de mon \u00e9pouse.\u00a0\u00bb De plus en plus en d\u00e9licatesse avec les demandes pointilleuses des s\u00e9lections invit\u00e9es, le tournoi cherche \u00e0 professionnaliser son accueil. D\u00e8s 2008, Abreu int\u00e8gre l&rsquo;organisation. Or, \u00ab\u00a0l&rsquo;h\u00e9bergement des s\u00e9lections est, avec la recherche des terrains d&rsquo;entra\u00eenement et de comp\u00e9ti&#8230;<\/p>\n","protected":false},"excerpt":{"rendered":"La passation de pouvoir \u00e9tait attendue depuis plusieurs mois. Apr\u00e8s avoir organis\u00e9 le 50e Festival international espoirs en&hellip;\n","protected":false},"author":2,"featured_media":610535,"comment_status":"","ping_status":"","sticky":false,"template":"","format":"standard","meta":{"footnotes":""},"categories":[9619],"tags":[17,1111,11,6861,1777,674,72148,63,1011,27,72147,12,882,25,60,17643,2310,9621],"class_list":{"0":"post-610534","1":"post","2":"type-post","3":"status-publish","4":"format-standard","5":"has-post-thumbnail","7":"category-toulon","8":"tag-17","9":"tag-actu","10":"tag-actualites","11":"tag-change","12":"tag-eu","13":"tag-europe","14":"tag-ex-tournoi","15":"tag-football","16":"tag-fr","17":"tag-france","18":"tag-maurice-revello","19":"tag-news","20":"tag-provence-alpes-cote-dazur","21":"tag-republique-francaise","22":"tag-sports","23":"tag-tete","24":"tag-toulon","25":"tag-tournoi"},"share_on_mastodon":{"url":"https:\/\/pubeurope.com\/@fr\/115748847318007147","error":""},"_links":{"self":[{"href":"https:\/\/www.europesays.com\/fr\/wp-json\/wp\/v2\/posts\/610534","targetHints":{"allow":["GET"]}}],"collection":[{"href":"https:\/\/www.europesays.com\/fr\/wp-json\/wp\/v2\/posts"}],"about":[{"href":"https:\/\/www.europesays.com\/fr\/wp-json\/wp\/v2\/types\/post"}],"author":[{"embeddable":true,"href":"https:\/\/www.europesays.com\/fr\/wp-json\/wp\/v2\/users\/2"}],"replies":[{"embeddable":true,"href":"https:\/\/www.europesays.com\/fr\/wp-json\/wp\/v2\/comments?post=610534"}],"version-history":[{"count":0,"href":"https:\/\/www.europesays.com\/fr\/wp-json\/wp\/v2\/posts\/610534\/revisions"}],"wp:featuredmedia":[{"embeddable":true,"href":"https:\/\/www.europesays.com\/fr\/wp-json\/wp\/v2\/media\/610535"}],"wp:attachment":[{"href":"https:\/\/www.europesays.com\/fr\/wp-json\/wp\/v2\/media?parent=610534"}],"wp:term":[{"taxonomy":"category","embeddable":true,"href":"https:\/\/www.europesays.com\/fr\/wp-json\/wp\/v2\/categories?post=610534"},{"taxonomy":"post_tag","embeddable":true,"href":"https:\/\/www.europesays.com\/fr\/wp-json\/wp\/v2\/tags?post=610534"}],"curies":[{"name":"wp","href":"https:\/\/api.w.org\/{rel}","templated":true}]}}