{"id":610536,"date":"2025-12-19T23:33:21","date_gmt":"2025-12-19T23:33:21","guid":{"rendered":"https:\/\/www.europesays.com\/fr\/610536\/"},"modified":"2025-12-19T23:33:21","modified_gmt":"2025-12-19T23:33:21","slug":"un-membre-du-commando-arrete","status":"publish","type":"post","link":"https:\/\/www.europesays.com\/fr\/610536\/","title":{"rendered":"un membre du commando arr\u00eat\u00e9"},"content":{"rendered":"<p>                    Par<br \/>\n        <strong><br \/>\n            <a href=\"https:\/\/actu.fr\/auteur\/jm-aubert\" title=\"Consulter tous les articles de Jean-Marc Aubert\" target=\"_blank\" rel=\"noopener\">Jean-Marc Aubert<\/a><br \/>\n                    <\/strong><\/p>\n<p>        Publi\u00e9 le<\/p>\n<p>            19 d\u00e9c. 2025 \u00e0 16h01<br \/>\n        ; mis \u00e0 jour le 19 d\u00e9c. 2025 \u00e0 16h18    <\/p>\n<p>\/ EXCLUSIF M\u00c9TROPOLITAIN \/<\/p>\n<p class=\" wall-content\"><strong>Rebondissement<\/strong> dans l\u2019enqu\u00eate sur l\u2019<strong>incendie criminel<\/strong> de l\u2019\u00e9picerie de nuit de la Tour Saint-Martin, \u00e0 <strong>Montpellier<\/strong> : un membre du commando s\u2019est constitu\u00e9 prisonnier.<\/p>\n<p class=\" wall-content\">Alors que les investigations sont men\u00e9es tambour battant par le <strong>Service interd\u00e9partemental de police judiciaire<\/strong> -Sipj- de la DIPN 34, ces derniers jours, un jeune montpelli\u00e9rain s\u2019est pr\u00e9sent\u00e9 spontan\u00e9ment \u00e0 l\u2019h\u00f4tel de police de Montpellier en r\u00e9v\u00e9lant avoir eu une part active dans l\u2019exp\u00e9dition punitive de la nuit de jeudi 20 \u00e0 vendredi 21 novembre 2025, dans l\u2019\u00e9picerie de nuit \u00ab\u00a0Alimentation de la Tour\u00a0\u00bb, \u00a0au rez-de-chauss\u00e9e de la Tour du quartier Saint-Martin, 7 rue du Grau, o\u00f9 Nadir, un employ\u00e9 \u00e2g\u00e9 de 19 ans est d\u00e9c\u00e9d\u00e9 pi\u00e9g\u00e9 par les flammes, apr\u00e8s le jet d\u2019un cocktail Molotov.<\/p>\n<p>    <a href=\"https:\/\/www.google.com\/maps\/embed?pb=!1m18!1m12!1m3!1d4613.695759323836!2d3.8836351742673476!3d43.59182773547646!2m3!1f0!2f0!3f0!3m2!1i1024!2i768!4f13.1!3m3!1m2!1s0x12b6afbfdbf71d0b%3A0x8a0960b9accfa9b0!2s7%20Rue%20du%20Grau%2C%2034070%20Montpellier!5e0!3m2!1sfr!2sfr!4v1766156348291!5m2!1sfr!2sfr\" title=\"Ouvrie le lien\" target=\"_blank\" rel=\"noopener\">Cliquez ici pour visualiser le contenu<\/a><\/p>\n<p class=\" wall-content\"><strong>Pris de remords<\/strong>, ce complice qui aurait servi de chauffeur pour r\u00e9cup\u00e9rer deux individus -des inconnus selon lui- dans une zone isol\u00e9e de la commune de Pignan pour les conduire \u00e0 proximit\u00e9 du commerce, puis pour les ramener, aurait finalement d\u00e9cid\u00e9 de se rendre aux services de police, le fardeau \u00e9tant trop lourd \u00e0 porter, car, selon nos informations, il ignorait que le geste aurait \u00e9t\u00e9 r\u00e9alis\u00e9 avec l\u2019employ\u00e9 rest\u00e9 \u00e0 l\u2019 int\u00e9rieur.<\/p>\n<p class=\" wall-content\">Les deux auteurs pr\u00e9sum\u00e9s qui n\u2019ont pas \u00e9t\u00e9 identifi\u00e9s, ni le commanditaire auraient tir\u00e9 des coups de feu au fusil \u00e0 pompe devant la devanture du commerce pour faire sortir cet employ\u00e9, qui, en r\u00e9alit\u00e9, apeur\u00e9 s\u2019est r\u00e9fugi\u00e9 au fond, derri\u00e8re le comptoir, croyant \u00eatre \u00e0 l\u2019abri. Ont-ils cru qu\u2019il avait fui, comme le t\u00e9moin qui se trouvait devant l\u2019\u00e9picerie au moment de l\u2019irruption du duo ?\u00a0<\/p>\n<p>Vid\u00e9os : en ce moment sur Actu<\/p>\n<p class=\" wall-content\">Plac\u00e9 en garde \u00e0 vue et longuement auditionn\u00e9 dans la foul\u00e9e de sa venue au commissariat central, le complice pr\u00e9sum\u00e9 a \u00e9t\u00e9 d\u00e9f\u00e9r\u00e9 au parquet, puis devant le juge d\u2019instruction du tribunal de Montpellier en charge de l\u2019information judiciaire contre X ouverte pour <strong>assassinat<\/strong>, tentative d\u2019assassinat et destruction par incendie en bande organis\u00e9e.<\/p>\n<p>Votre r\u00e9gion, votre actu !<\/p>\n<p>Recevez chaque jour les infos qui comptent pour vous.<\/p>\n<p>\t<a href=\"https:\/\/actu.fr\/newsletter\" class=\"ac-btn ac-btn--corner ac-btn--medium ac-btn--blue800\" target=\"_blank\" rel=\"noopener\">S&rsquo;incrire<\/a><\/p>\n<p class=\" wall-content\">Mis en examen de ces chefs passibles de la cour d\u2019assises, il a \u00e9t\u00e9 plac\u00e9 sous mandat de d\u00e9p\u00f4t dans un centre p\u00e9nitentiaire d\u2019Occitanie. L\u2019instruction se poursuit, le juge ayant d\u00e9livr\u00e9 une commission rogatoire aux policiers de la <strong>division de la criminalit\u00e9 organis\u00e9e et sp\u00e9cialis\u00e9e<\/strong> -DCOS- du Sipj, pour tenter de remonter au commanditaire, aux deux ex\u00e9cutants et \u00e9tablir le mobile, sans doute sur fond de r\u00e8glement de compte entre narcotrafiquants. Quelques jours plus t\u00f4t, <a href=\"https:\/\/actu.fr\/occitanie\/montpellier_34172\/narcotrafic-a-montpellier-une-epicerie-vandalisee-un-mois-apres-avoir-ete-incendiee_63576182.html\" target=\"_blank\" rel=\"noopener\">une autre \u00e9picerie de nuit avait \u00e9t\u00e9 incendi\u00e9e,<\/a> non loin de l\u00e0, sur l\u2019avenue du Mar\u00e9chal Leclerc, une enseigne vandalis\u00e9e ces derniers jours. Existe t-il un lien entre ces affaires qui secouent le quartier Saint-Martin ? Myst\u00e8re.<\/p>\n<p class=\" wall-content\">Personnalisez votre actualit\u00e9 en ajoutant vos villes et m\u00e9dias en favori avec <a href=\"https:\/\/moncompte.actu.fr\" title=\"D\u00e9couvez Mon Actu\" rel=\"nofollow noopener\" data-trk=\"{&quot;cta&quot;:{&quot;action&quot;:&quot;https:\\\/\\\/moncompte.actu.fr&quot;,&quot;category&quot;:&quot;mon compte&quot;,&quot;from&quot;:&quot;article footer&quot;,&quot;name&quot;:&quot;Mon actu&quot;,&quot;type&quot;:&quot;cta&quot;}}\" target=\"_blank\">Mon Actu<\/a>.<\/p>\n","protected":false},"excerpt":{"rendered":"Par Jean-Marc Aubert Publi\u00e9 le 19 d\u00e9c. 2025 \u00e0 16h01 ; mis \u00e0 jour le 19 d\u00e9c. 2025&hellip;\n","protected":false},"author":2,"featured_media":610537,"comment_status":"","ping_status":"","sticky":false,"template":"","format":"standard","meta":{"footnotes":""},"categories":[9599],"tags":[1111,11,1777,674,118,1011,27,1310,303,2208,12,2680,1072,25],"class_list":{"0":"post-610536","1":"post","2":"type-post","3":"status-publish","4":"format-standard","5":"has-post-thumbnail","7":"category-montpellier","8":"tag-actu","9":"tag-actualites","10":"tag-eu","11":"tag-europe","12":"tag-faits-divers","13":"tag-fr","14":"tag-france","15":"tag-incendie","16":"tag-justice","17":"tag-montpellier","18":"tag-news","19":"tag-occitanie","20":"tag-police","21":"tag-republique-francaise"},"share_on_mastodon":{"url":"https:\/\/pubeurope.com\/@fr\/115748851210126907","error":""},"_links":{"self":[{"href":"https:\/\/www.europesays.com\/fr\/wp-json\/wp\/v2\/posts\/610536","targetHints":{"allow":["GET"]}}],"collection":[{"href":"https:\/\/www.europesays.com\/fr\/wp-json\/wp\/v2\/posts"}],"about":[{"href":"https:\/\/www.europesays.com\/fr\/wp-json\/wp\/v2\/types\/post"}],"author":[{"embeddable":true,"href":"https:\/\/www.europesays.com\/fr\/wp-json\/wp\/v2\/users\/2"}],"replies":[{"embeddable":true,"href":"https:\/\/www.europesays.com\/fr\/wp-json\/wp\/v2\/comments?post=610536"}],"version-history":[{"count":0,"href":"https:\/\/www.europesays.com\/fr\/wp-json\/wp\/v2\/posts\/610536\/revisions"}],"wp:featuredmedia":[{"embeddable":true,"href":"https:\/\/www.europesays.com\/fr\/wp-json\/wp\/v2\/media\/610537"}],"wp:attachment":[{"href":"https:\/\/www.europesays.com\/fr\/wp-json\/wp\/v2\/media?parent=610536"}],"wp:term":[{"taxonomy":"category","embeddable":true,"href":"https:\/\/www.europesays.com\/fr\/wp-json\/wp\/v2\/categories?post=610536"},{"taxonomy":"post_tag","embeddable":true,"href":"https:\/\/www.europesays.com\/fr\/wp-json\/wp\/v2\/tags?post=610536"}],"curies":[{"name":"wp","href":"https:\/\/api.w.org\/{rel}","templated":true}]}}