{"id":610538,"date":"2025-12-19T23:34:23","date_gmt":"2025-12-19T23:34:23","guid":{"rendered":"https:\/\/www.europesays.com\/fr\/610538\/"},"modified":"2025-12-19T23:34:23","modified_gmt":"2025-12-19T23:34:23","slug":"replay-football-coupe-de-france-montpellier-lemporte-face-a-canet-et-rejoint-les-16e-de-finale","status":"publish","type":"post","link":"https:\/\/www.europesays.com\/fr\/610538\/","title":{"rendered":"REPLAY. Football \u2013 Coupe de France\u00a0: Montpellier l&#8217;emporte face \u00e0 Canet et rejoint les 16e de finale"},"content":{"rendered":"<p>Canet-en-Roussillon 0 &#8211; 1 Montpellier<\/p>\n<p>45+1&prime; C&rsquo;est la pause \u00e0 Gilbert-Brutus<\/p>\n<p class=\"live-post__amorce\">Score nul et vierge entre Canet et Montpellier apr\u00e8s une premi\u00e8re mi-temps anim\u00e9e. Les Can\u00e9tois sortent les muscles face \u00e0 la formation de Ligue 2. <\/p>\n<p>43&prime; Canet fr\u00f4le la correctionnelle<\/p>\n<p class=\"live-post__amorce\">Montpellier reprend les dessus physiquement et s&rsquo;installe depuis de longues minutes dans la moiti\u00e9 de terrain de Canet. Sur un centre bien dos\u00e9, Everson Pereira Da Silva met le ballon au fond des buts mais le drapeau se l\u00e8ve. Ouf pour Canet, le but est refus\u00e9. <\/p>\n<p>25&prime; Canet continue de tenir<\/p>\n<p class=\"live-post__amorce\">Et les Catalans font plus que tenir bon, ils tiennent la drag\u00e9e haute aux joueurs de Montpellier.<\/p>\n<p>7&prime; Canet r\u00e9pond vite\u00a0<\/p>\n<p class=\"live-post__amorce\">C&rsquo;est LA grosse occasion du d\u00e9but de match. Samy El Khiar d\u00e9borde c\u00f4t\u00e9 droit. L&rsquo;ailier can\u00e9tois donne une longue transversale parfaitement dos\u00e9e sur Pablo Bonneil qui n&rsquo;a plus qu&rsquo;\u00e0 marquer. Le gardien est battu mais la frappe du lat\u00e9ral catalan fuit le cadre&#8230; Magnifique occasion des locaux. <\/p>\n<p>4&prime; Premi\u00e8re frayeur du MHSC<\/p>\n<p class=\"live-post__amorce\">Les H\u00e9raultais gagnent un coup franc. Nicolas Pays met le ballon au point de p\u00e9nalty et Enzo Tchato est \u00e0 la retomb\u00e9e. Le lat\u00e9ral montpelli\u00e9rain frappe au but mais se heurte \u00e0 une magnifique parade de Damien Graves. <\/p>\n<p>0&prime; C&rsquo;est parti \u00e0 Gilbert-Brutus !<\/p>\n<p class=\"live-post__amorce\">Montpellier donne le coup d&rsquo;envoi et part jouer loin dans le camp de Canet<\/p>\n<p>Bonjour \u00e0 toutes \u00e0 tous !<\/p>\n<p class=\"live-post__amorce\">C&rsquo;est le feu \u00e0 Gilbert-Brutus ! Les poteaux de rugby ont laiss\u00e9 place aux cages de football le temps d&rsquo;une soir\u00e9e. Canet joue une place en 16\u00e8me de finale de Coupe de France sur la m\u00eame pelouse que celle sur laquelle ils avaient \u00e9limin\u00e9s l&rsquo;Olympique de Marseille quelques ann\u00e9es auparavant.<\/p>\n","protected":false},"excerpt":{"rendered":"Canet-en-Roussillon 0 &#8211; 1 Montpellier 45+1&prime; C&rsquo;est la pause \u00e0 Gilbert-Brutus Score nul et vierge entre Canet et&hellip;\n","protected":false},"author":2,"featured_media":610539,"comment_status":"","ping_status":"","sticky":false,"template":"","format":"standard","meta":{"footnotes":""},"categories":[9599],"tags":[1111,11,69012,1777,674,1011,27,2208,12,2680,11548,25,517],"class_list":{"0":"post-610538","1":"post","2":"type-post","3":"status-publish","4":"format-standard","5":"has-post-thumbnail","7":"category-montpellier","8":"tag-actu","9":"tag-actualites","10":"tag-canetenroussillon","11":"tag-eu","12":"tag-europe","13":"tag-fr","14":"tag-france","15":"tag-montpellier","16":"tag-news","17":"tag-occitanie","18":"tag-pyrenees-orientales","19":"tag-republique-francaise","20":"tag-sport"},"share_on_mastodon":{"url":"https:\/\/pubeurope.com\/@fr\/115748855060800604","error":""},"_links":{"self":[{"href":"https:\/\/www.europesays.com\/fr\/wp-json\/wp\/v2\/posts\/610538","targetHints":{"allow":["GET"]}}],"collection":[{"href":"https:\/\/www.europesays.com\/fr\/wp-json\/wp\/v2\/posts"}],"about":[{"href":"https:\/\/www.europesays.com\/fr\/wp-json\/wp\/v2\/types\/post"}],"author":[{"embeddable":true,"href":"https:\/\/www.europesays.com\/fr\/wp-json\/wp\/v2\/users\/2"}],"replies":[{"embeddable":true,"href":"https:\/\/www.europesays.com\/fr\/wp-json\/wp\/v2\/comments?post=610538"}],"version-history":[{"count":0,"href":"https:\/\/www.europesays.com\/fr\/wp-json\/wp\/v2\/posts\/610538\/revisions"}],"wp:featuredmedia":[{"embeddable":true,"href":"https:\/\/www.europesays.com\/fr\/wp-json\/wp\/v2\/media\/610539"}],"wp:attachment":[{"href":"https:\/\/www.europesays.com\/fr\/wp-json\/wp\/v2\/media?parent=610538"}],"wp:term":[{"taxonomy":"category","embeddable":true,"href":"https:\/\/www.europesays.com\/fr\/wp-json\/wp\/v2\/categories?post=610538"},{"taxonomy":"post_tag","embeddable":true,"href":"https:\/\/www.europesays.com\/fr\/wp-json\/wp\/v2\/tags?post=610538"}],"curies":[{"name":"wp","href":"https:\/\/api.w.org\/{rel}","templated":true}]}}