{"id":610540,"date":"2025-12-19T23:36:28","date_gmt":"2025-12-19T23:36:28","guid":{"rendered":"https:\/\/www.europesays.com\/fr\/610540\/"},"modified":"2025-12-19T23:36:28","modified_gmt":"2025-12-19T23:36:28","slug":"pres-de-rouen-cette-commune-se-fait-encore-derober-plusieurs-sapins-de-noel","status":"publish","type":"post","link":"https:\/\/www.europesays.com\/fr\/610540\/","title":{"rendered":"Pr\u00e8s de Rouen, cette commune se fait (encore) d\u00e9rober plusieurs sapins de No\u00ebl"},"content":{"rendered":"<p>                    Par<br \/>\n        <strong><br \/>\n            <a href=\"https:\/\/actu.fr\/auteur\/le-journal-delbeuf\" title=\"Consulter tous les articles de R\u00e9daction Elbeuf\" target=\"_blank\" rel=\"noopener\">R\u00e9daction Elbeuf<\/a><br \/>\n                    <\/strong><\/p>\n<p>        Publi\u00e9 le<\/p>\n<p>            19 d\u00e9c. 2025 \u00e0 21h49        <\/p>\n<p>C\u2019est le d\u00e9but d\u2019une triste s\u00e9rie, pour la commune de <a href=\"https:\/\/actu.fr\/normandie\/saint-aubin-les-elbeuf_76561\" target=\"_blank\" rel=\"noopener\">Saint-Aubin-l\u00e8s-Elbeuf (Seine-Maritime)<\/a>. En 2024, d\u00e9j\u00e0, <a href=\"https:\/\/actu.fr\/normandie\/saint-aubin-les-elbeuf_76561\/pres-de-rouen-un-voleur-scie-et-vole-un-sapin-de-noel-en-pleine-rue_61996878.html\" target=\"_blank\" rel=\"noopener\">un sapin de No\u00ebl avait \u00e9t\u00e9 sci\u00e9 et vol\u00e9<\/a>, dans un petit massif d\u00e9cor\u00e9, au pied du pont Guynemer, cr\u00e9ant une vague d\u2019\u00e9moi sur les r\u00e9seaux sociaux.<\/p>\n<p class=\" wall-content\">Cette fois, <b>plusieurs sapins<\/b> ont \u00e9galement \u00e9t\u00e9 <b>coup\u00e9s et emport\u00e9s<\/b> d\u2019un coup, pr\u00e8s de la salle des f\u00eates de la commune.<\/p>\n<p>Un \u00ab acte regrettable \u00bb<\/p>\n<p class=\" wall-content\">\u00ab Cette incivilit\u00e9 prive l\u2019ensemble des Saint-Aubinois d\u2019une d\u00e9coration qui aurait pu contribuer \u00e0 notre cadre de vie. Elle va \u00e0 l\u2019encontre du vivre ensemble et du respect du travail accompli par les agents municipaux \u00bb, regrette la Ville, dans un message post\u00e9 sur ses r\u00e9seaux sociaux le mercredi 16 d\u00e9cembre 2025.<\/p>\n<p class=\" wall-content\">N\u00e9anmoins, il en faudrait plus pour g\u00e2cher l\u2019ambiance \u00e0 Saint-Aubin. \u00ab Malgr\u00e9 cet acte regrettable, l\u2019esprit des f\u00eates demeure bien pr\u00e9sent \u00bb, indique la Ville sur une note plus joyeuse, tout en assurant que \u00ab les d\u00e9corations mises en place par les Services Techniques et les illuminations resteront install\u00e9es jusqu\u2019\u00e0 la fin des festivit\u00e9s \u00bb.<\/p>\n<p class=\" wall-content\">Personnalisez votre actualit\u00e9 en ajoutant vos villes et m\u00e9dias en favori avec <a href=\"https:\/\/moncompte.actu.fr\" title=\"D\u00e9couvez Mon Actu\" rel=\"nofollow noopener\" data-trk=\"{&quot;cta&quot;:{&quot;action&quot;:&quot;https:\\\/\\\/moncompte.actu.fr&quot;,&quot;category&quot;:&quot;mon compte&quot;,&quot;from&quot;:&quot;article footer&quot;,&quot;name&quot;:&quot;Mon actu&quot;,&quot;type&quot;:&quot;cta&quot;}}\" target=\"_blank\">Mon Actu<\/a>.<\/p>\n","protected":false},"excerpt":{"rendered":"Par R\u00e9daction Elbeuf Publi\u00e9 le 19 d\u00e9c. 2025 \u00e0 21h49 C\u2019est le d\u00e9but d\u2019une triste s\u00e9rie, pour la&hellip;\n","protected":false},"author":2,"featured_media":610541,"comment_status":"","ping_status":"","sticky":false,"template":"","format":"standard","meta":{"footnotes":""},"categories":[9587],"tags":[1111,11,1777,674,118,1011,27,12,15830,5161,25,9590],"class_list":{"0":"post-610540","1":"post","2":"type-post","3":"status-publish","4":"format-standard","5":"has-post-thumbnail","7":"category-rouen","8":"tag-actu","9":"tag-actualites","10":"tag-eu","11":"tag-europe","12":"tag-faits-divers","13":"tag-fr","14":"tag-france","15":"tag-news","16":"tag-noel","17":"tag-normandie","18":"tag-republique-francaise","19":"tag-rouen"},"share_on_mastodon":{"url":"https:\/\/pubeurope.com\/@fr\/115748863167509607","error":""},"_links":{"self":[{"href":"https:\/\/www.europesays.com\/fr\/wp-json\/wp\/v2\/posts\/610540","targetHints":{"allow":["GET"]}}],"collection":[{"href":"https:\/\/www.europesays.com\/fr\/wp-json\/wp\/v2\/posts"}],"about":[{"href":"https:\/\/www.europesays.com\/fr\/wp-json\/wp\/v2\/types\/post"}],"author":[{"embeddable":true,"href":"https:\/\/www.europesays.com\/fr\/wp-json\/wp\/v2\/users\/2"}],"replies":[{"embeddable":true,"href":"https:\/\/www.europesays.com\/fr\/wp-json\/wp\/v2\/comments?post=610540"}],"version-history":[{"count":0,"href":"https:\/\/www.europesays.com\/fr\/wp-json\/wp\/v2\/posts\/610540\/revisions"}],"wp:featuredmedia":[{"embeddable":true,"href":"https:\/\/www.europesays.com\/fr\/wp-json\/wp\/v2\/media\/610541"}],"wp:attachment":[{"href":"https:\/\/www.europesays.com\/fr\/wp-json\/wp\/v2\/media?parent=610540"}],"wp:term":[{"taxonomy":"category","embeddable":true,"href":"https:\/\/www.europesays.com\/fr\/wp-json\/wp\/v2\/categories?post=610540"},{"taxonomy":"post_tag","embeddable":true,"href":"https:\/\/www.europesays.com\/fr\/wp-json\/wp\/v2\/tags?post=610540"}],"curies":[{"name":"wp","href":"https:\/\/api.w.org\/{rel}","templated":true}]}}