{"id":610544,"date":"2025-12-19T23:38:22","date_gmt":"2025-12-19T23:38:22","guid":{"rendered":"https:\/\/www.europesays.com\/fr\/610544\/"},"modified":"2025-12-19T23:38:22","modified_gmt":"2025-12-19T23:38:22","slug":"grenoble-un-homme-interpelle-apres-la-blessure-par-balle-dun-adolescent-de-13-ans","status":"publish","type":"post","link":"https:\/\/www.europesays.com\/fr\/610544\/","title":{"rendered":"Grenoble\u00a0: un homme interpell\u00e9 apr\u00e8s la blessure par balle d\u2019un adolescent de 13\u00a0ans"},"content":{"rendered":"<p class=\"paragraph text_align_left lp-f-body-02\">Un homme de 19\u00a0ans a \u00e9t\u00e9 interpell\u00e9 et mis en examen pour \u00ab\u00a0tentative d\u2019assassinat\u00a0\u00bb, soup\u00e7onn\u00e9 d\u2019avoir <a href=\"https:\/\/www.leparisien.fr\/faits-divers\/a-grenoble-un-garcon-de-12-ans-grievement-blesse-par-des-tirs-16-11-2025-VYK24QBCF5CLJLIYJ65KGSLVQ4.php\" target=\"_blank\" rel=\"noreferrer noopener\">gri\u00e8vement bless\u00e9 par balle un adolescent <\/a>dans la nuit du 15 au 16\u00a0novembre \u00e0<a href=\"https:\/\/www.leparisien.fr\/faits-divers\/debut-dincendie-criminel-dans-une-mosquee-de-grenoble-une-enquete-en-cours-15-12-2025-B7TCLKKTA5HXPHT4EICVGW65XM.php\" target=\"_blank\" rel=\"noreferrer noopener\"> Grenoble (Is\u00e8re)<\/a>, a indiqu\u00e9 ce vendredi le parquet.<\/p>\n<p class=\"\">Le mineur, \u00e2g\u00e9 de 13\u00a0ans et 11 mois avait \u00e9t\u00e9 retrouv\u00e9 gri\u00e8vement bless\u00e9 dans une rue de la ville, avec neuf \u00e9tuis de balles de 9\u00a0mm \u00e0 proximit\u00e9. Une fois sorti du coma, il a pu \u00eatre entendu par les enqu\u00eateurs, \u00e0 qui il a d\u00e9sign\u00e9 le tireur, a indiqu\u00e9 le procureur \u00c9tienne Manteaux dans un communiqu\u00e9.<\/p>\n<p class=\"\">L\u2019adolescent, qui se livrait \u00e0 la revente de stup\u00e9fiants sur un point de deal proche, a expliqu\u00e9 n\u2019avoir pas \u00e9t\u00e9 pay\u00e9 depuis plusieurs jours et avoir inform\u00e9 le \u00ab\u00a0g\u00e9rant\u00a0\u00bb de la place de deal qu\u2019il entendait cesser son activit\u00e9. Ce dernier l\u2019aurait ensuite raccompagn\u00e9 chez lui avant de lui tirer dessus, a rapport\u00e9 le magistrat.<\/p>\n<p class=\"\">Le mis en cause, \u00e2g\u00e9 de 19\u00a0ans et chez qui ont \u00e9t\u00e9 retrouv\u00e9s un kilo de r\u00e9sine de cannabis et un pistolet automatique contenant onze cartouches de 9mm, \u00ab\u00a0a ni\u00e9 durant sa garde \u00e0 vue toute implication dans les tirs\u00a0\u00bb, selon le communiqu\u00e9. Mis en examen pour tentative d\u2019assassinat et d\u00e9tention d\u2019arme et munitions de cat\u00e9gorie B, il a \u00e9t\u00e9 plac\u00e9 en d\u00e9tention provisoire.<\/p>\n<p>Des \u00e9pisodes de violence r\u00e9guliers<\/p>\n<p class=\"\">Le mineur, dont l\u2019identit\u00e9 \u00e9tait initialement incertaine mais qui pourrait \u00eatre n\u00e9 en Alg\u00e9rie, avait \u00e9t\u00e9 atteint de trois balles, une dans le dos et deux dans les jambes et se trouvait en arr\u00eat cardiorespiratoire lors de l\u2019arriv\u00e9e des secours.<\/p>\n<p class=\"\">Grenoble et certaines de ses banlieues sont r\u00e9guli\u00e8rement marqu\u00e9es par des \u00e9pisodes de violence par arme \u00e0 feu li\u00e9s au trafic de drogue. Lundi soir, <a href=\"https:\/\/www.leparisien.fr\/faits-divers\/un-homme-de-24-ans-grievement-blesse-par-balles-pres-dun-point-de-deal-a-grenoble-16-12-2025-FRM4CDHUGZB2HLAVRF7DKFXNEU.php\" target=\"_blank\" rel=\"noreferrer noopener\">un Italien \u00e2g\u00e9 de 24\u00a0ans avait \u00e9t\u00e9 \u00e9galement gri\u00e8vement bless\u00e9 par balle<\/a>, pr\u00e8s d\u2019un point connu de revente de drogue.<\/p>\n<p class=\"\">D\u00e9but d\u00e9cembre, <a href=\"https:\/\/www.leparisien.fr\/faits-divers\/un-homme-de-22-ans-tue-par-balles-a-echirolles-pres-de-grenoble-07-12-2025-NN3PTIVWXZGR3N3W5ZWYTXKSHE.php\" target=\"_blank\" rel=\"noreferrer noopener\">deux hommes de 18 et 22 ans avaient \u00e9t\u00e9 tu\u00e9s par balle <\/a>respectivement \u00e0 Grenoble et dans la ville attenante d\u2019\u00c9chirolles. Mi-novembre, c\u2019est un adolescent de 14\u00a0ans qui avait \u00e9t\u00e9 bless\u00e9 de trois balles, pr\u00e8s d\u2019un point de deal.<\/p>\n","protected":false},"excerpt":{"rendered":"Un homme de 19\u00a0ans a \u00e9t\u00e9 interpell\u00e9 et mis en examen pour \u00ab\u00a0tentative d\u2019assassinat\u00a0\u00bb, soup\u00e7onn\u00e9 d\u2019avoir gri\u00e8vement bless\u00e9&hellip;\n","protected":false},"author":2,"featured_media":511839,"comment_status":"","ping_status":"","sticky":false,"template":"","format":"standard","meta":{"footnotes":""},"categories":[9566],"tags":[1111,11,2430,459,1777,674,1011,27,2731,13028,12,25],"class_list":{"0":"post-610544","1":"post","2":"type-post","3":"status-publish","4":"format-standard","5":"has-post-thumbnail","7":"category-grenoble","8":"tag-actu","9":"tag-actualites","10":"tag-auvergne-rhone-alpes","11":"tag-departements-horsidfo","12":"tag-eu","13":"tag-europe","14":"tag-fr","15":"tag-france","16":"tag-grenoble","17":"tag-isere-38","18":"tag-news","19":"tag-republique-francaise"},"share_on_mastodon":{"url":"https:\/\/pubeurope.com\/@fr\/115748870839178278","error":""},"_links":{"self":[{"href":"https:\/\/www.europesays.com\/fr\/wp-json\/wp\/v2\/posts\/610544","targetHints":{"allow":["GET"]}}],"collection":[{"href":"https:\/\/www.europesays.com\/fr\/wp-json\/wp\/v2\/posts"}],"about":[{"href":"https:\/\/www.europesays.com\/fr\/wp-json\/wp\/v2\/types\/post"}],"author":[{"embeddable":true,"href":"https:\/\/www.europesays.com\/fr\/wp-json\/wp\/v2\/users\/2"}],"replies":[{"embeddable":true,"href":"https:\/\/www.europesays.com\/fr\/wp-json\/wp\/v2\/comments?post=610544"}],"version-history":[{"count":0,"href":"https:\/\/www.europesays.com\/fr\/wp-json\/wp\/v2\/posts\/610544\/revisions"}],"wp:featuredmedia":[{"embeddable":true,"href":"https:\/\/www.europesays.com\/fr\/wp-json\/wp\/v2\/media\/511839"}],"wp:attachment":[{"href":"https:\/\/www.europesays.com\/fr\/wp-json\/wp\/v2\/media?parent=610544"}],"wp:term":[{"taxonomy":"category","embeddable":true,"href":"https:\/\/www.europesays.com\/fr\/wp-json\/wp\/v2\/categories?post=610544"},{"taxonomy":"post_tag","embeddable":true,"href":"https:\/\/www.europesays.com\/fr\/wp-json\/wp\/v2\/tags?post=610544"}],"curies":[{"name":"wp","href":"https:\/\/api.w.org\/{rel}","templated":true}]}}