{"id":610551,"date":"2025-12-19T23:42:20","date_gmt":"2025-12-19T23:42:20","guid":{"rendered":"https:\/\/www.europesays.com\/fr\/610551\/"},"modified":"2025-12-19T23:42:20","modified_gmt":"2025-12-19T23:42:20","slug":"ligue-conference-le-racing-club-de-strasbourg-peut-il-soulever-le-trophee-quatre-pistes-pour-les-bleus","status":"publish","type":"post","link":"https:\/\/www.europesays.com\/fr\/610551\/","title":{"rendered":"Ligue Conf\u00e9rence. Le Racing Club de Strasbourg peut-il soulever le troph\u00e9e\u00a0? Quatre pistes pour les Bleus"},"content":{"rendered":"<p>Ils \u00e9taient trente-six sur la ligne de d\u00e9part et il n\u2019y a qu\u2019un premier\u200a: le Racing. Ce simple constat devrait d\u00e9j\u00e0 se suffire \u00e0 lui-m\u00eame pour souligner la r\u00e9ussite strasbourgeoise l\u2019ann\u00e9e de son retour en Europe, vingt ans apr\u00e8s sa derni\u00e8re participation.<\/p>\n<p>Mais pour une \u00e9quipe qui ambitionne de soulever le troph\u00e9e le 27\u00a0mai prochain \u00e0 Leipzig, th\u00e9\u00e2tre de la finale, il ne faudrait pas se reposer sur des lauriers qui auront eu le temps de faner d\u2019ici \u00e0 mars et les huiti\u00e8mes.<\/p>\n<p>En quatre points, voici les enseignements et autant de recommandations pour permettre aux Bleus de voir plus loin.<\/p>\n<p>1 Joue-la comme Chelsea<\/p>\n<p>Les Bleus d\u2019Alsace ont fait&#8230;<\/p>\n","protected":false},"excerpt":{"rendered":"Ils \u00e9taient trente-six sur la ligne de d\u00e9part et il n\u2019y a qu\u2019un premier\u200a: le Racing. Ce simple&hellip;\n","protected":false},"author":2,"featured_media":610552,"comment_status":"","ping_status":"","sticky":false,"template":"","format":"standard","meta":{"footnotes":""},"categories":[2820],"tags":[1111,11,2389,2649,2880,1777,674,107,1011,27,775,43670,12,41281,25,517,640],"class_list":{"0":"post-610551","1":"post","2":"type-post","3":"status-publish","4":"format-standard","5":"has-post-thumbnail","7":"category-strasbourg","8":"tag-actu","9":"tag-actualites","10":"tag-alsace","11":"tag-bas-rhin","12":"tag-edition-strasbourg","13":"tag-eu","14":"tag-europe","15":"tag-fil-info","16":"tag-fr","17":"tag-france","18":"tag-grand-est","19":"tag-ligue-conference","20":"tag-news","21":"tag-racing-club-strasbourg-masculin","22":"tag-republique-francaise","23":"tag-sport","24":"tag-strasbourg"},"share_on_mastodon":{"url":"https:\/\/pubeurope.com\/@fr\/115748886630314991","error":""},"_links":{"self":[{"href":"https:\/\/www.europesays.com\/fr\/wp-json\/wp\/v2\/posts\/610551","targetHints":{"allow":["GET"]}}],"collection":[{"href":"https:\/\/www.europesays.com\/fr\/wp-json\/wp\/v2\/posts"}],"about":[{"href":"https:\/\/www.europesays.com\/fr\/wp-json\/wp\/v2\/types\/post"}],"author":[{"embeddable":true,"href":"https:\/\/www.europesays.com\/fr\/wp-json\/wp\/v2\/users\/2"}],"replies":[{"embeddable":true,"href":"https:\/\/www.europesays.com\/fr\/wp-json\/wp\/v2\/comments?post=610551"}],"version-history":[{"count":0,"href":"https:\/\/www.europesays.com\/fr\/wp-json\/wp\/v2\/posts\/610551\/revisions"}],"wp:featuredmedia":[{"embeddable":true,"href":"https:\/\/www.europesays.com\/fr\/wp-json\/wp\/v2\/media\/610552"}],"wp:attachment":[{"href":"https:\/\/www.europesays.com\/fr\/wp-json\/wp\/v2\/media?parent=610551"}],"wp:term":[{"taxonomy":"category","embeddable":true,"href":"https:\/\/www.europesays.com\/fr\/wp-json\/wp\/v2\/categories?post=610551"},{"taxonomy":"post_tag","embeddable":true,"href":"https:\/\/www.europesays.com\/fr\/wp-json\/wp\/v2\/tags?post=610551"}],"curies":[{"name":"wp","href":"https:\/\/api.w.org\/{rel}","templated":true}]}}