{"id":610553,"date":"2025-12-19T23:43:14","date_gmt":"2025-12-19T23:43:14","guid":{"rendered":"https:\/\/www.europesays.com\/fr\/610553\/"},"modified":"2025-12-19T23:43:14","modified_gmt":"2025-12-19T23:43:14","slug":"administre-par-monaco-le-refuge-de-la-spa-de-cette-commune-pres-de-nice-gagne-en-confort","status":"publish","type":"post","link":"https:\/\/www.europesays.com\/fr\/610553\/","title":{"rendered":"Administr\u00e9 par Monaco, le refuge de la SPA de cette commune pr\u00e8s de Nice gagne en confort"},"content":{"rendered":"<p class=\"fs-5 \">Quelques jours avant No\u00ebl, la princesse Charl\u00e8ne s\u2019est rendue jeudi \u00e0 Peille \u00e0 l\u2019Abri de Monaco, le refuge administr\u00e9 par la SPA de Monaco. En septembre 2022, la princesse a pris la pr\u00e9sidence de la Soci\u00e9t\u00e9 protectrice des Animaux en Principaut\u00e9, posant concomitamment la premi\u00e8re pierre de ce b\u00e2timent entr\u00e9 en fonction en septembre 2024 pour recueillir des b\u00eates abandonn\u00e9es par leurs propri\u00e9taires.<\/p>\n<p class=\"fs-5 \">Sur place jeudi, guid\u00e9e par la nouvelle directrice g\u00e9n\u00e9rale de l\u2019\u00e9tablissement, Virginie Lavagna, la princesse Charl\u00e8ne a d\u00e9couvert l\u2019avanc\u00e9e des travaux d\u2019embellissement du refuge, engag\u00e9s pour offrir un meilleur confort aux animaux.<\/p>\n<p class=\"fs-5 \">\u00c0 l\u2019approche des f\u00eates, l\u2019association a d\u2019ailleurs relay\u00e9 son message pour rappeler qu\u2019adopter un animal \u00ab c\u2019est un engagement pour la vie \u00bb. Une mani\u00e8re de responsabiliser des gens adoptant des animaux comme cadeau au moment des f\u00eates avant de s\u2019en s\u00e9parer quelques mois plus tard. \u00ab Avant d\u2019accueillir un compagnon, pensez \u00e0 ce dont il aura besoin : du temps, de l\u2019amour, de la stabilit\u00e9\u2026 toute l\u2019ann\u00e9e \u00bb, rappelle la campagne de la SPA de Monaco.<\/p>\n<p>        <img src=\"https:\/\/www.europesays.com\/fr\/wp-content\/uploads\/2025\/12\/8231765_upload-from-url-1-25xvlzp5qrmk-data-art-16619173.jpg\"   loading=\"lazy\" decoding=\"async\" alt=\"Photo cyril dodergny \" class=\"img-fluid position-absolute w-100 object-fit-cover rounded-2\" width=\"600\" height=\"400\"\/><\/p>\n<p>                                                                                Un conseil d\u2019administration renouvel\u00e9<\/p>\n<p class=\"fs-5 \">\u00c0 Peille jeudi, la princesse Charl\u00e8ne a aussi pu rencontrer l\u2019\u00e9quipe d\u2019agents animaliers qui fait vivre le refuge au quotidien ainsi que les membres du conseil d\u2019administration. Depuis le printemps dernier, celui-ci a \u00e9t\u00e9 renouvel\u00e9.<\/p>\n<p class=\"fs-5 \">Il rassemble autour de la princesse Charl\u00e8ne plusieurs de ses proches : Gareth Wittstock, son fr\u00e8re comme vice-pr\u00e9sident ; M\u00e9lanie-Antoinette de Massy, vice-pr\u00e9sidente d\u2019honneur ; Camille Gottlieb, secr\u00e9taire g\u00e9n\u00e9rale, Isabelle Castelli, secr\u00e9taire g\u00e9n\u00e9rale adjointe ; Sabine Steiner-Toesca, tr\u00e9sori\u00e8re puis Louisette Azzoaglio, Marie-Pierre Gramaglia, Isabelle Peters, Carole Boustany, Genevi\u00e8ve Beliveau et Katarzyna Steiner comme membres.<\/p>\n","protected":false},"excerpt":{"rendered":"Quelques jours avant No\u00ebl, la princesse Charl\u00e8ne s\u2019est rendue jeudi \u00e0 Peille \u00e0 l\u2019Abri de Monaco, le refuge&hellip;\n","protected":false},"author":2,"featured_media":610554,"comment_status":"","ping_status":"","sticky":false,"template":"","format":"standard","meta":{"footnotes":""},"categories":[2819],"tags":[1111,11,1777,674,1011,27,12,2401,882,25],"class_list":{"0":"post-610553","1":"post","2":"type-post","3":"status-publish","4":"format-standard","5":"has-post-thumbnail","7":"category-nice","8":"tag-actu","9":"tag-actualites","10":"tag-eu","11":"tag-europe","12":"tag-fr","13":"tag-france","14":"tag-news","15":"tag-nice","16":"tag-provence-alpes-cote-dazur","17":"tag-republique-francaise"},"share_on_mastodon":{"url":"https:\/\/pubeurope.com\/@fr\/115748891908206449","error":""},"_links":{"self":[{"href":"https:\/\/www.europesays.com\/fr\/wp-json\/wp\/v2\/posts\/610553","targetHints":{"allow":["GET"]}}],"collection":[{"href":"https:\/\/www.europesays.com\/fr\/wp-json\/wp\/v2\/posts"}],"about":[{"href":"https:\/\/www.europesays.com\/fr\/wp-json\/wp\/v2\/types\/post"}],"author":[{"embeddable":true,"href":"https:\/\/www.europesays.com\/fr\/wp-json\/wp\/v2\/users\/2"}],"replies":[{"embeddable":true,"href":"https:\/\/www.europesays.com\/fr\/wp-json\/wp\/v2\/comments?post=610553"}],"version-history":[{"count":0,"href":"https:\/\/www.europesays.com\/fr\/wp-json\/wp\/v2\/posts\/610553\/revisions"}],"wp:featuredmedia":[{"embeddable":true,"href":"https:\/\/www.europesays.com\/fr\/wp-json\/wp\/v2\/media\/610554"}],"wp:attachment":[{"href":"https:\/\/www.europesays.com\/fr\/wp-json\/wp\/v2\/media?parent=610553"}],"wp:term":[{"taxonomy":"category","embeddable":true,"href":"https:\/\/www.europesays.com\/fr\/wp-json\/wp\/v2\/categories?post=610553"},{"taxonomy":"post_tag","embeddable":true,"href":"https:\/\/www.europesays.com\/fr\/wp-json\/wp\/v2\/tags?post=610553"}],"curies":[{"name":"wp","href":"https:\/\/api.w.org\/{rel}","templated":true}]}}