{"id":610555,"date":"2025-12-19T23:44:18","date_gmt":"2025-12-19T23:44:18","guid":{"rendered":"https:\/\/www.europesays.com\/fr\/610555\/"},"modified":"2025-12-19T23:44:18","modified_gmt":"2025-12-19T23:44:18","slug":"que-faire-a-nice-ce-week-end-du-19-20-et-21-decembre-2025","status":"publish","type":"post","link":"https:\/\/www.europesays.com\/fr\/610555\/","title":{"rendered":"Que faire \u00e0 Nice ce week-end\u00a0du 19, 20 et 21 D\u00e9cembre 2025 ?"},"content":{"rendered":"<p><strong>Entre \u00e9v\u00e9nements culturels, musicaux, sportifs et de la f\u00e9erie de No\u00ebl, ce week-end ne manque pas d\u2019animations, qui combleront de bonheur petits et grands\u00a0!<\/strong><\/p>\n<p><strong>Vendredi 19 d\u00e9cembre 2025<\/strong><\/p>\n<p><strong>Hockey sur glace\u00a0: Nice \u2013 Angers<\/strong><\/p>\n<p><strong>Les aigles<\/strong> affrontent <strong>Angers<\/strong> pour le compte de la <strong>25\u00e8me journ\u00e9e de la Ligue Magnus<\/strong>. Apr\u00e8s sa r\u00e9cente victoire \u00e0 domicile face \u00e0 Chamonix-Mont Blanc, ils auront une nouvelle fois \u00e0 c\u0153ur de briller devant leur public.<\/p>\n<p><strong>Lieu\u00a0:<\/strong> Complexe sportif Jean Bouin \u2013 rue Jean All\u00e8gre \u2013 06000 Nice<\/p>\n<p><strong>Horaire\u00a0:<\/strong> 20 heures<\/p>\n<p><strong>\u00ab\u00a0Piaf le spectacle\u00a0\u00bb<\/strong><\/p>\n<p>A l\u2019occasion du 110\u00e8me anniversaire de La M\u00f4me, le <strong>plus grand spectacle francophone<\/strong> musical <strong>hommage<\/strong> \u00e0 <strong>Edith Piaf <\/strong>pose ses valises ce vendredi \u00e0 Nice.<\/p>\n<p><strong>Lieu\u00a0:<\/strong> Palais Nika\u00efa \u2013 163 boulevard du Mercantour \u2013 06200 Nice<\/p>\n<p><strong>Horaire\u00a0:<\/strong> 20 heures<\/p>\n<p><strong>Concert de l\u2019Ensemble Baroque de Nice<\/strong><\/p>\n<p><strong>L\u2019<a href=\"https:\/\/www.nicepremium.fr\/culture-loisirs\/ensemble-baroque-de-nice-huit-concerts-pour-explorer-les-passions-baroques\/\" target=\"_blank\" data-type=\"link\" data-id=\"https:\/\/www.nicepremium.fr\/culture-loisirs\/ensemble-baroque-de-nice-huit-concerts-pour-explorer-les-passions-baroques\/\" rel=\"noreferrer noopener\">Ensemble Baroque de Nice<\/a><\/strong><a href=\"https:\/\/www.nicepremium.fr\/culture-loisirs\/ensemble-baroque-de-nice-huit-concerts-pour-explorer-les-passions-baroques\/\" target=\"_blank\" data-type=\"link\" data-id=\"https:\/\/www.nicepremium.fr\/culture-loisirs\/ensemble-baroque-de-nice-huit-concerts-pour-explorer-les-passions-baroques\/\" rel=\"noreferrer noopener\"> <\/a>donne un <strong>concert exceptionnel<\/strong> o\u00f9 r\u00e9sonneront interpr\u00e9t\u00e9s sur des instruments d\u2019\u00e9poque, les sonates d\u2019<strong>Archangelo Corelli<\/strong>, <strong>Antonio Vivaldi<\/strong> et <strong>Jean-Marie Leclair<\/strong>.<\/p>\n<p><strong>Lieu\u00a0:<\/strong> Eglise Saint-Jacques-le-Majeur \u2013 1 rue du J\u00e9sus \u2013 06300 Nice<\/p>\n<p><strong>Horaire\u00a0:<\/strong> 20h30<\/p>\n<p><strong>Lola Dubini en \u00ab\u00a0pr\u00e9lude (en rodage)\u00a0\u00bb<\/strong><\/p>\n<p>L\u2019actrice, com\u00e9dienne, chanteuse et humoriste <strong>Lola Dubini <\/strong>revient <strong>sur sc\u00e8ne<\/strong> avec son nouveau spectacle\u00ab\u00a0pr\u00e9lude (en rodage)\u00a0\u00bb oscillant entre chansons originales, reprises et anecdotes. Un spectacle d\u00e9coiffant\u00a0!<\/p>\n<p><strong>Lieu\u00a0:<\/strong> Th\u00e9\u00e2tre de la Cit\u00e9 \u2013 3, rue de Paganini \u2013 06000 Nice<\/p>\n<p><strong>Horaire\u00a0:<\/strong> 20h30<\/p>\n<p><strong>Samedi 20 d\u00e9cembre 2025<\/strong><\/p>\n<p><strong>Le march\u00e9 de No\u00ebl du Couvent<\/strong><\/p>\n<p>L\u2019<strong><a href=\"https:\/\/www.nicepremium.fr\/actualites\/lhotel-du-couvent-dans-le-vieux-nice-a-ouvert\/\" target=\"_blank\" data-type=\"link\" data-id=\"https:\/\/www.nicepremium.fr\/actualites\/lhotel-du-couvent-dans-le-vieux-nice-a-ouvert\/\" rel=\"noreferrer noopener\">H\u00f4tel du Couvent<\/a><\/strong> organise un <strong>march\u00e9 de No\u00ebl <\/strong>f\u00e9erique mettant en avant les producteurs et l\u2019<strong>artisanat local<\/strong>. Pour l\u2019occasion, des chefs proposeront un v\u00e9ritable festin de douceurs de No\u00ebl (brioches, g\u00e2teaux de No\u00ebl, vins chauds).<\/p>\n<p><strong>Lieu\u00a0:<\/strong> H\u00f4tel du Couvent \u2013 1 rue Honor\u00e9 Ugo \u2013 06300 Nice<\/p>\n<p><strong>Horaire\u00a0:<\/strong> de 10 heures \u00e0 16 heures<\/p>\n<p><strong>Un village de No\u00ebl \u00e9co-solidaire<\/strong><\/p>\n<p>La <strong>ville de Nice<\/strong> propose ce samedi une 5\u00e8me \u00e9dition de son <strong>village de No\u00ebl \u00e9co-solidaire<\/strong>. Au programme\u00a0: un march\u00e9 pour petits et grands avec animations, artisanat local et ateliers gratuits.<\/p>\n<p><strong>Lieu\u00a0:<\/strong> Promenade du Pavillon \u2013 Plassa Carlou Aubert \u2013 06300 Nice<\/p>\n<p><strong>Horaire\u00a0:<\/strong> de 10 heures \u00e0 17 heures<\/p>\n<p><strong>Le ballet Casse-Noisette \u00e0 l\u2019Op\u00e9ra de Nice<\/strong><\/p>\n<p><strong><a href=\"https:\/\/www.opera-nice.org\/fr\/evenement\/1283\/casse-noisette\" target=\"_blank\" data-type=\"link\" data-id=\"https:\/\/www.opera-nice.org\/fr\/evenement\/1283\/casse-noisette\" rel=\"noreferrer noopener\">Casse-Noisette<\/a><\/strong> revient \u00e0 l\u2019<strong>Op\u00e9ra de Nice<\/strong> apr\u00e8s plusieurs ann\u00e9es d\u2019absence. Le c\u00e9l\u00e8bre chor\u00e9graphe <strong>Benjamin Millepied <\/strong>propose sa version du plus embl\u00e9matique des ballets de No\u00ebl accompagn\u00e9 par l\u2019<strong>orchestre Philharmonique de Nice<\/strong>.<\/p>\n<p><strong>Lieu\u00a0:<\/strong> Op\u00e9ra de Nice \u2013 4-6 rue Saint-Fran\u00e7ois de Paule \u2013 06300 Nice<\/p>\n<p><strong>Horaires\u00a0:<\/strong> 15 heures et 20 heures<\/p>\n<p><strong>\u00ab\u00a0Pr\u00e9sent\u00a0!\u00a0\u00bb par Timoth\u00e9e Curado<\/strong><\/p>\n<p>Le professeur star des r\u00e9seaux sociaux <strong>Timoth\u00e9e Curado<\/strong> pr\u00e9sente son tout premier <strong>spectacle humoristique<\/strong> \u00ab\u00a0Pr\u00e9sent\u00a0!\u00a0\u00bb pour s\u2019amuser avec bienveillance des id\u00e9es re\u00e7ues sur le monde de l\u2019\u00e9ducation, la place des \u00e9l\u00e8ves, de leurs parents et des professeurs.<\/p>\n<p><strong>Lieu\u00a0:<\/strong> Th\u00e9\u00e2tre de la Cit\u00e9 \u2013 3, Rue Paganini \u2013 06000 Nice<\/p>\n<p><strong>Horaire\u00a0:<\/strong> 20h30<\/p>\n<p><strong>Dimanche 21 d\u00e9cembre 2025<\/strong><\/p>\n<p><strong>No\u00ebl au Parc Phoenix<\/strong><\/p>\n<p>Plongez au c\u0153ur de l\u2019esprit de No\u00ebl au <strong>Parc Phoenix<\/strong>, avec des animations ludiques, des ateliers cr\u00e9atifs et de maquillage qui raviront petits et grands.<\/p>\n<p><strong>Lieu\u00a0:<\/strong> Parc Phoenix \u2013 405 Prom. Des Anglais \u2013 06200 Nice<\/p>\n<p><strong>Horaire\u00a0:<\/strong> de 10 heures \u00e0 16 heures<\/p>\n<p><strong>Initiation au Bal\u00e9ti<\/strong><\/p>\n<p>Ce Dimanche au <strong>Jardin Albert Ier<\/strong>, <strong>Bal\u00e9ti<\/strong> et l\u2019<strong>association Mar E Mountagnos <\/strong>proposent une initiation \u00e0 la danse et aux f\u00eates dansantes proven\u00e7ales d\u2019autrefois par un <strong>bal des familles<\/strong> ouvert \u00e0 tous le 0 \u00e0 99 ans.<\/p>\n<p><strong>Lieu\u00a0:<\/strong> Jardin Albert Ier \u2013 2-16 avenue de Verdun \u2013 06000 Nice<\/p>\n<p><strong>Horaire\u00a0:<\/strong> de 16 heures \u00e0 18 heures<\/p>\n<p><strong>Candlelight\u00a0: hommage \u00e0 Charles Aznavour<\/strong><\/p>\n<p>Vivez une <strong>exp\u00e9rience musicale<\/strong> unique et<a href=\"https:\/\/www.nicepremium.fr\/culture-loisirs\/on-a-teste-pour-vous-le-concert-a-la-bougie-a-lobservatoire-de-la-cote-dazur-a-nice\/\" target=\"_blank\" data-type=\"link\" data-id=\"https:\/\/www.nicepremium.fr\/culture-loisirs\/on-a-teste-pour-vous-le-concert-a-la-bougie-a-lobservatoire-de-la-cote-dazur-a-nice\/\" rel=\"noreferrer noopener\"><strong> magique \u00e9clair\u00e9e \u00e0 la bougie <\/strong><\/a>dans un lieu grandiose, o\u00f9 l\u2019ensemble \u00e0 cordes <strong>String Quartet \u2013 Scintilla<\/strong> entonnera les plus c\u00e9l\u00e8bres airs du l\u00e9gendaire artiste franco-arm\u00e9nien <strong>Charles Aznavour<\/strong>.<\/p>\n<p><strong>Lieu\u00a0:<\/strong> Ch\u00e2teau de Cr\u00e9mat \u2013 442 chemin de Cr\u00e9mat \u2013 06200 Nice<\/p>\n<p><strong>Horaire\u00a0:<\/strong> 19 heures<\/p>\n<p><strong>NicePremium est un m\u00e9dia local ind\u00e9pendant et gratuit.<\/strong><br \/>Pour nous aider \u00e0 continuer, vous pouvez soutenir notre travail \u00e0 partir de 5 \u20ac par mois.<\/p>\n<p><a class=\"np-soutien-btn\" href=\"https:\/\/www.nicepremium.fr\/faire-un-don\/\" target=\"_blank\" rel=\"noopener\">Soutenir NicePremium<\/a><\/p>\n","protected":false},"excerpt":{"rendered":"Entre \u00e9v\u00e9nements culturels, musicaux, sportifs et de la f\u00e9erie de No\u00ebl, ce week-end ne manque pas d\u2019animations, qui&hellip;\n","protected":false},"author":2,"featured_media":304648,"comment_status":"","ping_status":"","sticky":false,"template":"","format":"standard","meta":{"footnotes":""},"categories":[2819],"tags":[1111,11,1777,674,1011,27,12,2401,882,25],"class_list":{"0":"post-610555","1":"post","2":"type-post","3":"status-publish","4":"format-standard","5":"has-post-thumbnail","7":"category-nice","8":"tag-actu","9":"tag-actualites","10":"tag-eu","11":"tag-europe","12":"tag-fr","13":"tag-france","14":"tag-news","15":"tag-nice","16":"tag-provence-alpes-cote-dazur","17":"tag-republique-francaise"},"share_on_mastodon":{"url":"https:\/\/pubeurope.com\/@fr\/115748894430451491","error":""},"_links":{"self":[{"href":"https:\/\/www.europesays.com\/fr\/wp-json\/wp\/v2\/posts\/610555","targetHints":{"allow":["GET"]}}],"collection":[{"href":"https:\/\/www.europesays.com\/fr\/wp-json\/wp\/v2\/posts"}],"about":[{"href":"https:\/\/www.europesays.com\/fr\/wp-json\/wp\/v2\/types\/post"}],"author":[{"embeddable":true,"href":"https:\/\/www.europesays.com\/fr\/wp-json\/wp\/v2\/users\/2"}],"replies":[{"embeddable":true,"href":"https:\/\/www.europesays.com\/fr\/wp-json\/wp\/v2\/comments?post=610555"}],"version-history":[{"count":0,"href":"https:\/\/www.europesays.com\/fr\/wp-json\/wp\/v2\/posts\/610555\/revisions"}],"wp:featuredmedia":[{"embeddable":true,"href":"https:\/\/www.europesays.com\/fr\/wp-json\/wp\/v2\/media\/304648"}],"wp:attachment":[{"href":"https:\/\/www.europesays.com\/fr\/wp-json\/wp\/v2\/media?parent=610555"}],"wp:term":[{"taxonomy":"category","embeddable":true,"href":"https:\/\/www.europesays.com\/fr\/wp-json\/wp\/v2\/categories?post=610555"},{"taxonomy":"post_tag","embeddable":true,"href":"https:\/\/www.europesays.com\/fr\/wp-json\/wp\/v2\/tags?post=610555"}],"curies":[{"name":"wp","href":"https:\/\/api.w.org\/{rel}","templated":true}]}}