{"id":610556,"date":"2025-12-19T23:45:13","date_gmt":"2025-12-19T23:45:13","guid":{"rendered":"https:\/\/www.europesays.com\/fr\/610556\/"},"modified":"2025-12-19T23:45:13","modified_gmt":"2025-12-19T23:45:13","slug":"une-manifestation-pour-le-peuple-palestinien-en-lumiere-ce-samedi-20-decembre-a-nantes","status":"publish","type":"post","link":"https:\/\/www.europesays.com\/fr\/610556\/","title":{"rendered":"Une manifestation pour le peuple palestinien, en lumi\u00e8re, ce samedi 20\u00a0d\u00e9cembre, \u00e0 Nantes"},"content":{"rendered":"<p>Inlassablement, ils serrent les rangs dans la ville pour soutenir le peuple palestinien. Samedi, \u00e0 nouveau,<a href=\"https:\/\/www.ouest-france.fr\/monde\/palestine\/video-150-personnes-mobilisees-a-nantes-en-faveur-de-la-palestine-ce-samedi-d9e1b27d-f932-491a-b929-0e882e88a58d\" target=\"_self\" rel=\"noopener\"> l\u2019association France Palestine solidarit\u00e9 (AFPS)<\/a> 44\u00a0appelle \u00e0 manifester \u00a0pour d\u00e9noncer la violation aggrav\u00e9e des droits fondamentaux du peuple palestinien par Isra\u00ebl\u00a0\u00bb.<\/p>\n<p>Lampes<\/p>\n<p>Chacun est invit\u00e9 \u00e0 venir avec des lampes frontales ou des lampes \u00e0 v\u00e9lo, ce 20\u00a0d\u00e9cembre, d\u00e8s 17\u00a0h, place des Volontaires-de-la-D\u00e9fense-Passive (en haut de la rue du Calvaire), \u00e0 Nantes. \u00a0G\u00e9nocide \u00e0 Gaza, nettoyage ethnique en Cisjordanie et J\u00e9rusalem-Est, sans oublier la terreur dans les prisons\u00a0, ass\u00e8nent les militants, pour que personne n\u2019occulte le drame en cours en Palestine.<\/p>\n<p>Hiver et flambeaux<\/p>\n<p>\u00a0Les jours \u00e0 venir pourraient nous faire oublier la situation dramatique que vivent les Palestiniens. Une situation encore aggrav\u00e9e par l\u2019hiver froid et tr\u00e8s pluvieux.\u00a0 \u00c0 Nantes, l\u2019AFPS 44\u00a0promet des flambeaux et une fanfare.<\/p>\n<p>\u00a0<\/p>\n","protected":false},"excerpt":{"rendered":"Inlassablement, ils serrent les rangs dans la ville pour soutenir le peuple palestinien. Samedi, \u00e0 nouveau, l\u2019association France&hellip;\n","protected":false},"author":2,"featured_media":610557,"comment_status":"","ping_status":"","sticky":false,"template":"","format":"standard","meta":{"footnotes":""},"categories":[2818],"tags":[4307,1111,11,49832,1777,674,1011,27,15926,2088,766,12,13539,2636,72157,25,3982],"class_list":{"0":"post-610556","1":"post","2":"type-post","3":"status-publish","4":"format-standard","5":"has-post-thumbnail","7":"category-nantes","8":"tag-4307","9":"tag-actu","10":"tag-actualites","11":"tag-decembre","12":"tag-eu","13":"tag-europe","14":"tag-fr","15":"tag-france","16":"tag-lumiere","17":"tag-manifestation","18":"tag-nantes","19":"tag-news","20":"tag-palestinien","21":"tag-pays-de-la-loire","22":"tag-peuple","23":"tag-republique-francaise","24":"tag-samedi"},"share_on_mastodon":{"url":"https:\/\/pubeurope.com\/@fr\/115748898424207592","error":""},"_links":{"self":[{"href":"https:\/\/www.europesays.com\/fr\/wp-json\/wp\/v2\/posts\/610556","targetHints":{"allow":["GET"]}}],"collection":[{"href":"https:\/\/www.europesays.com\/fr\/wp-json\/wp\/v2\/posts"}],"about":[{"href":"https:\/\/www.europesays.com\/fr\/wp-json\/wp\/v2\/types\/post"}],"author":[{"embeddable":true,"href":"https:\/\/www.europesays.com\/fr\/wp-json\/wp\/v2\/users\/2"}],"replies":[{"embeddable":true,"href":"https:\/\/www.europesays.com\/fr\/wp-json\/wp\/v2\/comments?post=610556"}],"version-history":[{"count":0,"href":"https:\/\/www.europesays.com\/fr\/wp-json\/wp\/v2\/posts\/610556\/revisions"}],"wp:featuredmedia":[{"embeddable":true,"href":"https:\/\/www.europesays.com\/fr\/wp-json\/wp\/v2\/media\/610557"}],"wp:attachment":[{"href":"https:\/\/www.europesays.com\/fr\/wp-json\/wp\/v2\/media?parent=610556"}],"wp:term":[{"taxonomy":"category","embeddable":true,"href":"https:\/\/www.europesays.com\/fr\/wp-json\/wp\/v2\/categories?post=610556"},{"taxonomy":"post_tag","embeddable":true,"href":"https:\/\/www.europesays.com\/fr\/wp-json\/wp\/v2\/tags?post=610556"}],"curies":[{"name":"wp","href":"https:\/\/api.w.org\/{rel}","templated":true}]}}