{"id":610574,"date":"2025-12-19T23:54:13","date_gmt":"2025-12-19T23:54:13","guid":{"rendered":"https:\/\/www.europesays.com\/fr\/610574\/"},"modified":"2025-12-19T23:54:13","modified_gmt":"2025-12-19T23:54:13","slug":"la-marque-jott-celebre-pour-ses-doudounes-colorees-placee-en-redressement-judiciaire","status":"publish","type":"post","link":"https:\/\/www.europesays.com\/fr\/610574\/","title":{"rendered":"La marque JOTT, c\u00e9l\u00e8bre pour ses doudounes color\u00e9es, plac\u00e9e en redressement judiciaire"},"content":{"rendered":"<p>La marque de <a href=\"https:\/\/www.20minutes.fr\/dossier\/pret_a_porter\" target=\"_blank\" class=\"c-link c-link--is-underlined\" rel=\"noopener\">pr\u00eat-\u00e0-porter<\/a> JOTT, connue pour ses doudounes l\u00e9g\u00e8res et color\u00e9es, a \u00e9t\u00e9 plac\u00e9e en <a href=\"https:\/\/www.20minutes.fr\/dossier\/redressement_judiciaire\" target=\"_blank\" class=\"c-link c-link--is-underlined\" rel=\"noopener\">redressement judiciaire<\/a> par le tribunal des activit\u00e9s \u00e9conomiques de Marseille. La d\u00e9cision a \u00e9t\u00e9 prise jeudi, apr\u00e8s constat de l\u2019\u00e9tat de cessation de paiements de la soci\u00e9t\u00e9 SAS JOTT, confirmant une information r\u00e9v\u00e9l\u00e9e par La Provence. L\u2019entreprise, fond\u00e9e \u00e0 <a href=\"https:\/\/www.20minutes.fr\/marseille\/\" target=\"_blank\" class=\"c-link c-link--is-underlined\" rel=\"noopener\">Marseille<\/a> en\u00a02010, emploie actuellement 183 salari\u00e9s.<\/p>\n<p>Le jugement ouvre une p\u00e9riode d\u2019observation provisoire de six mois, durant laquelle la situation financi\u00e8re de l\u2019<a href=\"https:\/\/www.20minutes.fr\/dossier\/entreprise\" target=\"_blank\" class=\"c-link c-link--is-underlined\" rel=\"noopener\">entreprise<\/a> sera analys\u00e9e. Une audience interm\u00e9diaire est programm\u00e9e le 5\u00a0f\u00e9vrier afin d\u2019\u00e9valuer, \u00ab\u00a0au vu de son rapport, si les capacit\u00e9s financi\u00e8res sont suffisantes et lui permettent d\u2019assurer le financement de son activit\u00e9\u00a0\u00bb, et de d\u00e9cider soit de la poursuite de l\u2019observation, soit d\u2019une \u00e9ventuelle conversion en liquidation judiciaire. Les salaires du mois de novembre ont \u00e9t\u00e9 r\u00e9gl\u00e9s, selon les documents transmis au tribunal.<\/p>\n<\/p>\n<p>La fin d\u2019une success-story marseillaise\u00a0?<\/p>\n<p>JOTT affiche un chiffre d\u2019affaires de 24\u00a0millions d\u2019euros, mais \u00e9volue dans un secteur en grande difficult\u00e9. Le syndicat r\u00e9gional \u00ab\u00a0Mode in Sud\u00a0\u00bb a qualifi\u00e9 cette proc\u00e9dure de \u00ab\u00a0lourde de sens pour notre \u00e9cosyst\u00e8me mode dans le Sud\u00a0\u00bb, rappelant que \u00ab\u00a0JOTT n\u2019est pas seulement une entreprise locale, mais une success-story marseillaise\u00a0\u00bb, selon son pr\u00e9sident Jocelyn Meire.<\/p>\n<p><a href=\"https:\/\/www.20minutes.fr\/dossier\/pret_a_porter\" target=\"_blank\" class=\"c-link c-btn c-btn--primary\" rel=\"noopener\">Notre dossier sur le pr\u00eat-\u00e0-porter<\/a><\/p>\n<p>Ce dernier souligne que la situation de JOTT illustre \u00ab\u00a0la fragilisation d\u2019une marque fran\u00e7aise structurante face \u00e0 des d\u00e9fis \u00e9conomiques r\u00e9els\u00a0\u00bb, \u00e9voquant notamment la pression r\u00e9glementaire et concurrentielle li\u00e9e \u00e0 \u00ab\u00a0un g\u00e9ant global de l\u2019e-commerce comme Shein\u00a0\u00bb. Plus largement, le pr\u00eat-\u00e0-porter fran\u00e7ais traverse une crise profonde, accentu\u00e9e par la mont\u00e9e de la seconde main et de la mode ultra-\u00e9ph\u00e9m\u00e8re asiatique, comme l\u2019a r\u00e9cemment illustr\u00e9 la restructuration du groupe IKKS.<\/p>\n","protected":false},"excerpt":{"rendered":"La marque de pr\u00eat-\u00e0-porter JOTT, connue pour ses doudounes l\u00e9g\u00e8res et color\u00e9es, a \u00e9t\u00e9 plac\u00e9e en redressement judiciaire&hellip;\n","protected":false},"author":2,"featured_media":610575,"comment_status":"","ping_status":"","sticky":false,"template":"","format":"standard","meta":{"footnotes":""},"categories":[2814],"tags":[1111,47,11,885,33,257,1777,674,1011,27,884,12,883,1103,882,3730,25,2422,26463],"class_list":{"0":"post-610574","1":"post","2":"type-post","3":"status-publish","4":"format-standard","5":"has-post-thumbnail","7":"category-marseille","8":"tag-actu","9":"tag-actualite","10":"tag-actualites","11":"tag-bouches-du-rhone","12":"tag-economie","13":"tag-entreprise","14":"tag-eu","15":"tag-europe","16":"tag-fr","17":"tag-france","18":"tag-marseille","19":"tag-news","20":"tag-paca","21":"tag-pret-a-porter","22":"tag-provence-alpes-cote-dazur","23":"tag-redressement-judiciaire","24":"tag-republique-francaise","25":"tag-textile","26":"tag-tribunal-de-commerce"},"share_on_mastodon":{"url":"https:\/\/pubeurope.com\/@fr\/115748933832324604","error":""},"_links":{"self":[{"href":"https:\/\/www.europesays.com\/fr\/wp-json\/wp\/v2\/posts\/610574","targetHints":{"allow":["GET"]}}],"collection":[{"href":"https:\/\/www.europesays.com\/fr\/wp-json\/wp\/v2\/posts"}],"about":[{"href":"https:\/\/www.europesays.com\/fr\/wp-json\/wp\/v2\/types\/post"}],"author":[{"embeddable":true,"href":"https:\/\/www.europesays.com\/fr\/wp-json\/wp\/v2\/users\/2"}],"replies":[{"embeddable":true,"href":"https:\/\/www.europesays.com\/fr\/wp-json\/wp\/v2\/comments?post=610574"}],"version-history":[{"count":0,"href":"https:\/\/www.europesays.com\/fr\/wp-json\/wp\/v2\/posts\/610574\/revisions"}],"wp:featuredmedia":[{"embeddable":true,"href":"https:\/\/www.europesays.com\/fr\/wp-json\/wp\/v2\/media\/610575"}],"wp:attachment":[{"href":"https:\/\/www.europesays.com\/fr\/wp-json\/wp\/v2\/media?parent=610574"}],"wp:term":[{"taxonomy":"category","embeddable":true,"href":"https:\/\/www.europesays.com\/fr\/wp-json\/wp\/v2\/categories?post=610574"},{"taxonomy":"post_tag","embeddable":true,"href":"https:\/\/www.europesays.com\/fr\/wp-json\/wp\/v2\/tags?post=610574"}],"curies":[{"name":"wp","href":"https:\/\/api.w.org\/{rel}","templated":true}]}}