{"id":610588,"date":"2025-12-20T00:02:12","date_gmt":"2025-12-20T00:02:12","guid":{"rendered":"https:\/\/www.europesays.com\/fr\/610588\/"},"modified":"2025-12-20T00:02:12","modified_gmt":"2025-12-20T00:02:12","slug":"paris-apres-la-polemique-un-accord-a-finalement-ete-trouve-pour-sauvegarder-lappartement-de-prevert-menace-par-le-moulin-rouge","status":"publish","type":"post","link":"https:\/\/www.europesays.com\/fr\/610588\/","title":{"rendered":"Paris : apr\u00e8s la pol\u00e9mique, un accord a finalement \u00e9t\u00e9 trouv\u00e9 pour sauvegarder l\u2019appartement de Pr\u00e9vert menac\u00e9 par le Moulin Rouge"},"content":{"rendered":"<p class=\"paragraph text_align_left lp-f-body-02\">Le sort de ce lieu avait suscit\u00e9 de vives inqui\u00e9tudes. Un accord a \u00e9t\u00e9 trouv\u00e9 ce vendredi entre le Moulin Rouge et les h\u00e9ritiers de <a href=\"https:\/\/www.leparisien.fr\/week-end\/jacques-prevert-inventaire-inedit-10-03-2017-6748002.php\" target=\"_blank\" rel=\"noreferrer noopener\">Jacques Pr\u00e9vert <\/a>pour pr\u00e9server <a href=\"https:\/\/www.leparisien.fr\/culture-loisirs\/expositions\/au-musee-de-montmartre-a-paris-prevert-a-droit-a-son-inventaire-09-01-2025-TZCEBKFBMNAB7PLDDFRIONOGM4.php\" target=\"_blank\" rel=\"noreferrer noopener\">l\u2019appartement du po\u00e8te <\/a>qui \u00e9tait menac\u00e9 par un projet d\u2019expansion du c\u00e9l\u00e8bre cabaret parisien, ont annonc\u00e9 les deux parties.<\/p>\n<p class=\"\">\u00ab Je suis satisfaite. L\u2019appartement sera sauv\u00e9, c\u2019est un tr\u00e8s grand pas \u00bb, a d\u00e9clar\u00e9 Eug\u00e9nie Bachelot-Pr\u00e9vert, la petite-fille du po\u00e8te et sc\u00e9nariste, \u00e0 l\u2019AFP, apr\u00e8s une r\u00e9union avec la direction du Moulin Rouge.<\/p>\n<p class=\"\">Le cabaret a pour sa part annonc\u00e9 dans un communiqu\u00e9 qu\u2019il avait \u00e9t\u00e9 \u00ab d\u00e9cid\u00e9 de co-construire ensemble une solution autour de deux projets \u00bb.<\/p>\n<p class=\"\">La pol\u00e9mique n\u2019avait cess\u00e9 d\u2019enfler ces derni\u00e8res semaines autour du <a href=\"https:\/\/www.leparisien.fr\/paris-75\/nous-avons-besoin-de-rehabiliter-le-moulin-rouge-le-cabaret-parisien-defend-son-projet-malgre-la-polemique-20-11-2025-PT7J3MXMKZGIVFJ6ZL5MR2YMZM.php\" target=\"_blank\" rel=\"noreferrer noopener\">projet d\u2019expansion du Moulin Rouge<\/a> destin\u00e9 \u00e0 ressusciter la sc\u00e8ne de la l\u00e9gendaire Mistinguett des ann\u00e9es folles. Pour le mener \u00e0 bien, le cabaret avait d\u00e9cid\u00e9 en septembre de ne pas renouveler les baux des appartements de Jacques Pr\u00e9vert et de<a href=\"http:\/\/leparisien.fr\/culture-loisirs\/livres\/centenaire-de-boris-vian-le-deserteur-l-ecume-des-jours-10-oeuvres-incontournables-10-03-2020-8276976.php\" target=\"_blank\" rel=\"noreferrer noopener\"> l\u2019\u00e9crivain Boris Vian<\/a>, dont il est propri\u00e9taire depuis 2009, et que la salle Mistinguett englobait.<\/p>\n<p class=\"\">\u00ab L\u2019ensemble des parties prenantes se r\u00e9unira r\u00e9guli\u00e8rement afin d\u2019\u00e9tudier les modalit\u00e9s d\u2019int\u00e9gration des h\u00e9ritages de Pr\u00e9vert et de Boris Vian au projet Mistinguett, dans le but de valoriser toute l\u2019histoire du Moulin Rouge \u00bb, a ajout\u00e9 le cabaret dans son communiqu\u00e9.<\/p>\n<p>\u00ab Une grande victoire collective \u00bb<\/p>\n<p class=\"\">Jacques Pr\u00e9vert v\u00e9cut plus de 20 ans Cit\u00e9 V\u00e9ron, une \u00e9troite impasse bord\u00e9e de vignes situ\u00e9e derri\u00e8re les ailes du cabaret du boulevard de Clichy, avant de s\u2019installer en Normandie peu avant sa mort en 1977.<\/p>\n<p class=\"\">Eug\u00e9nie Bachelot-Pr\u00e9vert s\u2019est f\u00e9licit\u00e9e que \u00ab les pressions \u00bb aient \u00ab fait reculer \u00bb le Moulin Rouge, en citant les impacts d\u2019une p\u00e9tition, d\u2019une lettre ouverte et de l\u2019engagement de responsables du monde culturel et politique, dont celui de la mairie de Paris, \u00ab bien relay\u00e9es par les m\u00e9dias \u00bb. \u00ab C\u2019est une grande victoire collective, il faut d\u00e9sormais \u00eatre vigilant sur l\u2019application des engagements \u00bb, a-t-elle ajout\u00e9.<\/p>\n<p class=\"\">Le Moulin Rouge a affirm\u00e9 qu\u2019il n\u2019avait \u00ab jamais \u00e9t\u00e9 envisag\u00e9 de d\u00e9truire les appartements \u00bb, contrairement \u00e0 certaines \u00ab informations erron\u00e9es \u00bb. Une r\u00e9union devrait se tenir en janvier entre la direction du cabaret et les repr\u00e9sentants des ayants droits de Boris Vian.<\/p>\n<p class=\"\">L\u2019h\u00e9riti\u00e8re de Pr\u00e9vert projette de transformer en mus\u00e9e l\u2019appartement qui contient le bureau de l\u2019\u00e9crivain, son vieux t\u00e9l\u00e9phone, sa salle \u00e0 manger et ses petites toiles. \u00ab Toute la m\u00e9moire de mon grand-p\u00e8re est l\u00e0 \u00bb, a r\u00e9sum\u00e9 Eug\u00e9nie Bachelot-Pr\u00e9vert.<\/p>\n","protected":false},"excerpt":{"rendered":"Le sort de ce lieu avait suscit\u00e9 de vives inqui\u00e9tudes. Un accord a \u00e9t\u00e9 trouv\u00e9 ce vendredi entre&hellip;\n","protected":false},"author":2,"featured_media":610589,"comment_status":"","ping_status":"","sticky":false,"template":"","format":"standard","meta":{"footnotes":""},"categories":[1888],"tags":[11,1777,674,1011,27,1944,12,626,25],"class_list":{"0":"post-610588","1":"post","2":"type-post","3":"status-publish","4":"format-standard","5":"has-post-thumbnail","7":"category-paris","8":"tag-actualites","9":"tag-eu","10":"tag-europe","11":"tag-fr","12":"tag-france","13":"tag-ma-ville","14":"tag-news","15":"tag-paris","16":"tag-republique-francaise"},"share_on_mastodon":{"url":"https:\/\/pubeurope.com\/@fr\/115748965356772113","error":""},"_links":{"self":[{"href":"https:\/\/www.europesays.com\/fr\/wp-json\/wp\/v2\/posts\/610588","targetHints":{"allow":["GET"]}}],"collection":[{"href":"https:\/\/www.europesays.com\/fr\/wp-json\/wp\/v2\/posts"}],"about":[{"href":"https:\/\/www.europesays.com\/fr\/wp-json\/wp\/v2\/types\/post"}],"author":[{"embeddable":true,"href":"https:\/\/www.europesays.com\/fr\/wp-json\/wp\/v2\/users\/2"}],"replies":[{"embeddable":true,"href":"https:\/\/www.europesays.com\/fr\/wp-json\/wp\/v2\/comments?post=610588"}],"version-history":[{"count":0,"href":"https:\/\/www.europesays.com\/fr\/wp-json\/wp\/v2\/posts\/610588\/revisions"}],"wp:featuredmedia":[{"embeddable":true,"href":"https:\/\/www.europesays.com\/fr\/wp-json\/wp\/v2\/media\/610589"}],"wp:attachment":[{"href":"https:\/\/www.europesays.com\/fr\/wp-json\/wp\/v2\/media?parent=610588"}],"wp:term":[{"taxonomy":"category","embeddable":true,"href":"https:\/\/www.europesays.com\/fr\/wp-json\/wp\/v2\/categories?post=610588"},{"taxonomy":"post_tag","embeddable":true,"href":"https:\/\/www.europesays.com\/fr\/wp-json\/wp\/v2\/tags?post=610588"}],"curies":[{"name":"wp","href":"https:\/\/api.w.org\/{rel}","templated":true}]}}