{"id":610590,"date":"2025-12-20T00:03:16","date_gmt":"2025-12-20T00:03:16","guid":{"rendered":"https:\/\/www.europesays.com\/fr\/610590\/"},"modified":"2025-12-20T00:03:16","modified_gmt":"2025-12-20T00:03:16","slug":"francais-detenu-en-russie-poutine-va-se-renseigner","status":"publish","type":"post","link":"https:\/\/www.europesays.com\/fr\/610590\/","title":{"rendered":"Fran\u00e7ais d\u00e9tenu en Russie : Poutine va \u00ab\u00a0se renseigner.\u00a0\u00bb"},"content":{"rendered":"<p>Fran\u00e7ais d\u00e9tenu en Russie : Poutine va \u00ab\u00a0se renseigner.\u00a0\u00bb &#8211; 19\/12Sur le m\u00eame sujet<a href=\"https:\/\/www.bfmtv.com\/international\/asie\/russie\/video-notre-fils-va-bien-affirme-brigitte-vinatier-mere-de-laurent-vinatier-detenu-en-russie-depuis-juin-2024_VN-202512190964.html\" title=\"&quot;Notre fils va bien&quot;, affirme Brigitte Vinatier, m\u00e8re de Laurent Vinatier d\u00e9tenu en Russie depuis juin 2024\" target=\"_blank\" rel=\"noopener\"><img width=\"16\" height=\"9\" class=\"lozad\"  alt=\"&quot;Notre fils va bien&quot;, affirme Brigitte Vinatier, m\u00e8re de Laurent Vinatier d\u00e9tenu en Russie depuis juin 2024\"\/>1:19&Prime;Notre fils va bien\u00a0\u00bb, affirme Brigitte Vinatier, m\u00e8re de Laurent Vinatier d\u00e9tenu en Russie depuis juin 2024<\/a><a href=\"https:\/\/rmcsport.bfmtv.com\/football\/coupe-de-france\/video-match-de-coupe-de-france-et-mariage-dans-la-foulee-hugo-robert-rit-jaune-apres-son-carton-rouge_VN-202512190965.html\" title=\"Match de Coupe de France et mariage dans la foul\u00e9e... Hugo Robert rit jaune apr\u00e8s son carton rouge !\" target=\"_blank\" rel=\"noopener\"><img width=\"16\" height=\"9\" class=\"lozad\"  alt=\"Match de Coupe de France et mariage dans la foul\u00e9e... Hugo Robert rit jaune apr\u00e8s son carton rouge !\"\/>1:42Match de Coupe de France et mariage dans la foul\u00e9e&#8230; Hugo Robert rit jaune apr\u00e8s son carton rouge !<\/a><a href=\"https:\/\/www.bfmtv.com\/replay-emissions\/bfm-grand-soir\/video-francais-detenu-en-russie-poutine-va-se-renseigner-19-12_VN-202512190963.html\" title=\"Fran\u00e7ais d\u00e9tenu en Russie : Poutine va &quot;se renseigner.&quot; - 19\/12\" target=\"_blank\" rel=\"noopener\"><img width=\"16\" height=\"9\" class=\"lozad\"  alt=\"Fran\u00e7ais d\u00e9tenu en Russie : Poutine va &quot;se renseigner.&quot; - 19\/12\"\/>en lectureFran\u00e7ais d\u00e9tenu en Russie : Poutine va \u00ab\u00a0se renseigner.\u00a0\u00bb &#8211; 19\/12<\/a><a href=\"https:\/\/www.bfmtv.com\/grand-lille\/replay-emissions\/bonsoir-lille\/video-bonsoir-lille-du-vendredi-19-decembre-2025_VN-202512190962.html\" title=\"Bonsoir Lille du vendredi 19 d\u00e9cembre 2025\" target=\"_blank\" rel=\"noopener\"><img width=\"16\" height=\"9\" class=\"lozad\"  alt=\"Bonsoir Lille du vendredi 19 d\u00e9cembre 2025\"\/>44:28Bonsoir Lille du vendredi 19 d\u00e9cembre 2025<\/a><a href=\"https:\/\/www.bfmtv.com\/replay-emissions\/bfm-grand-soir\/video-4h30-de-conference-500-journalistes-le-show-poutine-19-12_VN-202512190957.html\" title=\"4h30 de conf\u00e9rence, 500 journalistes... le show Poutine - 19\/12\" target=\"_blank\" rel=\"noopener\"><img width=\"16\" height=\"9\" class=\"lozad\"  alt=\"4h30 de conf\u00e9rence, 500 journalistes... le show Poutine - 19\/12\"\/>18:384h30 de conf\u00e9rence, 500 journalistes&#8230; le show Poutine &#8211; 19\/12<\/a><a href=\"https:\/\/www.bfmtv.com\/international\/asie\/russie\/video-notre-fils-va-bien-affirme-brigitte-vinatier-mere-de-laurent-vinatier-detenu-en-russie-depuis-juin-2024_VN-202512190956.html\" title=\"&quot;Notre fils va bien&quot;, affirme Brigitte Vinatier, m\u00e8re de Laurent Vinatier d\u00e9tenu en Russie depuis juin 2024\" target=\"_blank\" rel=\"noopener\"><img width=\"16\" height=\"9\" class=\"lozad\"  alt=\"&quot;Notre fils va bien&quot;, affirme Brigitte Vinatier, m\u00e8re de Laurent Vinatier d\u00e9tenu en Russie depuis juin 2024\"\/>4:54&Prime;Notre fils va bien\u00a0\u00bb, affirme Brigitte Vinatier, m\u00e8re de Laurent Vinatier d\u00e9tenu en Russie depuis juin 2024<\/a><a href=\"https:\/\/www.bfmtv.com\/international\/video-russie-nous-avons-entendu-les-propos-du-president-poutine-qui-s-engage-a-se-renseigner-declare-brigitte-vinatier-mere-de-laurent-vinatier-chercheur-francais-detenu-en-russie-depuis-2024_VN-202512190951.html\" title=\"Russie: &quot;Nous avons entendu les propos du pr\u00e9sident Poutine qui s&#039;engage \u00e0 se renseigner&quot;, d\u00e9clare Brigitte Vinatier, m\u00e8re de Laurent Vinatier, chercheur fran\u00e7ais d\u00e9tenu en Russie depuis 2024\" target=\"_blank\" rel=\"noopener\"><img width=\"16\" height=\"9\" class=\"lozad\"  alt=\"Russie: &quot;Nous avons entendu les propos du pr\u00e9sident Poutine qui s'engage \u00e0 se renseigner&quot;, d\u00e9clare Brigitte Vinatier, m\u00e8re de Laurent Vinatier, chercheur fran\u00e7ais d\u00e9tenu en Russie depuis 2024\"\/>1:42Russie: \u00ab\u00a0Nous avons entendu les propos du pr\u00e9sident Poutine qui s&rsquo;engage \u00e0 se renseigner\u00a0\u00bb, d\u00e9clare Brigitte Vinatier, m\u00e8re de Laurent Vinatier, chercheur fran\u00e7ais d\u00e9tenu en Russie depuis 2024<\/a><a href=\"https:\/\/www.bfmtv.com\/lyon\/replay-emissions\/bonsoir-lyon\/video-bonsoir-lyon-du-vendredi-19-decembre-2025_VN-202512190958.html\" title=\"Bonsoir Lyon du vendredi 19 d\u00e9cembre 2025\" target=\"_blank\" rel=\"noopener\"><img width=\"16\" height=\"9\" class=\"lozad\"  alt=\"Bonsoir Lyon du vendredi 19 d\u00e9cembre 2025\"\/>48:06Bonsoir Lyon du vendredi 19 d\u00e9cembre 2025<\/a><a href=\"https:\/\/www.bfmtv.com\/international\/amerique-nord\/etats-unis\/video-donald-trump-annonce-une-baisse-drastique-des-medicaments-pour-les-patients-americains_VN-202512190949.html\" title=\"Donald Trump annonce une baisse &quot;drastique&quot; des m\u00e9dicaments pour les &quot;patients am\u00e9ricains&quot;\" target=\"_blank\" rel=\"noopener\"><img width=\"16\" height=\"9\" class=\"lozad\"  alt=\"Donald Trump annonce une baisse &quot;drastique&quot; des m\u00e9dicaments pour les &quot;patients am\u00e9ricains&quot;\"\/>0:31Donald Trump annonce une baisse \u00ab\u00a0drastique\u00a0\u00bb des m\u00e9dicaments pour les \u00ab\u00a0patients am\u00e9ricains\u00a0\u00bb<\/a><a href=\"https:\/\/www.bfmtv.com\/replay-emissions\/bfm-grand-soir\/video-sebastien-lecornu-va-t-il-eteindre-la-colere-des-agriculteurs-19-12_VN-202512190947.html\" title=\"S\u00e9bastien Lecornu va-t-il \u00e9teindre la col\u00e8re des agriculteurs ? - 19\/12\" target=\"_blank\" rel=\"noopener\"><img width=\"16\" height=\"9\" class=\"lozad\"  alt=\"S\u00e9bastien Lecornu va-t-il \u00e9teindre la col\u00e8re des agriculteurs ? - 19\/12\"\/>20:19S\u00e9bastien Lecornu va-t-il \u00e9teindre la col\u00e8re des agriculteurs ? &#8211; 19\/12<\/a><a href=\"https:\/\/www.bfmtv.com\/marseille\/replay-emissions\/virage-marseille\/video-virage-marseille-du-vendredi-19-decembre-om-le-grand-quiz-de-fin-d-annee-2025_VN-202512190945.html\" title=\"Virage Marseille du vendredi 19 d\u00e9cembre - OM : le grand quiz de fin d&#039;ann\u00e9e 2025\" target=\"_blank\" rel=\"noopener\"><img width=\"16\" height=\"9\" class=\"lozad\"  alt=\"Virage Marseille du vendredi 19 d\u00e9cembre - OM : le grand quiz de fin d'ann\u00e9e 2025\"\/>26:35Virage Marseille du vendredi 19 d\u00e9cembre &#8211; OM : le grand quiz de fin d&rsquo;ann\u00e9e 2025<\/a><a href=\"https:\/\/www.bfmtv.com\/politique\/video-colere-des-agriculteurs-sebastien-lecornu-n-a-pas-apporte-de-solution-d-engagement-politique-impactant-deplore-stephane-galais-porte-parole-national-de-la-confederation-paysanne_VN-202512190943.html\" title=\"Col\u00e8re des agriculteurs: &quot;S\u00e9bastien Lecornu n&#039;a pas apport\u00e9 de solution, d&#039;engagement politique impactant&quot;, d\u00e9plore St\u00e9phane Galais, porte-parole national de la Conf\u00e9d\u00e9ration paysanne\" target=\"_blank\" rel=\"noopener\"><img width=\"16\" height=\"9\" class=\"lozad\"  alt=\"Col\u00e8re des agriculteurs: &quot;S\u00e9bastien Lecornu n'a pas apport\u00e9 de solution, d'engagement politique impactant&quot;, d\u00e9plore St\u00e9phane Galais, porte-parole national de la Conf\u00e9d\u00e9ration paysanne\"\/>2:49Col\u00e8re des agriculteurs: \u00ab\u00a0S\u00e9bastien Lecornu n&rsquo;a pas apport\u00e9 de solution, d&rsquo;engagement politique impactant\u00a0\u00bb, d\u00e9plore St\u00e9phane Galais, porte-parole national de la Conf\u00e9d\u00e9ration paysanne<\/a><a href=\"https:\/\/www.bfmtv.com\/economie\/replay-emissions\/c-est-votre-argent\/video-le-top-flop-de-la-semaine-novo-nordisk-sous-le-coup-de-deception-successive-cette-annee-2025-19-12_VN-202512190942.html\" title=\"Le top \/ flop de la semaine : Novo Nordisk sous le coup de d\u00e9ception successive cette ann\u00e9e 2025 - 19\/12\" target=\"_blank\" rel=\"noopener\"><img width=\"16\" height=\"9\" class=\"lozad\"  alt=\"Le top \/ flop de la semaine : Novo Nordisk sous le coup de d\u00e9ception successive cette ann\u00e9e 2025 - 19\/12\"\/>4:22Le top \/ flop de la semaine : Novo Nordisk sous le coup de d\u00e9ception successive cette ann\u00e9e 2025 &#8211; 19\/12<\/a><a href=\"https:\/\/www.bfmtv.com\/economie\/replay-emissions\/c-est-votre-argent\/video-le-top-3-des-gerants-sebastien-lalevee-frederic-rozier-et-celine-piquemal-prade-19-12_VN-202512190937.html\" title=\"Le top 3 des g\u00e9rants : Sebastien Lalev\u00e9e, Fr\u00e9d\u00e9ric Rozier et C\u00e9line Piquemal-Prade - 19\/12\" target=\"_blank\" rel=\"noopener\"><img width=\"16\" height=\"9\" class=\"lozad\"  alt=\"Le top 3 des g\u00e9rants : Sebastien Lalev\u00e9e, Fr\u00e9d\u00e9ric Rozier et C\u00e9line Piquemal-Prade - 19\/12\"\/>0:21Le top 3 des g\u00e9rants : Sebastien Lalev\u00e9e, Fr\u00e9d\u00e9ric Rozier et C\u00e9line Piquemal-Prade &#8211; 19\/12<\/a><a class=\"jumpToVideo\" target=\"_blank\"><img class=\"thumbnailPreview\"\/><\/a><\/p>\n","protected":false},"excerpt":{"rendered":"Fran\u00e7ais d\u00e9tenu en Russie : Poutine va \u00ab\u00a0se renseigner.\u00a0\u00bb &#8211; 19\/12Sur le m\u00eame sujet1:19&Prime;Notre fils va bien\u00a0\u00bb, affirme&hellip;\n","protected":false},"author":2,"featured_media":610591,"comment_status":"","ping_status":"","sticky":false,"template":"","format":"standard","meta":{"footnotes":""},"categories":[1591],"tags":[11,1887,12,1885,1886,132],"class_list":{"0":"post-610590","1":"post","2":"type-post","3":"status-publish","4":"format-standard","5":"has-post-thumbnail","7":"category-russie","8":"tag-actualites","9":"tag-federation-de-russie","10":"tag-news","11":"tag-russia","12":"tag-russian-federation","13":"tag-russie"},"share_on_mastodon":{"url":"https:\/\/pubeurope.com\/@fr\/115748969203874701","error":""},"_links":{"self":[{"href":"https:\/\/www.europesays.com\/fr\/wp-json\/wp\/v2\/posts\/610590","targetHints":{"allow":["GET"]}}],"collection":[{"href":"https:\/\/www.europesays.com\/fr\/wp-json\/wp\/v2\/posts"}],"about":[{"href":"https:\/\/www.europesays.com\/fr\/wp-json\/wp\/v2\/types\/post"}],"author":[{"embeddable":true,"href":"https:\/\/www.europesays.com\/fr\/wp-json\/wp\/v2\/users\/2"}],"replies":[{"embeddable":true,"href":"https:\/\/www.europesays.com\/fr\/wp-json\/wp\/v2\/comments?post=610590"}],"version-history":[{"count":0,"href":"https:\/\/www.europesays.com\/fr\/wp-json\/wp\/v2\/posts\/610590\/revisions"}],"wp:featuredmedia":[{"embeddable":true,"href":"https:\/\/www.europesays.com\/fr\/wp-json\/wp\/v2\/media\/610591"}],"wp:attachment":[{"href":"https:\/\/www.europesays.com\/fr\/wp-json\/wp\/v2\/media?parent=610590"}],"wp:term":[{"taxonomy":"category","embeddable":true,"href":"https:\/\/www.europesays.com\/fr\/wp-json\/wp\/v2\/categories?post=610590"},{"taxonomy":"post_tag","embeddable":true,"href":"https:\/\/www.europesays.com\/fr\/wp-json\/wp\/v2\/tags?post=610590"}],"curies":[{"name":"wp","href":"https:\/\/api.w.org\/{rel}","templated":true}]}}