{"id":610605,"date":"2025-12-20T00:10:14","date_gmt":"2025-12-20T00:10:14","guid":{"rendered":"https:\/\/www.europesays.com\/fr\/610605\/"},"modified":"2025-12-20T00:10:14","modified_gmt":"2025-12-20T00:10:14","slug":"a-lassemblee-laudition-de-thomas-legrand-se-termine-dans-la-collusion-avec-le-rn-les-indiscrets-du-figaro","status":"publish","type":"post","link":"https:\/\/www.europesays.com\/fr\/610605\/","title":{"rendered":"\u00c0 l\u2019Assembl\u00e9e, l\u2019audition de Thomas Legrand se termine dans la \u00abcollusion\u00bb avec le RN&#8230; Les indiscrets du Figaro"},"content":{"rendered":"<p>\n    <strong>CONFIDENTIELS &#8211;\u00a0<\/strong>Chaque semaine, la r\u00e9daction emm\u00e8ne ses lecteurs dans les coulisses de la vie politique.<\/p>\n<p class=\"fig-paragraph\">Le prochain \u00e9pisode des indiscrets du Figaro sera \u00e0 retrouver le vendredi 9 janvier 2026. Joyeux No\u00ebl et bon bout d\u2019an\u00a0!<\/p>\n<p>                                            Philippe de Villiers et Jordan Bardella\u00a0: des chiffres et des lettres<\/p>\n<p class=\"fig-paragraph\">Visiblement, en politique, toute victoire est bonne \u00e0 prendre. Comme pour se rassurer, certains \u00e9tudient par exemple les chiffres avec scrupule. En l\u2019occurrence, les ventes de livres publi\u00e9s par leurs adversaires. Tandis que Jordan Bardella s\u2019est r\u00e9cemment lanc\u00e9 dans\u00a0<a href=\"http:\/\/www.lefigaro.fr\/politique\/la-nouvelle-tournee-litteraire-et-strategique-de-jordan-bardella-20251109\" target=\"_blank\" data-fig-type=\"Article\" rel=\"noopener\" data-gtm-custom-categorie=\"navigation\" data-gtm-custom-action=\"crossclick\" data-gtm-custom-label=\"Contextuel\" data-gtm-event=\"customEventSPE\" data-fig-domain=\"LEFIGARO\">une tourn\u00e9e litt\u00e9raire aux accents tr\u00e8s politiques<\/a>\u00a0afin de promouvoir son second ouvrage, Ce que veulent les Fran\u00e7ais (\u00c9d. Fayard), il en est un qui s\u2019est r\u00e9joui de voir que le pr\u00e9sident du Rassemblement national ne l\u2019a pas doubl\u00e9 pour autant. \u00abJe vends plus que le rital\u00a0!\u00bb, a souri\u00a0<a href=\"http:\/\/www.lefigaro.fr\/vox\/politique\/l-ame-de-la-france-est-en-danger-de-mort-les-extraits-exclusifs-de-populicide-le-nouveau-livre-de-philippe-de-villiers-20251004\" data-fig-type=\"Article\" data-gtm-custom-categorie=\"navigation\" data-gtm-custom-action=\"crossclick\" data-gtm-custom-label=\"Contextuel\" data-gtm-event=\"customEventSPE\" data-fig-domain=\"LEFIGARO\" target=\"_blank\" rel=\"noopener\">Philippe de Villiers<\/a>\u00a0aupr\u00e8s de plusieurs interlocuteurs, en vantant le succ\u00e8s de son essai Populicide, lui aussi paru aux \u00c9ditions Fayard. Tout comme d\u2019ailleurs\u00a0<a href=\"http:\/\/www.lefigaro.fr\/politique\/le-journal-d-un-prisonnier-le-livre-de-nicolas-sarkozy-vendu-a-pres-de-100-000-exemplaires-20251216\" data-fig-type=\"NewsFlash\" data-gtm-custom-categorie=\"navigation\" data-gtm-custom-action=\"crossclick\" data-gtm-custom-label=\"Contextuel\" data-gtm-event=\"customEventSPE\" data-fig-domain=\"LEFIGARO\" target=\"_blank\" rel=\"noopener\">le Journal d\u2019un prisonnier de Nicolas Sarkozy<\/a>, dont le d\u00e9marrage a coiff\u00e9 ses deux camarades au poteau en s\u2019\u00e9coulant \u00e0 plus de 100.000 exemplaires en moins d\u2019une semaine.<\/p>\n<p class=\"fig-premium-paywall__infos\">\n        Cet article est r\u00e9serv\u00e9 aux abonn\u00e9s.        Il vous reste 84% \u00e0 d\u00e9couvrir.\n    <\/p>\n<p>                <img  data- alt=\"Le Figaro\" class=\"fig-img--complete fig-img\"\/><\/p>\n<p class=\"fig-premium-paywall__title\">Vous avez envie de lire la suite ?<\/p>\n<p class=\"fig-premium-paywall__subtitle\">D\u00e9bloquez tous les articles imm\u00e9diatement.<\/p>\n<p class=\"fig-premium-paywall__connect\">\n                D\u00e9j\u00e0 abonn\u00e9\u00a0?                <a class=\"fig-premium-paywall__connect-link\" href=\"https:\/\/connect.lefigaro.fr\/login?client=horizon_web&amp;type=main&amp;redirect_uri=https%3A%2F%2Fwww.lefigaro.fr%2Fpolitique%2Fa-l-assemblee-l-audition-de-thomas-legrand-se-termine-dans-la-collusion-avec-le-rn-les-indiscrets-du-figaro-20251219\" data-js-gtm=\"{&quot;customCategorie&quot;: &quot;conversion&quot;, &quot;customAction&quot;: &quot;before_Landing_Connexion_paywall_manuel&quot;, &quot;customLabel&quot;: &quot;bGVmaWdhcm8uZnJfXzFmMGRjMWI0LTdlODItNjk2Yy1hMTk5LWI5YzdiZGI3Mzc4Zl9fTmV3c0ZsYXNo_\u00c0 l\u2019Assembl\u00e9e, l\u2019audition de Thomas Legrand se termine dans la \u00abcollusion\u00bb avec le RN... Les indiscrets du &lt;i&gt;Figaro&lt;\/i&gt;_1983&quot;, &quot;customIDSPE&quot;: &quot;bGVmaWdhcm8uZnJfXzFmMGRjMWI0LTdlODItNjk2Yy1hMTk5LWI5YzdiZGI3Mzc4Zl9fTmV3c0ZsYXNo&quot;, &quot;event&quot;: &quot;customEventSPE&quot;}\" target=\"_blank\" rel=\"noopener\"><br \/>\n                    Connectez-vous<br \/>\n                <\/a>\n            <\/p>\n","protected":false},"excerpt":{"rendered":"CONFIDENTIELS &#8211;\u00a0Chaque semaine, la r\u00e9daction emm\u00e8ne ses lecteurs dans les coulisses de la vie politique. Le prochain \u00e9pisode&hellip;\n","protected":false},"author":2,"featured_media":610606,"comment_status":"","ping_status":"","sticky":false,"template":"","format":"standard","meta":{"footnotes":""},"categories":[2],"tags":[11,1011,27,12,25,50571],"class_list":{"0":"post-610605","1":"post","2":"type-post","3":"status-publish","4":"format-standard","5":"has-post-thumbnail","7":"category-actualites","8":"tag-actualites","9":"tag-fr","10":"tag-france","11":"tag-news","12":"tag-republique-francaise","13":"tag-thomas-legrand"},"share_on_mastodon":{"url":"","error":""},"_links":{"self":[{"href":"https:\/\/www.europesays.com\/fr\/wp-json\/wp\/v2\/posts\/610605","targetHints":{"allow":["GET"]}}],"collection":[{"href":"https:\/\/www.europesays.com\/fr\/wp-json\/wp\/v2\/posts"}],"about":[{"href":"https:\/\/www.europesays.com\/fr\/wp-json\/wp\/v2\/types\/post"}],"author":[{"embeddable":true,"href":"https:\/\/www.europesays.com\/fr\/wp-json\/wp\/v2\/users\/2"}],"replies":[{"embeddable":true,"href":"https:\/\/www.europesays.com\/fr\/wp-json\/wp\/v2\/comments?post=610605"}],"version-history":[{"count":0,"href":"https:\/\/www.europesays.com\/fr\/wp-json\/wp\/v2\/posts\/610605\/revisions"}],"wp:featuredmedia":[{"embeddable":true,"href":"https:\/\/www.europesays.com\/fr\/wp-json\/wp\/v2\/media\/610606"}],"wp:attachment":[{"href":"https:\/\/www.europesays.com\/fr\/wp-json\/wp\/v2\/media?parent=610605"}],"wp:term":[{"taxonomy":"category","embeddable":true,"href":"https:\/\/www.europesays.com\/fr\/wp-json\/wp\/v2\/categories?post=610605"},{"taxonomy":"post_tag","embeddable":true,"href":"https:\/\/www.europesays.com\/fr\/wp-json\/wp\/v2\/tags?post=610605"}],"curies":[{"name":"wp","href":"https:\/\/api.w.org\/{rel}","templated":true}]}}