{"id":610607,"date":"2025-12-20T00:11:14","date_gmt":"2025-12-20T00:11:14","guid":{"rendered":"https:\/\/www.europesays.com\/fr\/610607\/"},"modified":"2025-12-20T00:11:14","modified_gmt":"2025-12-20T00:11:14","slug":"poutine-fait-le-show-et-des-drones-frappent-en-mer-mediterranee","status":"publish","type":"post","link":"https:\/\/www.europesays.com\/fr\/610607\/","title":{"rendered":"Poutine fait le show et des drones frappent en mer M\u00e9diterran\u00e9e"},"content":{"rendered":"<p>Vous avez rat\u00e9 les derniers \u00e9v\u00e9nements sur la <a href=\"https:\/\/www.20minutes.fr\/monde\/ukraine\/\" class=\"c-link c-link--is-underlined\" target=\"_blank\" rel=\"noopener\">guerre en Ukraine<\/a>\u00a0? 20 Minutes fait le point pour vous tous les soirs. Voici l\u2019essentiel de ce vendredi 19\u00a0d\u00e9cembre, au 1.395e jour du conflit.<\/p>\n<p>Le fait du jour<\/p>\n<p>Un one-man-show de plus de quatre heures, m\u00e2tin\u00e9 de folklore, d\u2019autosatisfaction, parfois caressant et souvent lourd de menaces pour les Occidentaux. Ce vendredi \u00e9tait \u00e0 Moscou le jour tr\u00e8s attendu de la conf\u00e9rence de presse annuelle de <a href=\"https:\/\/www.20minutes.fr\/monde\/vladimir_poutine\/\" class=\"c-link c-link--is-underlined\" target=\"_blank\" rel=\"noopener\">Vladimir Poutine<\/a>, avec ses questions s\u00e9lectionn\u00e9es \u00e0 l\u2019avance. Concernant \u00ab\u00a0l\u2019op\u00e9ration sp\u00e9ciale\u00a0\u00bb en Ukraine, selon l\u2019euph\u00e9misme utilis\u00e9 par le <a href=\"https:\/\/www.20minutes.fr\/dossier\/kremlin\" class=\"c-link c-link--is-underlined\" target=\"_blank\" rel=\"noopener\">Kremlin<\/a>, le pr\u00e9sident russe a indiqu\u00e9 en substance que la balle \u00e9tait \u00ab\u00a0dans le camp\u00a0\u00bb de Kiev et de ses soutiens europ\u00e9ens. Il s\u2019est f\u00e9licit\u00e9 des gains territoriaux obtenus dans l\u2019est du pays, assurant que ses troupes \u00ab\u00a0avancent sur toute la ligne de contact\u00a0\u00bb et que les Ukrainiens \u00ab\u00a0reculent dans toutes les directions\u00a0\u00bb.<\/p>\n<p>Interrog\u00e9 par un journaliste am\u00e9ricain sur sa responsabilit\u00e9 personnelle dans le conflit le plus sanglant sur le sol europ\u00e9en depuis la fin de la Seconde Guerre mondiale, Vladimir Poutine a r\u00e9pondu\u00a0: \u00ab\u00a0Nous ne nous consid\u00e9rons pas responsables de la mort des gens, parce que nous n\u2019avons pas commenc\u00e9 cette guerre\u00a0\u00bb. Le pr\u00e9sident russe a par ailleurs mis en garde les Europ\u00e9ens contre des \u00ab\u00a0cons\u00e9quences tr\u00e8s lourdes\u00a0\u00bb en cas de saisie des avoirs russes gel\u00e9s pour aider l\u2019Ukraine, \u00e9voquant mesures de repr\u00e9sailles et recours en justice.<\/p>\n<p><\/p>\n<p>La d\u00e9claration du jour<\/p>\n<blockquote class=\"mx-m@xs mx-xxl@md color-ultramarine c-citation\">\n<p class=\"font-weight-regular@xs text-italic font-source-serif-pro text-l@xs c-citation__content\">\u00ab\u00a0Nous ne pouvons pas forcer la Russie \u00e0 conclure un accord. Il faut qu\u2019ils [le] veuillent.\u00a0\u00bb<\/p>\n<\/blockquote>\n<p>Alors que de nouvelles discussions doivent avoir lieu cette nuit aux Etats-Unis entre Am\u00e9ricains et Ukrainiens sur le plan de paix soutenu par <a href=\"https:\/\/www.20minutes.fr\/dossier\/donald_trump\" class=\"c-link c-link--is-underlined\" target=\"_blank\" rel=\"noopener\">Donald Trump<\/a>, en pr\u00e9sence peut-\u00eatre de n\u00e9gociateurs europ\u00e9ens, <a href=\"https:\/\/www.20minutes.fr\/politique\/marco-rubio\/\" class=\"c-link c-link--is-underlined\" target=\"_blank\" rel=\"noopener\">Marco Rubio<\/a>, le chef de la diplomatie am\u00e9ricaine, ne fait pas preuve d\u2019un immense optimisme.<\/p>\n<p>Le chiffre du jour<\/p>\n<p>18 mois. Le temps qu\u2019a d\u00e9j\u00e0 pass\u00e9 dans une prison russe le chercheur fran\u00e7ais Laurent Vinatier, que les autorit\u00e9s ont l\u2019intention de juger pour \u00ab\u00a0espionnage\u00a0\u00bb. Interrog\u00e9 sur son cas lors de sa fameuse conf\u00e9rence, Vladimir Poutine a pr\u00e9tendu \u00ab\u00a0ne rien savoir\u00a0\u00bb de cette affaire. \u00ab\u00a0Je vous promets que je vais me renseigner. Et s\u2019il y a la moindre chance de r\u00e9soudre cette question de mani\u00e8re positive, si la loi russe le permet, nous ferons tout notre possible\u00a0\u00bb, a ajout\u00e9 le ma\u00eetre de Kremlin.<\/p>\n<p>\u00ab\u00a0Nous comptons sur le soutien de la diplomatie fran\u00e7aise et sur un dialogue utile entre les deux pays dans l\u2019int\u00e9r\u00eat de Laurent\u00a0\u00bb, a prudemment comment\u00e9 dans la foul\u00e9e Fr\u00e9d\u00e9ric B\u00e9lot, l\u2019avocat fran\u00e7ais du chercheur.<\/p>\n<p>La tendance<\/p>\n<p>En mer <a href=\"https:\/\/www.20minutes.fr\/dossier\/mediterranee\" class=\"c-link c-link--is-underlined\" target=\"_blank\" rel=\"noopener\">M\u00e9diterran\u00e9e<\/a>, c\u2019est une premi\u00e8re, selon Kiev. L\u2019Ukraine affirme avoir frapp\u00e9 un p\u00e9trolier de la \u00ab\u00a0flotte fant\u00f4me\u00a0\u00bb russe \u00ab\u00a0dans les eaux neutres\u00a0\u00bb, \u00e0 2.000 kilom\u00e8tres de Kiev. Une source anonyme au sein du SBU, les services de s\u00e9curit\u00e9 ukrainiens, indique des drones a\u00e9riens ont touch\u00e9 le Qendil que \u00ab\u00a0la <a href=\"https:\/\/www.20minutes.fr\/monde\/russie\/\" class=\"c-link c-link--is-underlined\" target=\"_blank\" rel=\"noopener\">Russie<\/a> utilisait pour contourner les sanctions\u00a0\u00bb et financer \u00ab\u00a0sa guerre contre l\u2019Ukraine\u00a0\u00bb.<\/p>\n<p>La source n\u2019a donn\u00e9 aucun d\u00e9tail suppl\u00e9mentaire, notamment sur le lieu \u00e0 partir duquel elle a \u00e9t\u00e9 d\u00e9clench\u00e9e et sur les pays que les drones auraient pu survoler.<\/p>\n<p>Le Qendil, battant pavillon d\u2019Oman, \u00e9tait parti de Sikka (Inde) \u00e0 destination d\u2019Oust-Louga (Russie), selon ses donn\u00e9es de navigation fournies par Bloomberg. Son trac\u00e9, coh\u00e9rent avec des images satellites consult\u00e9es par l\u2019AFP, indique un demi-tour effectu\u00e9 dans la nuit de jeudi \u00e0 vendredi, \u00e0 un moment o\u00f9 il se trouvait \u00e0 plus de 250 kilom\u00e8tres au large des c\u00f4tes grecques et libyennes. Le navire semblait rebrousser chemin vers l\u2019est vendredi matin.<\/p>\n<p><a href=\"http:\/\/www.20minutes.fr\/monde\/ukraine\" class=\"c-link c-btn c-btn--primary\" target=\"_blank\" rel=\"noopener\">Notre dossier sur la guerre en Ukraine<\/a><\/p>\n<p>Le b\u00e2timent \u00e9tait vide au moment de l\u2019attaque et l\u2019op\u00e9ration n\u2019a cr\u00e9\u00e9 aucune menace pour l\u2019environnement, assure le SBU, disant que le navire avait \u00ab\u00a0subi d\u2019importants dommages\u00a0\u00bb et n\u2019\u00e9tait plus en \u00e9tat de \u00ab\u00a0poursuivre ses objectifs\u00a0\u00bb. \u00ab\u00a0L\u2019ennemi doit comprendre que l\u2019Ukraine ne s\u2019arr\u00eatera pas et le frappera partout dans le monde, o\u00f9 qu\u2019il se trouve\u00a0\u00bb, ajoute ce messager.<\/p>\n","protected":false},"excerpt":{"rendered":"Vous avez rat\u00e9 les derniers \u00e9v\u00e9nements sur la guerre en Ukraine\u00a0? 20 Minutes fait le point pour vous&hellip;\n","protected":false},"author":2,"featured_media":610608,"comment_status":"","ping_status":"","sticky":false,"template":"","format":"standard","meta":{"footnotes":""},"categories":[2],"tags":[47,11,75,564,73,1011,27,131,4998,1907,1252,74,12,25,132,135],"class_list":{"0":"post-610607","1":"post","2":"type-post","3":"status-publish","4":"format-standard","5":"has-post-thumbnail","7":"category-actualites","8":"tag-actualite","9":"tag-actualites","10":"tag-donald-trump","11":"tag-drone","12":"tag-etats-unis","13":"tag-fr","14":"tag-france","15":"tag-guerre-en-ukraine","16":"tag-kremlin","17":"tag-marco-rubio","18":"tag-mediterranee","19":"tag-monde","20":"tag-news","21":"tag-republique-francaise","22":"tag-russie","23":"tag-vladimir-poutine"},"share_on_mastodon":{"url":"https:\/\/pubeurope.com\/@fr\/115749000654304304","error":""},"_links":{"self":[{"href":"https:\/\/www.europesays.com\/fr\/wp-json\/wp\/v2\/posts\/610607","targetHints":{"allow":["GET"]}}],"collection":[{"href":"https:\/\/www.europesays.com\/fr\/wp-json\/wp\/v2\/posts"}],"about":[{"href":"https:\/\/www.europesays.com\/fr\/wp-json\/wp\/v2\/types\/post"}],"author":[{"embeddable":true,"href":"https:\/\/www.europesays.com\/fr\/wp-json\/wp\/v2\/users\/2"}],"replies":[{"embeddable":true,"href":"https:\/\/www.europesays.com\/fr\/wp-json\/wp\/v2\/comments?post=610607"}],"version-history":[{"count":0,"href":"https:\/\/www.europesays.com\/fr\/wp-json\/wp\/v2\/posts\/610607\/revisions"}],"wp:featuredmedia":[{"embeddable":true,"href":"https:\/\/www.europesays.com\/fr\/wp-json\/wp\/v2\/media\/610608"}],"wp:attachment":[{"href":"https:\/\/www.europesays.com\/fr\/wp-json\/wp\/v2\/media?parent=610607"}],"wp:term":[{"taxonomy":"category","embeddable":true,"href":"https:\/\/www.europesays.com\/fr\/wp-json\/wp\/v2\/categories?post=610607"},{"taxonomy":"post_tag","embeddable":true,"href":"https:\/\/www.europesays.com\/fr\/wp-json\/wp\/v2\/tags?post=610607"}],"curies":[{"name":"wp","href":"https:\/\/api.w.org\/{rel}","templated":true}]}}