{"id":610615,"date":"2025-12-20T00:20:20","date_gmt":"2025-12-20T00:20:20","guid":{"rendered":"https:\/\/www.europesays.com\/fr\/610615\/"},"modified":"2025-12-20T00:20:20","modified_gmt":"2025-12-20T00:20:20","slug":"abandonner-le-tour-de-france-a-pu-lui-servir-delectrochoc-voici-pourquoi-remco-evenepoel-a-quitte-soudal-quick-step-selon-un-de-ses-equipiers","status":"publish","type":"post","link":"https:\/\/www.europesays.com\/fr\/610615\/","title":{"rendered":"\u00ab\u00a0Abandonner le Tour de France a pu lui servir d&rsquo;\u00e9lectrochoc\u00a0\u00bb\u00a0: voici pourquoi Remco Evenepoel a quitt\u00e9 Soudal Quick-Step selon un de ses \u00e9quipiers"},"content":{"rendered":"<p class=\"ap-StoryElement ap-StoryElement--mb ap-StoryText\">Il faudra s&rsquo;y habituer : Remco Evenepoel ne roulera plus pour Soudal Quick-Step, \u00e9quipe qu&rsquo;il a rejoint en 2019, mais bien pour Red Bull \u2013 Bora \u2013 Hansgrohe en 2026.<\/p>\n<p class=\"ap-StoryElement ap-StoryElement--mb ap-StoryText\">Un transfert qui a beaucoup fait parler ces derniers mois et qui a \u00e9t\u00e9 <a href=\"https:\/\/www.dhnet.be\/sports\/cyclisme\/2025\/08\/05\/officiel-remco-evenepoel-quitte-la-soudal-quick-step-YXQ2HXVZFNHKZDBOOK2NJI54AM\/\" target=\"_self\" rel=\"noopener\">annonc\u00e9 le 5 ao\u00fbt dernier<\/a>. Soit 17 jours exactement apr\u00e8s son abandon sur le Tour de France. Deux \u00e9v\u00e9nements qui sont \u00e9troitement li\u00e9s selon son \u00e9quipier Mattia Cattaneo.<\/p>\n<p class=\"ap-StoryElement ap-StoryElement--mb ap-StoryText\">\u00ab\u00a0Abandonner le Tour comme \u00e7a a \u00e9t\u00e9 un coup dur. Mais cela a aussi pu servir d&rsquo;\u00e9lectrochoc : &lsquo;Je dois changer quelque chose.&rsquo; Parfois, on tire des le\u00e7ons d&rsquo;une d\u00e9faite, m\u00eame quand on est un champion\u00a0\u00bb, a confi\u00e9 l&rsquo;Italien qui a suivi son leader au sein de l&rsquo;\u00e9quipe allemande, \u00ab\u00a0J&rsquo;avais trois ou quatre belles propositions. Entre-temps, Remco avait d\u00e9j\u00e0 d\u00e9cid\u00e9 de rejoindre Red Bull \u2013 Bora \u2013 Hansgrohe et m&rsquo;a appel\u00e9 : &lsquo;Si tu peux, signe chez Red Bull, car je vais y aller'\u00a0\u00bb.<\/p>\n","protected":false},"excerpt":{"rendered":"Il faudra s&rsquo;y habituer : Remco Evenepoel ne roulera plus pour Soudal Quick-Step, \u00e9quipe qu&rsquo;il a rejoint en&hellip;\n","protected":false},"author":2,"featured_media":610616,"comment_status":"","ping_status":"","sticky":false,"template":"","format":"standard","meta":{"footnotes":""},"categories":[1411],"tags":[1154,207,1011,27,13074,11697,60,210],"class_list":{"0":"post-610615","1":"post","2":"type-post","3":"status-publish","4":"format-standard","5":"has-post-thumbnail","7":"category-cyclisme","8":"tag-cycling","9":"tag-cyclisme","10":"tag-fr","11":"tag-france","12":"tag-le-giro-le-tour-ditalie","13":"tag-remco-evenepoel","14":"tag-sports","15":"tag-tour-de-france"},"share_on_mastodon":{"url":"https:\/\/pubeurope.com\/@fr\/115749036013556300","error":""},"_links":{"self":[{"href":"https:\/\/www.europesays.com\/fr\/wp-json\/wp\/v2\/posts\/610615","targetHints":{"allow":["GET"]}}],"collection":[{"href":"https:\/\/www.europesays.com\/fr\/wp-json\/wp\/v2\/posts"}],"about":[{"href":"https:\/\/www.europesays.com\/fr\/wp-json\/wp\/v2\/types\/post"}],"author":[{"embeddable":true,"href":"https:\/\/www.europesays.com\/fr\/wp-json\/wp\/v2\/users\/2"}],"replies":[{"embeddable":true,"href":"https:\/\/www.europesays.com\/fr\/wp-json\/wp\/v2\/comments?post=610615"}],"version-history":[{"count":0,"href":"https:\/\/www.europesays.com\/fr\/wp-json\/wp\/v2\/posts\/610615\/revisions"}],"wp:featuredmedia":[{"embeddable":true,"href":"https:\/\/www.europesays.com\/fr\/wp-json\/wp\/v2\/media\/610616"}],"wp:attachment":[{"href":"https:\/\/www.europesays.com\/fr\/wp-json\/wp\/v2\/media?parent=610615"}],"wp:term":[{"taxonomy":"category","embeddable":true,"href":"https:\/\/www.europesays.com\/fr\/wp-json\/wp\/v2\/categories?post=610615"},{"taxonomy":"post_tag","embeddable":true,"href":"https:\/\/www.europesays.com\/fr\/wp-json\/wp\/v2\/tags?post=610615"}],"curies":[{"name":"wp","href":"https:\/\/api.w.org\/{rel}","templated":true}]}}