{"id":610619,"date":"2025-12-20T00:22:10","date_gmt":"2025-12-20T00:22:10","guid":{"rendered":"https:\/\/www.europesays.com\/fr\/610619\/"},"modified":"2025-12-20T00:22:10","modified_gmt":"2025-12-20T00:22:10","slug":"vives-emotions-sur-le-plateau-de-tbt9-cyril-hanouna-finit-en-larmes","status":"publish","type":"post","link":"https:\/\/www.europesays.com\/fr\/610619\/","title":{"rendered":"Vives \u00e9motions sur le plateau de TBT9 : Cyril Hanouna finit en larmes"},"content":{"rendered":"<p>Moment rare et rempli d\u2019\u00e9motion sur le plateau de <strong><a href=\"https:\/\/www.public.fr\/tag\/tout-beau-tout-9\" target=\"_blank\" rel=\"noopener\">Tout beau tout neuf (TBT9)<\/a><\/strong> ce vendredi 19 d\u00e9cembre 2025. Pour la derni\u00e8re \u00e9mission de l\u2019ann\u00e9e, <a href=\"https:\/\/www.public.fr\/tag\/cyril-hanouna\" target=\"_blank\" rel=\"noopener\">Cyril Hanouna<\/a> a v\u00e9cu une s\u00e9quence particuli\u00e8rement forte en \u00e9motion lors du traditionnel \u00ab\u00a0conseil de classe\u00a0\u00bb. En effet, pour la derni\u00e8re de l\u2019ann\u00e9e, apr\u00e8s ses chroniqueurs, c\u2019est le \u00ab\u00a0patron\u00a0\u00bb qui se pliait au \u00ab\u00a0jeu\u00a0\u00bb et se faisait noter par les membres de son \u00e9quipes.\u00a0<\/p>\n<p>Ce qui devait \u00eatre un jeu s\u2019est rapidement transform\u00e9 en un d\u00e9ferlement de compliments et de t\u00e9moignages sinc\u00e8res. Touch\u00e9 par les mots de son \u00e9quipe, l\u2019animateur, habituellement tr\u00e8s \u00e0 l\u2019aise \u00e0 l\u2019antenne, a fini par craquer. Une sc\u00e8ne marquante qui a vivement \u00e9mu le public, les chroniqueurs, et <a href=\"https:\/\/www.public.fr\/cest-lui-qui-gagne-le-plus-cyril-hanouna-revele-lidentite-de-lanimateur-le-mieux-paye-du-paf\" target=\"_blank\" rel=\"noopener\">l\u2019animateur lui-m\u00eame.<\/a><\/p>\n<p><strong>Un conseil de classe plein d\u2019\u00e9loges pour Cyril Hanouna<\/strong><\/p>\n<p>Chacun leur tour, <strong>les chroniqueurs ont pris la parole<\/strong> les uns apr\u00e8s les autres pour dire ce qu\u2019ils pensaient de Cyril Hanouna et ce qu\u2019ils retenaient de l\u2019animateur apr\u00e8s cette ann\u00e9e \u00e9coul\u00e9e \u00e0 ses c\u00f4t\u00e9s.<\/p>\n<p>Michel Mary salue par exemple le plaisir de travailler \u00e0 ses c\u00f4t\u00e9s et \u00e9voque son esprit vif et ses r\u00e9pliques. Gilles Verdez parle du \u00ab\u00a0num\u00e9ro 1 incontest\u00e9 des talk-shows\u00a0\u00bb, tandis que Val\u00e9rie Bena\u00efm estime que l\u2019animateur est \u00ab\u00a0unique en son genre\u00a0\u00bb. Jordan De Luxe, toujours un brin d\u00e9cal\u00e9, va m\u00eame jusqu\u2019\u00e0 lui faire une demande en mariage en direct, d\u00e9clenchant les rires sur le plateau.<\/p>\n<p>D\u00e9j\u00e0 tr\u00e8s touch\u00e9 par cette avalanche de compliments, Cyril Hanouna peine \u00e0 masquer son \u00e9motion. Mais <strong>le moment le plus fort reste \u00e0 venir, lorsque Raymond Aabou, d\u00e9guis\u00e9 en P\u00e8re No\u00ebl, prend la parole<\/strong>. Celui que l\u2019animateur consid\u00e8re comme son \u00ab\u00a0fr\u00e8re\u00a0\u00bb va livrer un discours qui fera basculer la s\u00e9quence.<\/p>\n<p><strong>Raymond Aabou d\u00e9clenche les larmes avec un hommage tr\u00e8s personnel<\/strong><\/p>\n<p>Raymond Aabou commence par revenir sur les grands changements v\u00e9cus par l\u2019\u00e9quipe ces derniers mois. Depuis septembre, <strong><a href=\"https:\/\/vsd.fr\/tag\/tpmp\/\" target=\"_blank\" rel=\"noopener\">TPMP<\/a><\/strong> sur C8 est devenu <strong>TBT9 <\/strong>sur W9. Le d\u00e9cor a chang\u00e9, la cha\u00eene aussi, mais l\u2019esprit du programme est rest\u00e9 le m\u00eame. Il rappelle que pr\u00e8s de deux millions de personnes ont suivi Cyril Hanouna, car il \u00ab\u00a0parle aux gens\u00a0\u00bb et donne la parole \u00e0 ceux qu\u2019on n\u2019entend pas toujours.<\/p>\n<p>Il \u00e9voque ensuite un moment plus difficile : la fermeture de C8. Raymond souligne que Cyril Hanouna a tout fait pour <strong>\u00ab\u00a0sauver un maximum de gens\u00a0\u00bb<\/strong> et que les licenciements ont \u00e9t\u00e9 une \u00e9preuve pour lui. Puis, il aborde un sujet encore plus intime : <strong>la mort d\u2019Ange Hanouna<\/strong>, <strong>le p\u00e8re de l\u2019animateur, d\u00e9c\u00e9d\u00e9 en ao\u00fbt 2024<\/strong>. Malgr\u00e9 ce deuil, Cyril Hanouna a continu\u00e9 \u00e0 travailler et \u00e0 faire rire, sans rien montrer de sa peine.<\/p>\n<p>\u00c0 cet instant, l\u2019animateur ne peut plus retenir ses larmes. Fait rare, il reste silencieux, sans r\u00e9partie. Raymond Aabou conclut en saluant son r\u00f4le de chef de bande : \u00ab\u00a0Tout le monde t\u2019a suivi parce qu\u2019on a confiance\u00a0\u00bb. Il parle d\u2019un \u00ab\u00a0meneur d\u2019hommes\u00a0\u00bb qui aime les gens et agit souvent dans l\u2019ombre, notamment aupr\u00e8s des associations. Une vive \u00e9motion qui marque une premi\u00e8re partie de saison pour \u00ab\u00a0Baba\u00a0\u00bb \u00e0 la t\u00eate de <strong>TBT9,<\/strong> plus que r\u00e9ussie.\u00a0<\/p>\n<p>\n          Hits &amp; People en continu\n        <\/p>\n<p>\n          Public Radio\n        <\/p>\n<p>      Mentionn\u00e9s dans cet article<\/p>\n<p>      Sur le m\u00eame sujet<\/p>\n","protected":false},"excerpt":{"rendered":"Moment rare et rempli d\u2019\u00e9motion sur le plateau de Tout beau tout neuf (TBT9) ce vendredi 19 d\u00e9cembre&hellip;\n","protected":false},"author":2,"featured_media":610620,"comment_status":"","ping_status":"","sticky":false,"template":"","format":"standard","meta":{"footnotes":""},"categories":[1359],"tags":[7278,1083,58,59,1011,27,973,549,22498,22497],"class_list":{"0":"post-610619","1":"post","2":"type-post","3":"status-publish","4":"format-standard","5":"has-post-thumbnail","7":"category-people","8":"tag-c8","9":"tag-cyril-hanouna","10":"tag-divertissement","11":"tag-entertainment","12":"tag-fr","13":"tag-france","14":"tag-people","15":"tag-touche-pas-a-mon-poste","16":"tag-tout-9-tbt9","17":"tag-tout-beau"},"share_on_mastodon":{"url":"https:\/\/pubeurope.com\/@fr\/115749043870335158","error":""},"_links":{"self":[{"href":"https:\/\/www.europesays.com\/fr\/wp-json\/wp\/v2\/posts\/610619","targetHints":{"allow":["GET"]}}],"collection":[{"href":"https:\/\/www.europesays.com\/fr\/wp-json\/wp\/v2\/posts"}],"about":[{"href":"https:\/\/www.europesays.com\/fr\/wp-json\/wp\/v2\/types\/post"}],"author":[{"embeddable":true,"href":"https:\/\/www.europesays.com\/fr\/wp-json\/wp\/v2\/users\/2"}],"replies":[{"embeddable":true,"href":"https:\/\/www.europesays.com\/fr\/wp-json\/wp\/v2\/comments?post=610619"}],"version-history":[{"count":0,"href":"https:\/\/www.europesays.com\/fr\/wp-json\/wp\/v2\/posts\/610619\/revisions"}],"wp:featuredmedia":[{"embeddable":true,"href":"https:\/\/www.europesays.com\/fr\/wp-json\/wp\/v2\/media\/610620"}],"wp:attachment":[{"href":"https:\/\/www.europesays.com\/fr\/wp-json\/wp\/v2\/media?parent=610619"}],"wp:term":[{"taxonomy":"category","embeddable":true,"href":"https:\/\/www.europesays.com\/fr\/wp-json\/wp\/v2\/categories?post=610619"},{"taxonomy":"post_tag","embeddable":true,"href":"https:\/\/www.europesays.com\/fr\/wp-json\/wp\/v2\/tags?post=610619"}],"curies":[{"name":"wp","href":"https:\/\/api.w.org\/{rel}","templated":true}]}}