{"id":610623,"date":"2025-12-20T00:25:22","date_gmt":"2025-12-20T00:25:22","guid":{"rendered":"https:\/\/www.europesays.com\/fr\/610623\/"},"modified":"2025-12-20T00:25:22","modified_gmt":"2025-12-20T00:25:22","slug":"les-notes-de-loups-garous-episode-4-so-foot-com","status":"publish","type":"post","link":"https:\/\/www.europesays.com\/fr\/610623\/","title":{"rendered":"Les notes de Loups Garous : \u00e9pisode 4 &#8211; SO FOOT.com"},"content":{"rendered":"<ol>\n<li><a href=\"https:\/\/news.google.com\/rss\/articles\/CBMiggFBVV95cUxNWUZSdktWWnI1QVBqd3JCeUhPcy1lWWh4QzlqaFViTV83SjE5ZkF4UzNmbjdibERQeE9NaTZzMERjY0lCY2hHZ05jeXZyU1dRenktclNnaFh1eEdCc3VfQzZVSDFYY29sS2tTQ3c5T2FsMkpadUR3cUFHbWxFYTk4bTRB?oc=5\" target=\"_blank\" rel=\"noopener\">Les notes de Loups Garous : \u00e9pisode 4<\/a>&nbsp;&nbsp;SO FOOT.com<\/li>\n<li><a href=\"https:\/\/news.google.com\/rss\/articles\/CBMiqwFBVV95cUxPVXF5cWpscVgwVzVIenM1ZGtzbmh6UXRjVTNER3J2TjBDb2t1dmdTME1LVFJTbU9VNndDR0VJYkxfcTc0bjZVSVY3YXJzN0pGSVVSLXRodkU0c082N3ZMNzNmU2xyZ2x4N2xaX20wTXI0cjJIbUpEc29pOUJpbnY3WmhkYkJJSTFVQm9VZmdWSTIxZDJHZEZ2SVUwZm9DOGF2dnRHbUhqSm9iZ1U?oc=5\" target=\"_blank\" rel=\"noopener\">Loups Garous : Saxx le hacker d\u00e9masqu\u00e9, quelles audiences sur Canal+ ?<\/a>&nbsp;&nbsp;Toutelatele<\/li>\n<li><a href=\"https:\/\/news.google.com\/rss\/articles\/CBMisAFBVV95cUxPdDNMOXhDWEdmQ3dOV2pDQUw4anV2bXJzYVp2M0NGZUQxQjlZMFRfaFJXcE5CaGFJdldjRzVCLTliWWxvSjNhOGRTdG5KdkZXR01KZWhPd0I2STV3ZFUxLTdBNEd4TVd3TUhFcmtDV2NYUlpiY0c4YmN3MExIRGVpSW9rUjFVM1VnZEhRS2ZaSHpFcFBocWJjLU44TjV3bUhwVnlpM2pldnE5N3Z6dktuMg?oc=5\" target=\"_blank\" rel=\"noopener\">LE CR\u00c9DIT MUTUEL REJOINT LA MEUTE DE L\u2019\u00c9MISSION LOUP GAROU &#8211; Cr\u00e9dit Mutuel &#8211; Havas Paris &#8211; agence Publicit\u00e9 \/ communication \/ 360<\/a>&nbsp;&nbsp;La R\u00e9clame<\/li>\n<li><a href=\"https:\/\/news.google.com\/rss\/articles\/CBMilgFBVV95cUxQMUhOd3JqWF9sQ2xMUVRvSzVnN2VrOHEzckRHZ3Q0ZFl0WlpUUDBnUmJZZ0xTdzZyUDdZMWg1TGpVQzRvZFR0eUZ1d1NBYzVCT3lmSHM1Z202Y0hLb2VUYklHY2VMUGxBa3l3SmVFd1BYa0ZGZ2xEejhKSXNhOWhlLVVYQlBlWmx0UlFXZFliNVQ2X0NEeWc?oc=5\" target=\"_blank\" rel=\"noopener\">Sondage : qui est Loups Garous dans la saison 2 de la s\u00e9rie CANAL+ ?<\/a>&nbsp;&nbsp;Serieously<\/li>\n<li><a href=\"https:\/\/news.google.com\/rss\/articles\/CBMiqwFBVV95cUxPdTRDbWxJWElGaWd2aG41ZUNPNVhqc0xOVS1FQzhobU5RTmc1M2VSYnppVERjcG9oejBJY2h1WGdnY2w2c3o5ZGR6YUZYeFNKZlZpZV8zeVQ0VTVKdXlBemNiY3NJOWJfbmNSRXVJUHhKM2JKLWF0LXFzdzZweGQyTEE4N1dMT000SVdMY3Fkblo2VGI1SmtaeU9LZUdaekU3Q0hDUk9aZkdsVE0?oc=5\" target=\"_blank\" rel=\"noopener\">LOUPS GAROUS saison 2, \u00e9pisode 4 : une \u00e9limination d\u00e9cisive ? (Spoilers)<\/a>&nbsp;&nbsp;CANAL+<\/li>\n<\/ol>\n","protected":false},"excerpt":{"rendered":"Les notes de Loups Garous : \u00e9pisode 4&nbsp;&nbsp;SO FOOT.com Loups Garous : Saxx le hacker d\u00e9masqu\u00e9, quelles audiences&hellip;\n","protected":false},"author":2,"featured_media":610624,"comment_status":"","ping_status":"","sticky":false,"template":"","format":"standard","meta":{"footnotes":""},"categories":[1356],"tags":[47,61,69,65,58,59,64,63,1011,27,68,66,62,70,67,252,1364],"class_list":{"0":"post-610623","1":"post","2":"type-post","3":"status-publish","4":"format-standard","5":"has-post-thumbnail","7":"category-television","8":"tag-actualite","9":"tag-actus-football","10":"tag-bundesliga","11":"tag-championnats-europeens","12":"tag-divertissement","13":"tag-entertainment","14":"tag-equipe-de-france","15":"tag-football","16":"tag-fr","17":"tag-france","18":"tag-ligua","19":"tag-ligue-1","20":"tag-news-foot","21":"tag-premier-league","22":"tag-serie-a","23":"tag-television","24":"tag-tv"},"share_on_mastodon":{"url":"https:\/\/pubeurope.com\/@fr\/115749055757722741","error":""},"_links":{"self":[{"href":"https:\/\/www.europesays.com\/fr\/wp-json\/wp\/v2\/posts\/610623","targetHints":{"allow":["GET"]}}],"collection":[{"href":"https:\/\/www.europesays.com\/fr\/wp-json\/wp\/v2\/posts"}],"about":[{"href":"https:\/\/www.europesays.com\/fr\/wp-json\/wp\/v2\/types\/post"}],"author":[{"embeddable":true,"href":"https:\/\/www.europesays.com\/fr\/wp-json\/wp\/v2\/users\/2"}],"replies":[{"embeddable":true,"href":"https:\/\/www.europesays.com\/fr\/wp-json\/wp\/v2\/comments?post=610623"}],"version-history":[{"count":0,"href":"https:\/\/www.europesays.com\/fr\/wp-json\/wp\/v2\/posts\/610623\/revisions"}],"wp:featuredmedia":[{"embeddable":true,"href":"https:\/\/www.europesays.com\/fr\/wp-json\/wp\/v2\/media\/610624"}],"wp:attachment":[{"href":"https:\/\/www.europesays.com\/fr\/wp-json\/wp\/v2\/media?parent=610623"}],"wp:term":[{"taxonomy":"category","embeddable":true,"href":"https:\/\/www.europesays.com\/fr\/wp-json\/wp\/v2\/categories?post=610623"},{"taxonomy":"post_tag","embeddable":true,"href":"https:\/\/www.europesays.com\/fr\/wp-json\/wp\/v2\/tags?post=610623"}],"curies":[{"name":"wp","href":"https:\/\/api.w.org\/{rel}","templated":true}]}}