{"id":610625,"date":"2025-12-20T00:26:13","date_gmt":"2025-12-20T00:26:13","guid":{"rendered":"https:\/\/www.europesays.com\/fr\/610625\/"},"modified":"2025-12-20T00:26:13","modified_gmt":"2025-12-20T00:26:13","slug":"yngwie-malmsteen-accuse-ses-ex-chanteurs-de-capitaliser-sur-sa-marque","status":"publish","type":"post","link":"https:\/\/www.europesays.com\/fr\/610625\/","title":{"rendered":"Yngwie Malmsteen accuse ses ex-chanteurs de \u201ccapitaliser sur [sa] marque\u201d"},"content":{"rendered":"<p><strong><a href=\"https:\/\/www.metalzone.fr\/yngwie-malmsteen\/\" target=\"_blank\" rel=\"noopener\">Yngwie Malmsteen<\/a> s\u2019en prend \u00e0 ses anciens chanteurs, qu\u2019il accuse de tirer profit de son nom et de son r\u00e9pertoire. Un message virulent publi\u00e9 sur les r\u00e9seaux sociaux attise de nouveau les tensions avec ses anciens collaborateurs.<\/strong><\/p>\n<p>\u201cCe sont mes albums solo, pas les leurs\u201d<\/p>\n<p>Le 18 d\u00e9cembre, Yngwie Malmsteen a publi\u00e9 un message cinglant sur les r\u00e9seaux sociaux, visant plusieurs chanteurs ayant particip\u00e9 \u00e0 ses projets solo au fil des ann\u00e9es. Sans les nommer, le guitariste su\u00e9dois reproche \u00e0 certains anciens chanteurs de se pr\u00e9senter \u00e0 tort comme des figures centrales de son travail solo : \u201cLes chanteurs que j\u2019ai engag\u00e9s pour mes albums solo essaient tous de capitaliser sur ma marque. Le fait de chanter sur MES disques ne leur donne ni droits, ni h\u00e9ritage\u201d, a-t-il \u00e9crit, en rappelant qu\u2019ils avaient \u00e9t\u00e9 pay\u00e9s comme de simples musiciens de studio.<\/p>\n<p>Cette d\u00e9claration intervient alors que Mats Lev\u00e9n pr\u00e9voit des concerts centr\u00e9s sur Facing The Animal (1997), l\u2019unique album qu\u2019il a enregistr\u00e9 avec Malmsteen. Il a r\u00e9cemment d\u00e9clar\u00e9 avoir sign\u00e9 entre 30 et 35 % des paroles de l\u2019album, une contribution que Malmsteen balaie d\u2019un revers : \u201c\u00c9crire une ligne par-ci par-l\u00e0 ne fait pas de vous un auteur\u201d.<\/p>\n<p>Un cr\u00e9ateur en contr\u00f4le permanent<\/p>\n<p>Depuis quelques ann\u00e9es, Yngwie assure d\u00e9sormais lui-m\u00eame les parties vocales sur sc\u00e8ne, \u00e9paul\u00e9 par Nick Marino (claviers), Emilio Martinez (basse) et Kevin Klingenschmid (batterie). Un choix en accord avec la m\u00e9thode qu\u2019il revendique depuis 1984 : \u201cJe suis un artiste solo, depuis toujours. M\u00eame quand j\u2019avais des chanteurs, je composais les lignes de chant et la musique\u201d, a-t-il rappel\u00e9 dans une interview accord\u00e9e \u00e0 Chris Akin Presents\u2026 en avril dernier.<\/p>\n<p>Le musicien, aujourd\u2019hui \u00e2g\u00e9 de 62 ans, reste tr\u00e8s actif. Apr\u00e8s un album live enregistr\u00e9 \u00e0 Tokyo et publi\u00e9 en avril 2025, il poursuit sa carri\u00e8re sans compromis, entre sc\u00e8nes internationales et lancement de sa propre ligne de compl\u00e9ments alimentaires.<\/p>\n<p>Connu pour son perfectionnisme, Malmsteen revendique pleinement son approche solitaire : \u201cSi vous voulez me traiter de maniaque du contr\u00f4le, allez-y. Je plaide coupable\u201d, d\u00e9clarait-il en d\u00e9but d\u2019ann\u00e9e dans une interview accord\u00e9e \u00e0 La Hora Del V\u00e9rtigo by Stairway To Rock. Une attitude qui, malgr\u00e9 les tensions qu\u2019elle suscite, accompagne sa carri\u00e8re depuis plus de quatre d\u00e9cennies.<\/p>\n<p>Message d\u2019Yngwie Malmsteen :<\/p>\n<blockquote class=\"twitter-tweet\">\n<p dir=\"ltr\" lang=\"en\">So it has come-to my attention that these hired and paid singers that I hired for my solo records are all trying to capitalize from my brand! Let\u2019s be clear: performing on MY SOLO records does not equal ownership, authorship, or legacy. Writing a line here and there doesn\u2019t make\u2026<\/p>\n<p>\u2014 Yngwie Malmsteen (@OfficialYJM) <a href=\"https:\/\/twitter.com\/OfficialYJM\/status\/2001711145665630496?ref_src=twsrc%5Etfw\" target=\"_blank\" rel=\"noopener\">December 18, 2025<\/a><\/p>\n<\/blockquote>\n<p>Publication de Mats Lev\u00e9n :<\/p>\n<p><script async src=\"https:\/\/platform.twitter.com\/widgets.js\" charset=\"utf-8\"><\/script><\/p>\n","protected":false},"excerpt":{"rendered":"Yngwie Malmsteen s\u2019en prend \u00e0 ses anciens chanteurs, qu\u2019il accuse de tirer profit de son nom et de&hellip;\n","protected":false},"author":2,"featured_media":610626,"comment_status":"","ping_status":"","sticky":false,"template":"","format":"standard","meta":{"footnotes":""},"categories":[1355],"tags":[58,59,1011,27,1361,873],"class_list":{"0":"post-610625","1":"post","2":"type-post","3":"status-publish","4":"format-standard","5":"has-post-thumbnail","7":"category-musique","8":"tag-divertissement","9":"tag-entertainment","10":"tag-fr","11":"tag-france","12":"tag-music","13":"tag-musique"},"share_on_mastodon":{"url":"https:\/\/pubeurope.com\/@fr\/115749059559049422","error":""},"_links":{"self":[{"href":"https:\/\/www.europesays.com\/fr\/wp-json\/wp\/v2\/posts\/610625","targetHints":{"allow":["GET"]}}],"collection":[{"href":"https:\/\/www.europesays.com\/fr\/wp-json\/wp\/v2\/posts"}],"about":[{"href":"https:\/\/www.europesays.com\/fr\/wp-json\/wp\/v2\/types\/post"}],"author":[{"embeddable":true,"href":"https:\/\/www.europesays.com\/fr\/wp-json\/wp\/v2\/users\/2"}],"replies":[{"embeddable":true,"href":"https:\/\/www.europesays.com\/fr\/wp-json\/wp\/v2\/comments?post=610625"}],"version-history":[{"count":0,"href":"https:\/\/www.europesays.com\/fr\/wp-json\/wp\/v2\/posts\/610625\/revisions"}],"wp:featuredmedia":[{"embeddable":true,"href":"https:\/\/www.europesays.com\/fr\/wp-json\/wp\/v2\/media\/610626"}],"wp:attachment":[{"href":"https:\/\/www.europesays.com\/fr\/wp-json\/wp\/v2\/media?parent=610625"}],"wp:term":[{"taxonomy":"category","embeddable":true,"href":"https:\/\/www.europesays.com\/fr\/wp-json\/wp\/v2\/categories?post=610625"},{"taxonomy":"post_tag","embeddable":true,"href":"https:\/\/www.europesays.com\/fr\/wp-json\/wp\/v2\/tags?post=610625"}],"curies":[{"name":"wp","href":"https:\/\/api.w.org\/{rel}","templated":true}]}}