{"id":610629,"date":"2025-12-20T00:28:12","date_gmt":"2025-12-20T00:28:12","guid":{"rendered":"https:\/\/www.europesays.com\/fr\/610629\/"},"modified":"2025-12-20T00:28:12","modified_gmt":"2025-12-20T00:28:12","slug":"face-aux-virus-de-lhiver-le-chu-de-toulouse-impose-a-nouveau-le-port-du-masque-sur-tous-ses-sites-hospitaliers","status":"publish","type":"post","link":"https:\/\/www.europesays.com\/fr\/610629\/","title":{"rendered":"Face aux virus de l\u2019hiver, le CHU de Toulouse impose \u00e0 nouveau le port du masque sur tous ses sites hospitaliers"},"content":{"rendered":"<p>\n                                                                    l&rsquo;essentiel<br \/>\n                                                                Face \u00e0 la recrudescence de la grippe et du Covid-19, le CHU de Toulouse r\u00e9tablit l\u2019obligation du port du masque pour tous durant trois semaines afin de prot\u00e9ger les patients fragiles et les soignants.\n                            <\/p>\n<p>Il n\u2019\u00e9tait <a href=\"https:\/\/www.ladepeche.fr\/2023\/05\/06\/toulouse-il-nest-plus-obligatoire-de-porter-le-masque-chirurgical-dans-les-hopitaux-publics-et-les-cliniques-privees-11177211.php\" target=\"_self\" rel=\"noopener\">plus obligatoire depuis mai\u00a02023 <\/a>dans les cliniques et h\u00f4pitaux. Mais ce vendredi, les patients et les familles qui se rendent au CHU de Toulouse doivent \u00e0 nouveau porter le masque, et ce durant trois semaines minimum. Le CHU de Toulouse a annonc\u00e9 ce jour le retour du port du masque obligatoire sur l\u2019ensemble de ses sites hospitaliers.<\/p>\n<p>Cette obligation concerne d\u00e9sormais les professionnels, les patients, les accompagnants, les r\u00e9sidents ainsi que tous les visiteurs sans exception.<\/p>\n<p>Cette mesure de protection intervient dans un contexte de forte circulation des pathologies respiratoires hivernales \u00e0 l\u2019approche des rassemblements des f\u00eates. Les \u00e9quipes m\u00e9dicales constatent une propagation rapide de la grippe, de la Covid-19 et du virus respiratoire syncytial qui se transmettent par la toux ou les mains. L\u2019objectif est de limiter la pression sur les services de soins alors que les virus saisonniers touchent fortement la population toulousaine.<\/p>\n<p>Respect des gestes barri\u00e8res<\/p>\n<p>Les autorit\u00e9s hospitali\u00e8res recommandent \u00e9galement de respecter les gestes barri\u00e8res essentiels comme le lavage r\u00e9gulier des mains et l\u2019utilisation de mouchoirs \u00e0 usage unique. Il est conseill\u00e9 de se faire vacciner et d\u2019\u00e9viter les lieux tr\u00e8s fr\u00e9quent\u00e9s pour les personnes les plus fragiles ainsi que les nourrissons. L\u2019a\u00e9ration quotidienne des logements reste une pratique indispensable pour renouveler l\u2019air int\u00e9rieur et r\u00e9duire les risques de contamination.<\/p>\n<p>L\u2019activit\u00e9 des urgences adultes et p\u00e9diatriques est actuellement centr\u00e9e sur les patients n\u00e9cessitant des soins hospitaliers imm\u00e9diats. Aux urgences p\u00e9diatriques, les d\u00e9lais d\u2019attente peuvent \u00eatre augment\u00e9s pour les situations les moins graves car la prise en charge est d\u00e9termin\u00e9e par la gravit\u00e9 clinique. En cas de doute sur la gravit\u00e9 d\u2019une situation ou d\u2019urgence vitale, il est essentiel de contacter imm\u00e9diatement le 15, rappelle le CHU de Toulouse.<\/p>\n","protected":false},"excerpt":{"rendered":"l&rsquo;essentiel Face \u00e0 la recrudescence de la grippe et du Covid-19, le CHU de Toulouse r\u00e9tablit l\u2019obligation du&hellip;\n","protected":false},"author":2,"featured_media":610630,"comment_status":"","ping_status":"","sticky":false,"template":"","format":"standard","meta":{"footnotes":""},"categories":[10],"tags":[1011,27,2722,72,71,8755,2312],"class_list":{"0":"post-610629","1":"post","2":"type-post","3":"status-publish","4":"format-standard","5":"has-post-thumbnail","7":"category-sante","8":"tag-fr","9":"tag-france","10":"tag-haute-garonne","11":"tag-health","12":"tag-sante","13":"tag-santu00e9","14":"tag-toulouse"},"share_on_mastodon":{"url":"https:\/\/pubeurope.com\/@fr\/115749067503154264","error":""},"_links":{"self":[{"href":"https:\/\/www.europesays.com\/fr\/wp-json\/wp\/v2\/posts\/610629","targetHints":{"allow":["GET"]}}],"collection":[{"href":"https:\/\/www.europesays.com\/fr\/wp-json\/wp\/v2\/posts"}],"about":[{"href":"https:\/\/www.europesays.com\/fr\/wp-json\/wp\/v2\/types\/post"}],"author":[{"embeddable":true,"href":"https:\/\/www.europesays.com\/fr\/wp-json\/wp\/v2\/users\/2"}],"replies":[{"embeddable":true,"href":"https:\/\/www.europesays.com\/fr\/wp-json\/wp\/v2\/comments?post=610629"}],"version-history":[{"count":0,"href":"https:\/\/www.europesays.com\/fr\/wp-json\/wp\/v2\/posts\/610629\/revisions"}],"wp:featuredmedia":[{"embeddable":true,"href":"https:\/\/www.europesays.com\/fr\/wp-json\/wp\/v2\/media\/610630"}],"wp:attachment":[{"href":"https:\/\/www.europesays.com\/fr\/wp-json\/wp\/v2\/media?parent=610629"}],"wp:term":[{"taxonomy":"category","embeddable":true,"href":"https:\/\/www.europesays.com\/fr\/wp-json\/wp\/v2\/categories?post=610629"},{"taxonomy":"post_tag","embeddable":true,"href":"https:\/\/www.europesays.com\/fr\/wp-json\/wp\/v2\/tags?post=610629"}],"curies":[{"name":"wp","href":"https:\/\/api.w.org\/{rel}","templated":true}]}}