{"id":610632,"date":"2025-12-20T00:30:27","date_gmt":"2025-12-20T00:30:27","guid":{"rendered":"https:\/\/www.europesays.com\/fr\/610632\/"},"modified":"2025-12-20T00:30:27","modified_gmt":"2025-12-20T00:30:27","slug":"quinte-du-samedi-20-decembre-2025-a-vincennes-les-pronostics","status":"publish","type":"post","link":"https:\/\/www.europesays.com\/fr\/610632\/","title":{"rendered":"Quint\u00e9 du samedi 20 d\u00e9cembre 2025 \u00e0 Vincennes : les pronostics"},"content":{"rendered":"<p class=\"article-p mdl\">Retrouvez les pronostics de Dominique Cordier pour le Quint\u00e9 du samedi 20 d\u00e9cembre 2025 \u00e0 Vincennes, le Prix de Strasbourg. <strong>D\u00e9part \u00e0 15h15. 15 partants (le 1 Guerrier Castelets est non partant). <\/strong>Trot attel\u00e9. 2.700 m\u00e8tres. Grande piste. Trotteurs de 8 \u00e0 10 ans.\n<\/p>\n<p class=\"article-p mdl\">En s\u2019imposant dans le Quint\u00e9 du 22 novembre sur ce parcours, le <strong>9 Headscott<\/strong> indiquait du m\u00eame coup qu\u2019il n\u2019allait pas en rester l\u00e0. On devrait le v\u00e9rifier ici, o\u00f9 le partenaire d\u2019Anthony Barrier d\u00e9couvre un engagement \u00e0 sa mesure et une course \u00e0 sa port\u00e9e.<\/p>\n<p class=\"article-p mdl\">Le r\u00e9gulier <strong>Hurricane Carter<\/strong>, toujours plac\u00e9, jamais gagnant, lui sera oppos\u00e9, tout comme le 11 Harison du Plessis, dont on peut estimer qu\u2019il descend quelque peu de cat\u00e9gorie.\n<\/p>\n<p class=\"article-p mdl\">L\u2019outsider de RTL, le <strong>7 Gims du Plessis<\/strong>, \u00e9tant \u00e0 Vincennes un peu dans son jardin, il sera retenu \u00e9galement dans les combinaisons, en d\u00e9pit de la pr\u00e9sence de bons huit ans au d\u00e9part.\n<\/p>\n<p class=\"article-p mdl\">Vainqueur \u00e0 ce niveau le 8 novembre, le <strong>6 Himberland<\/strong> m\u00e9rite \u00e9galement cr\u00e9dit, surtout avec Jean-Michel Bazire aux manettes.<\/p>\n<p>            Les pronostics<\/p>\n<p class=\"article-p mdl\">9. Headscott<br \/>\n<br \/>12. Hurricane Carter<br \/>\n<br \/>11. Harison du Plessis<br \/>\n<br \/>7. Gims du Plessis<br \/>\n<br \/>6. Himberland<br \/>\n<br \/>5. Hold Up du Saptel<br \/>\n<br \/>14. Grand Trio Ludois<\/p>\n<p>            L&rsquo;outsider de RTL<\/p>\n<p class=\"article-p mdl\">7. Gims du Plessis<\/p>\n<p>            R\u00e9sultats du jeudi 18 d\u00e9cembre 2025 \u00e0 Deauville<\/p>\n<p class=\"article-p mdl\">Le favori de RTL se classe 11e, sans excuse valable, l\u2019outsider de RTL 8e.<\/p>\n<p>    La r\u00e9daction vous recommande<\/p>\n<p class=\"s-newsletter__title\">\n                L\u2019actualit\u00e9 par la r\u00e9daction de RTL dans votre bo\u00eete mail.\n            <\/p>\n<p class=\"s-newsletter__subtitle\">\n                Gr\u00e2ce \u00e0 votre compte RTL abonnez-vous \u00e0 la newsletter RTL info pour suivre toute l&rsquo;actualit\u00e9 au quotidien\n            <\/p>\n<p>\n                                    Lire la suite\n                                <\/p>\n","protected":false},"excerpt":{"rendered":"Retrouvez les pronostics de Dominique Cordier pour le Quint\u00e9 du samedi 20 d\u00e9cembre 2025 \u00e0 Vincennes, le Prix&hellip;\n","protected":false},"author":2,"featured_media":3836,"comment_status":"","ping_status":"","sticky":false,"template":"","format":"standard","meta":{"footnotes":""},"categories":[8],"tags":[2621,2622,58,59,107,2619,1011,27,2623,362],"class_list":{"0":"post-610632","1":"post","2":"type-post","3":"status-publish","4":"format-standard","5":"has-post-thumbnail","7":"category-divertissement","8":"tag-chevaux","9":"tag-courses","10":"tag-divertissement","11":"tag-entertainment","12":"tag-fil-info","13":"tag-fil-sport","14":"tag-fr","15":"tag-france","16":"tag-quinte","17":"tag-replay"},"share_on_mastodon":{"url":"https:\/\/pubeurope.com\/@fr\/115749075373373411","error":""},"_links":{"self":[{"href":"https:\/\/www.europesays.com\/fr\/wp-json\/wp\/v2\/posts\/610632","targetHints":{"allow":["GET"]}}],"collection":[{"href":"https:\/\/www.europesays.com\/fr\/wp-json\/wp\/v2\/posts"}],"about":[{"href":"https:\/\/www.europesays.com\/fr\/wp-json\/wp\/v2\/types\/post"}],"author":[{"embeddable":true,"href":"https:\/\/www.europesays.com\/fr\/wp-json\/wp\/v2\/users\/2"}],"replies":[{"embeddable":true,"href":"https:\/\/www.europesays.com\/fr\/wp-json\/wp\/v2\/comments?post=610632"}],"version-history":[{"count":0,"href":"https:\/\/www.europesays.com\/fr\/wp-json\/wp\/v2\/posts\/610632\/revisions"}],"wp:featuredmedia":[{"embeddable":true,"href":"https:\/\/www.europesays.com\/fr\/wp-json\/wp\/v2\/media\/3836"}],"wp:attachment":[{"href":"https:\/\/www.europesays.com\/fr\/wp-json\/wp\/v2\/media?parent=610632"}],"wp:term":[{"taxonomy":"category","embeddable":true,"href":"https:\/\/www.europesays.com\/fr\/wp-json\/wp\/v2\/categories?post=610632"},{"taxonomy":"post_tag","embeddable":true,"href":"https:\/\/www.europesays.com\/fr\/wp-json\/wp\/v2\/tags?post=610632"}],"curies":[{"name":"wp","href":"https:\/\/api.w.org\/{rel}","templated":true}]}}