{"id":610637,"date":"2025-12-20T00:33:18","date_gmt":"2025-12-20T00:33:18","guid":{"rendered":"https:\/\/www.europesays.com\/fr\/610637\/"},"modified":"2025-12-20T00:33:18","modified_gmt":"2025-12-20T00:33:18","slug":"apres-moult-atermoiements-ladministration-trump-va-publier-une-partie-du-dossier-epstein-19-12-2025-a-1842","status":"publish","type":"post","link":"https:\/\/www.europesays.com\/fr\/610637\/","title":{"rendered":"Apr\u00e8s moult atermoiements, l&rsquo;administration Trump va publier une partie du dossier Epstein &#8211; 19\/12\/2025 \u00e0 18:42"},"content":{"rendered":"<p>        <img decoding=\"async\" src=\"https:\/\/www.europesays.com\/fr\/wp-content\/uploads\/2025\/12\/8a17ee345aa88ca40eba285d2c1ea40e-760x507.jpg\" alt=\"Un manifestant tient une pancarte appelant \u00e0 la publication de tous les documents du dossier Epstein, \u00e0 l'ext\u00e9rieur du Capitole de Washington, le 12 novembre 2025 ( AFP \/ SAUL LOEB )\" loading=\"eager\" fetchpriority=\"high\" width=\"760\" height=\"507\" style=\"max-width: 100%!important; height: auto;\"\/><\/p>\n<p class=\"c-image-news__legend\">Un manifestant tient une pancarte appelant \u00e0 la publication de tous les documents du dossier Epstein, \u00e0 l&rsquo;ext\u00e9rieur du Capitole de Washington, le 12 novembre 2025 ( AFP \/ SAUL LOEB )<\/p>\n<p>\n L&rsquo;administration Trump s&rsquo;appr\u00eate \u00e0 d\u00e9voiler vendredi des centaines de milliers de documents sur le scandale Epstein, une publication attendue avec impatience aux Etats-Unis apr\u00e8s des mois de tergiversations du pr\u00e9sident r\u00e9publicain.\n<\/p>\n<p>\n Le gouvernement, qui a jusqu&rsquo;\u00e0 minuit pour s&rsquo;ex\u00e9cuter aux termes d&rsquo;une loi adopt\u00e9e par le Congr\u00e8s, ne devrait publier qu&rsquo;une portion du dossier potentiellement explosif sur l&rsquo;influent financier et criminel sexuel d\u00e9c\u00e9d\u00e9 en 2019, a dit Todd Blanche, haut responsable du minist\u00e8re de la Justice.\n<\/p>\n<p>\n \u00ab\u00a0Je m&rsquo;attends \u00e0 ce que nous publiions aujourd&rsquo;hui plusieurs centaines de milliers de documents\u00a0\u00bb, a-t-il d\u00e9clar\u00e9 sur Fox News, ajoutant que \u00ab\u00a0plusieurs centaines de milliers\u00a0\u00bb d&rsquo;autres \u00e9l\u00e9ments seraient d\u00e9voil\u00e9s \u00ab\u00a0au cours des prochaines semaines\u00a0\u00bb.\n<\/p>\n<p>\n Cette publication par \u00e9tapes a suscit\u00e9 la col\u00e8re du chef des s\u00e9nateurs d\u00e9mocrates Chuck Schumer, qui a rappel\u00e9 que la loi \u00e9tait \u00ab\u00a0on ne peut plus claire\u00a0\u00bb et imposait au gouvernement de publier \u00ab\u00a0TOUS les documents\u00a0\u00bb d&rsquo;ici \u00e0 minuit et non seulement une partie.\n<\/p>\n<p>\n \u00ab\u00a0Cela montre simplement que le minist\u00e8re de la Justice, Donald Trump et (la ministre de la Justice) Pam Bondi veulent tout faire pour cacher la v\u00e9rit\u00e9\u00a0\u00bb sur le scandale qui secoue les Etats-Unis depuis plusieurs ann\u00e9es, a-t-il tonn\u00e9 dans un communiqu\u00e9.\n<\/p>\n<p>\n Figure de la jet-set new-yorkaise, Jeffrey Epstein \u00e9tait au coeur d&rsquo;un r\u00e9seau d&rsquo;exploitation sexuelle de mineures qui aurait b\u00e9n\u00e9fici\u00e9 \u00e0 des personnalit\u00e9s de premier plan. Sa mort en 2019 en prison a aliment\u00e9 d&rsquo;innombrables th\u00e9ories du complot selon lesquelles il aurait \u00e9t\u00e9 assassin\u00e9 pour \u00e9touffer un scandale \u00e9claboussant des personnalit\u00e9s.\n<\/p>\n<p>\n Alors qu&rsquo;il avait fait campagne en 2024 en promettant une totale transparence sur le sujet, Donald Trump a ren\u00e2cl\u00e9 \u00e0 mettre en oeuvre sa promesse de tout publier, qualifiant l&rsquo;affaire de \u00ab\u00a0canular\u00a0\u00bb instrumentalis\u00e9 par l&rsquo;opposition d\u00e9mocrate et appelant les Am\u00e9ricains et sa base \u00ab\u00a0MAGA\u00a0\u00bb \u00e0 tourner la page.\n<\/p>\n<p>        <img decoding=\"async\" src=\"https:\/\/www.europesays.com\/fr\/wp-content\/uploads\/2025\/12\/f45c3d60c04168858ccb4f9ea4e90cbf-760x603.jpg\" alt=\"Image non-dat\u00e9e publi\u00e9e le 12 d\u00e9cembre 2025 par des \u00e9lus d\u00e9mocrates \u00e0 la Chambre am\u00e9ricaine des repr\u00e9sentants montrant Donald Trump (\u00e0 gauche) aux c\u00f4t\u00e9s de Jeffrey Epstein (au centre) ( House Oversight Democrats \/ HANDOUT )\" loading=\"eager\" fetchpriority=\"high\" width=\"760\" height=\"603\" style=\"max-width: 100%!important; height: auto;\"\/><\/p>\n<p class=\"c-image-news__legend\">Image non-dat\u00e9e publi\u00e9e le 12 d\u00e9cembre 2025 par des \u00e9lus d\u00e9mocrates \u00e0 la Chambre am\u00e9ricaine des repr\u00e9sentants montrant Donald Trump (\u00e0 gauche) aux c\u00f4t\u00e9s de Jeffrey Epstein (au centre) ( House Oversight Democrats \/ HANDOUT )<\/p>\n<p>\n Il n&rsquo;a toutefois pas pu emp\u00eacher le Congr\u00e8s d&rsquo;adopter une loi faisant obligation \u00e0 l&rsquo;administration de publier avant vendredi minuit l&rsquo;int\u00e9gralit\u00e9 des documents non classifi\u00e9s en sa possession sur le financier, sa complice Ghislaine Maxwell, qui purge une peine de vingt ans de prison, et toutes les personnes impliqu\u00e9es dans les proc\u00e9dures judiciaires.\n<\/p>\n<p>\n \u00ab\u00a0\u00c7a a pris trop longtemps\u00a0\u00bb, s&rsquo;indigne aupr\u00e8s de l&rsquo;AFP Mike Costarell, 58 ans, partisan de Donald Trump. \u00ab\u00a0Il est important que quiconque sexualise des enfants r\u00e9ponde de ses actes. Et peu m&rsquo;importe de quel c\u00f4t\u00e9 de l&rsquo;\u00e9chiquier politique il se trouve ou \u00e0 quel point il est riche\u00a0\u00bb.\n<\/p>\n<p>\n Mais l&rsquo;inconnue persiste sur la port\u00e9e des r\u00e9v\u00e9lations futures alors que l&rsquo;opposition accuse le gouvernement de vouloir enterrer l&rsquo;affaire.\n<\/p>\n<p>\n Le minist\u00e8re de la Justice a toute latitude pour ne pas publier de noms ou d&rsquo;informations sensibles. Todd Blanche a pr\u00e9venu que les documents seraient en partie expurg\u00e9s pour prot\u00e9ger les jeunes victimes d&rsquo;Epstein, et qu&rsquo;il ne fallait pas s&rsquo;attendre \u00e0 de nouvelles inculpations.\n<\/p>\n<p>\n Les documents pourraient embarrasser des personnalit\u00e9s du monde des affaires, de la politique ou du spectacle qui gravitaient dans l&rsquo;orbite du financier. Y compris Donald Trump, longtemps proche de Jeffrey Epstein jusqu&rsquo;\u00e0 leur brouille dans les ann\u00e9es 2000.\n<\/p>\n<p>\n Le pr\u00e9sident, ancienne figure lui aussi de la jet-set new-yorkaise, a toujours d\u00e9menti avoir eu connaissance du comportement criminel d&rsquo;Epstein et assure avoir rompu avec lui bien avant qu&rsquo;il ne soit inqui\u00e9t\u00e9 par la justice.\n<\/p>\n<p>\n La semaine derni\u00e8re, des \u00e9lus de l&rsquo;opposition ont publi\u00e9 une nouvelle s\u00e9rie de photos sur lesquelles on voit le financier en compagnie de l&rsquo;ex-pr\u00e9sident d\u00e9mocrate Bill Clinton, d&rsquo;entrepreneurs \u00e0 succ\u00e8s comme Bill Gates ou Richard Branson, ou encore du cin\u00e9aste Woody Allen.\n<\/p>\n<p>\n Donald Trump y appara\u00eet \u00e9galement, en compagnie de femmes au visage occult\u00e9.\n<\/p>\n<p>\n La Maison Blanche a soutenu que \u00ab\u00a0l&rsquo;administration Trump (avait) fait plus pour les victimes d&rsquo;Epstein que les d\u00e9mocrates n&rsquo;ont jamais fait, en publiant des milliers de pages de documents et en appelant \u00e0 de nouvelles enqu\u00eates sur les amis d\u00e9mocrates d&rsquo;Epstein\u00a0\u00bb.<\/p>\n","protected":false},"excerpt":{"rendered":"Un manifestant tient une pancarte appelant \u00e0 la publication de tous les documents du dossier Epstein, \u00e0 l&rsquo;ext\u00e9rieur&hellip;\n","protected":false},"author":2,"featured_media":610638,"comment_status":"","ping_status":"","sticky":false,"template":"","format":"standard","meta":{"footnotes":""},"categories":[5],"tags":[400,11,398,408,405,1011,27,403,14,402,399,404,12,401,406,407,28],"class_list":{"0":"post-610637","1":"post","2":"type-post","3":"status-publish","4":"format-standard","5":"has-post-thumbnail","7":"category-international","8":"tag-action-cac-40","9":"tag-actualites","10":"tag-bourse-de-paris","11":"tag-boursorama","12":"tag-cotations","13":"tag-fr","14":"tag-france","15":"tag-indices-devises","16":"tag-international","17":"tag-investir","18":"tag-investissement","19":"tag-marche-boursier","20":"tag-news","21":"tag-sicav","22":"tag-trackers","23":"tag-warrants","24":"tag-world"},"share_on_mastodon":{"url":"https:\/\/pubeurope.com\/@fr\/115749087989763559","error":""},"_links":{"self":[{"href":"https:\/\/www.europesays.com\/fr\/wp-json\/wp\/v2\/posts\/610637","targetHints":{"allow":["GET"]}}],"collection":[{"href":"https:\/\/www.europesays.com\/fr\/wp-json\/wp\/v2\/posts"}],"about":[{"href":"https:\/\/www.europesays.com\/fr\/wp-json\/wp\/v2\/types\/post"}],"author":[{"embeddable":true,"href":"https:\/\/www.europesays.com\/fr\/wp-json\/wp\/v2\/users\/2"}],"replies":[{"embeddable":true,"href":"https:\/\/www.europesays.com\/fr\/wp-json\/wp\/v2\/comments?post=610637"}],"version-history":[{"count":0,"href":"https:\/\/www.europesays.com\/fr\/wp-json\/wp\/v2\/posts\/610637\/revisions"}],"wp:featuredmedia":[{"embeddable":true,"href":"https:\/\/www.europesays.com\/fr\/wp-json\/wp\/v2\/media\/610638"}],"wp:attachment":[{"href":"https:\/\/www.europesays.com\/fr\/wp-json\/wp\/v2\/media?parent=610637"}],"wp:term":[{"taxonomy":"category","embeddable":true,"href":"https:\/\/www.europesays.com\/fr\/wp-json\/wp\/v2\/categories?post=610637"},{"taxonomy":"post_tag","embeddable":true,"href":"https:\/\/www.europesays.com\/fr\/wp-json\/wp\/v2\/tags?post=610637"}],"curies":[{"name":"wp","href":"https:\/\/api.w.org\/{rel}","templated":true}]}}