{"id":61064,"date":"2025-04-29T05:50:14","date_gmt":"2025-04-29T05:50:14","guid":{"rendered":"https:\/\/www.europesays.com\/fr\/61064\/"},"modified":"2025-04-29T05:50:14","modified_gmt":"2025-04-29T05:50:14","slug":"cyclisme-interview-eddy-seigneur-oui-le-cyclisme-amateur-traverse-une-crise-2","status":"publish","type":"post","link":"https:\/\/www.europesays.com\/fr\/61064\/","title":{"rendered":"Cyclisme. INTERVIEW &#8211; Eddy Seigneur : \u00abOui, le cyclisme amateur traverse une crise&#8230; \u00bb"},"content":{"rendered":"<p> Lire la suite de l&rsquo;article&#13;<\/p>\n<p>\u00a0<\/p>\n<p>&#13;<br \/>\n\u00ab\u00a0Nous devons faire appel \u00e0 nos partenaires priv\u00e9s&#8230; sinon \u00e7a serait tr\u00e8s compliqu\u00e9 de survivre\u00a0\u00bb&#13;<\/p>\n<p><strong>Pour les lecteurs qui ne vous connaissent pas, Eddy Seigneur, est-ce que vous pouvez vous pr\u00e9senter, s&rsquo;il vous pla\u00eet ?<\/strong><\/p>\n<p>&#13;<\/p>\n<p>Je m&rsquo;appelle Eddy Seigneur, j&rsquo;ai \u00e9t\u00e9 cycliste professionnel dans les ann\u00e9es 90 jusqu&rsquo;en 2005. Ensuite, j&rsquo;ai \u00e9t\u00e9 directeur sportif dans diverses \u00e9quipes et j&rsquo;ai termin\u00e9 chez IAM Cycling en 2016. Apr\u00e8s cela, j&rsquo;ai pass\u00e9 mes examens pour cr\u00e9er ma propre structure, c&rsquo;est-\u00e0-dire en tant que taxi. Maintenant, depuis 6 ans, je suis taxi.<\/p>\n<p>&#13;<\/p>\n<p>\u00a0<\/p>\n<p>&#13;<\/p>\n<p><strong>Mais vous n&rsquo;avez pas encore quitt\u00e9 le monde du v\u00e9lo puisque vous \u00eates directeur du club de Nogent. En quoi consiste plus pr\u00e9cis\u00e9ment ce r\u00f4le ?<\/strong><\/p>\n<p>&#13;<\/p>\n<p>Ce r\u00f4le consiste principalement \u00e0 g\u00e9rer les subventions, les salaires et les structures du club avec les membres, afin que tout se passe au mieux et dans les meilleures conditions possibles.<\/p>\n<p>&#13;<\/p>\n<p>\u00a0<\/p>\n<p>&#13;<\/p>\n<p><strong>Et tout va bien justement au club ?<\/strong><\/p>\n<p>&#13;<\/p>\n<p>Tout va bien, oui. On essaie de faire en sorte que cela se passe bien. Malheureusement, en ce moment, on est un peu contre le vent, car les situations ont beaucoup baiss\u00e9. Que ce soit la ville de Nogent, le d\u00e9partement ou la r\u00e9gion, on traverse une crise qui n\u2019est pas \u00e9vidente pour les clubs amateurs. Nous devons donc faire appel \u00e0 nos partenaires priv\u00e9s, et heureusement, certains restent \u00e0 nos c\u00f4t\u00e9s. Sinon, cela serait tr\u00e8s compliqu\u00e9 pour nous de survivre.<\/p>\n<p>&#13;<\/p>\n<p>\u00a0<\/p>\n<p>&#13;<br \/>\n\u00ab\u00a0On esp\u00e9rait un retour positif des JO&#8230; c&rsquo;est m\u00eame pire\u00a0\u00bb&#13;<\/p>\n<p><strong>On entend souvent que le cyclisme amateur fran\u00e7ais va de plus en plus mal. Quel est votre point de vue l\u00e0-dessus ?<\/strong><\/p>\n<p>&#13;<\/p>\n<p>C\u2019est la conjoncture actuelle qui rend les choses compliqu\u00e9es pour nous. Ce n\u2019est pas seulement le v\u00e9lo, tous les autres sports sont \u00e9galement impact\u00e9s. Nous d\u00e9pendons des collectivit\u00e9s priv\u00e9es ou publiques, des r\u00e9gions ou des d\u00e9partements. On essaie de trouver des fonds pour faire vivre le club et permettre \u00e0 nos jeunes de monter au plus haut niveau, tout en investissant dans la formation. Mais en ce moment, la conjoncture est difficile pour beaucoup d\u2019entreprises et de gouvernements. On esp\u00e9rait un retour positif avec les Jeux Olympiques, mais malheureusement, \u00e7a n\u2019a pas \u00e9t\u00e9 le cas. Et je dirais que c&rsquo;est m\u00eame pire.<\/p>\n<p>&#13;<\/p>\n<p>\u00a0<\/p>\n<p>&#13;<\/p>\n<p><strong>Michel Callot, pr\u00e9sident sortant, a r\u00e9cemment \u00e9t\u00e9 r\u00e9\u00e9lu \u00e0 la t\u00eate de la F\u00e9d\u00e9ration Fran\u00e7aise de Cyclisme. Selon vous, cela a-t-il \u00e9t\u00e9 une bonne nouvelle, ou vous attendez-vous \u00e0 du changement ?<\/strong><\/p>\n<p>&#13;<\/p>\n<p>Je ne peux pas encore me prononcer, car Michel Callot avait d\u00e9j\u00e0 pris des initiatives. Il y a certainement de tr\u00e8s belles choses \u00e0 mettre en place, mais il faut lui laisser du temps. Ce que j\u2019esp\u00e8re, c\u2019est que le cyclisme amateur ou professionnel sera pris en charge plus rapidement, et que l\u2019on s\u2019occupera vraiment des clubs amateurs. Je pense qu\u2019ils ont prouv\u00e9 leur valeur, mais en ce moment, il n\u2019y a pas beaucoup de monde pour s\u2019int\u00e9resser \u00e0 nous.<\/p>\n<p>&#13;<\/p>\n<p>\u00a0<\/p>\n<p>&#13;<\/p>\n<p><strong>Si on parle maintenant un peu du cyclisme professionnel, vous qui avez remport\u00e9 une victoire sur les Champs-\u00c9lys\u00e9es et les 4 Jours de Dunkerque, comment d\u00e9finiriez-vous le cyclisme actuel ?<\/strong><\/p>\n<p>&#13;<\/p>\n<p>Le cyclisme actuel a \u00e9norm\u00e9ment \u00e9volu\u00e9. Ce n\u2019est plus le m\u00eame cyclisme qu\u2019il y a 7 ou 8 ans. La vitesse est beaucoup plus \u00e9lev\u00e9e, et maintenant, on tend \u00e0 faire les choses diff\u00e9remment. Je ne suis pas dans les instances pour r\u00e9fl\u00e9chir \u00e0 comment am\u00e9liorer les choses, mais je vois que les cyclistes ont une longueur d\u2019avance, m\u00eame avant les instances. Il faut trouver des solutions pour \u00e9viter les exc\u00e8s et s&rsquo;assurer que les courses restent s\u00fbres. Il y a beaucoup de choses \u00e0 refaire, et une des solutions pourrait \u00eatre de limiter la vitesse.<\/p>\n<p>&#13;<\/p>\n<p>Je ne pense pas que le respect soit toujours pr\u00e9sent. Chacun semble agir pour soi-m\u00eame, et cela ressemble un peu \u00e0 la soci\u00e9t\u00e9 actuelle. Mais dans le v\u00e9lo, on doit comprendre que l\u2019on n\u2019est pas l\u00e0 pour jouer sa vie, mais pour faire son m\u00e9tier, dans les meilleures conditions possibles et avec les meilleurs r\u00e9sultats pour l\u2019\u00e9quipe. Il ne faut pas risquer sa vie pendant les courses, ni finir \u00e0 l\u2019h\u00f4pital pour un accident.<\/p>\n<p>&#13;<\/p>\n<p>\u00a0<\/p>\n<p>&#13;<br \/>\n\u00ab\u00a0On ne peut pas douter de Tadej Pogacar\u00a0\u00bb&#13;<\/p>\n<p><strong>Passons aux r\u00e9sultats. Vous suivez certainement les performances actuelles, avec notamment Tadej Pogacar. Quand on voit ses performances sur des courses comme le Tour des Flandres ou Li\u00e8ge-Bastogne-Li\u00e8ge, peut-on douter de lui ?<\/strong><\/p>\n<p>&#13;<\/p>\n<p>Non, on ne peut pas douter de Tadej Pogacar. Il semble avoir une sup\u00e9riorit\u00e9 psychologique sur les autres athl\u00e8tes. Quand on le voit partir, on sait que ses adversaires risquent d&rsquo;exploser rapidement. Cela devient presque trop facile pour lui. Les autres coureurs semblent se contenter de jouer pour la deuxi\u00e8me ou la troisi\u00e8me place. Mais Pogacar a un incroyable niveau, et c\u2019est un coureur qui anime vraiment les courses. Malgr\u00e9 cela, il faut reconna\u00eetre que c\u2019est tr\u00e8s difficile pour les autres d&rsquo;\u00e9galer son niveau.<\/p>\n<p>&#13;<\/p>\n<p>Il y a d&rsquo;autres champions qui s&rsquo;illustrent, mais Pogacar reste au-dessus. Il a un ascendant psychologique sur ses adversaires, et cela rend les courses plus compliqu\u00e9es pour eux. Cependant, certains coureurs comme Vingegaard ou Roglic sont tr\u00e8s forts aussi, mais \u00e7a reste une bataille difficile contre Pogacar.<\/p>\n<p>&#13;<\/p>\n<p>\u00a0<\/p>\n<p>&#13;<\/p>\n<p><strong>Les jeunes fran\u00e7ais, comme Kevin Vauquelin et Lenny Martinez, semblent prometteurs. Qu&rsquo;en pensez-vous ?<\/strong><\/p>\n<p>&#13;<\/p>\n<p>Il y en a quelques-uns qui sont avec des favoris.\u00a0Mais on en n&rsquo;entend pas encore parler.\u00a0C&rsquo;est vrai qu&rsquo;on en fait beaucoup pour ces jeunes-l\u00e0.\u00a0Mais ils sont encore tr\u00e8s jeunes.\u00a0Ils n&rsquo;ont peut-\u00eatre pas les capacit\u00e9s de Tadej Pogacar mais\u00a0il ne faut pas trop comparer .Ils sont tous avec les plus forts.\u00a0Je suis confiant pour l&rsquo;avenir.\u00a0Il faut laisser le temps.<\/p>\n<p>&#13;<br \/>\n&#13;<\/p>\n<p><strong>Paul Seixas, 18 ans, c&rsquo;est fort ?<\/strong><\/p>\n<p>&#13;<\/p>\n<p>Oui, c&rsquo;est fort.\u00a0On a peut-\u00eatre la p\u00e9pite pour l&rsquo;avenir.\u00a0Il est encore jeune.\u00a0Il faut le laisser progresse.\u00a0Il faut quand m\u00eame lui donner un bon programme qui ne va pas le tuer.\u00a0Mais je pense que Decathlon AG2R La Mondiale va justement dans ce sens-l\u00e0.\u00a0Une carri\u00e8re, c&rsquo;est long et court \u00e0 la fois.\u00a0Mais il faut lui laisser le temps.<\/p>\n<p>&#13;<\/p>\n<p>\u00a0<\/p>\n<p>&#13;<br \/>\n\u00ab\u00a0Romain Bardet&#8230; c&rsquo;est un grand champion\u00a0\u00bb&#13;<\/p>\n<p><strong>Que retenez-vous de la carri\u00e8re de Romain Bardet, qui va bient\u00f4t arr\u00eater ?<\/strong><\/p>\n<p>&#13;<\/p>\n<p>Romain Bardet a toujours \u00e9t\u00e9 l\u00e0 dans les moments d\u00e9cisifs. Il a gagn\u00e9 avec ses armes, et sa carri\u00e8re a \u00e9t\u00e9 remarquable. Il a termin\u00e9 son Tour de France avec honneur l&rsquo;ann\u00e9e derni\u00e8re. C&rsquo;est un grand champion, et il m\u00e9rite tous les honneurs.<\/p>\n<p>&#13;<\/p>\n<p>\u00a0<\/p>\n<p>&#13;<\/p>\n<p><strong>Pour finir, avez-vous quelque chose \u00e0 rajouter ?<\/strong><\/p>\n<p>&#13;<\/p>\n<p>Peut-\u00eatre que l\u2019on s\u2019int\u00e9resse davantage au cyclisme amateur. On est un peu dans l&rsquo;ombre, mais c\u2019est gr\u00e2ce \u00e0 des formations comme la n\u00f4tre que l\u2019on peut cr\u00e9er des champions comme Romain Gr\u00e9goire ou Paul Seixas. Si on ne soutient pas davantage les clubs amateurs, il sera difficile de continuer \u00e0 produire des talents. La conjoncture actuelle ne nous aide pas, on essaie de d\u00e9marcher des sensors.\u00a0C&rsquo;est ce qu&rsquo;il faut pour essayer de trouver des partenaires.\u00a0Malheureusement, parfois les villes, les r\u00e9gions ou les d\u00e9partements\u00a0nous aident, mais pas assez.\u00a0La conjoncture fait que tout est en train d&rsquo;augmenter.\u00a0Malheureusement pour nous, on en subit les cons\u00e9quences.<\/p>\n","protected":false},"excerpt":{"rendered":"Lire la suite de l&rsquo;article&#13; \u00a0 &#13; \u00ab\u00a0Nous devons faire appel \u00e0 nos partenaires priv\u00e9s&#8230; sinon \u00e7a serait&hellip;\n","protected":false},"author":2,"featured_media":60122,"comment_status":"","ping_status":"","sticky":false,"template":"","format":"standard","meta":{"footnotes":""},"categories":[1411],"tags":[1154,207,211,1011,27,2173,209,60,210,212,208,213],"class_list":{"0":"post-61064","1":"post","2":"type-post","3":"status-publish","4":"format-standard","5":"has-post-thumbnail","7":"category-cyclisme","8":"tag-cycling","9":"tag-cyclisme","10":"tag-ffc","11":"tag-fr","12":"tag-france","13":"tag-interview","14":"tag-route","15":"tag-sports","16":"tag-tour-de-france","17":"tag-uci","18":"tag-velo","19":"tag-world-tour"},"share_on_mastodon":{"url":"https:\/\/pubeurope.com\/@fr\/114419690613237441","error":""},"_links":{"self":[{"href":"https:\/\/www.europesays.com\/fr\/wp-json\/wp\/v2\/posts\/61064","targetHints":{"allow":["GET"]}}],"collection":[{"href":"https:\/\/www.europesays.com\/fr\/wp-json\/wp\/v2\/posts"}],"about":[{"href":"https:\/\/www.europesays.com\/fr\/wp-json\/wp\/v2\/types\/post"}],"author":[{"embeddable":true,"href":"https:\/\/www.europesays.com\/fr\/wp-json\/wp\/v2\/users\/2"}],"replies":[{"embeddable":true,"href":"https:\/\/www.europesays.com\/fr\/wp-json\/wp\/v2\/comments?post=61064"}],"version-history":[{"count":0,"href":"https:\/\/www.europesays.com\/fr\/wp-json\/wp\/v2\/posts\/61064\/revisions"}],"wp:featuredmedia":[{"embeddable":true,"href":"https:\/\/www.europesays.com\/fr\/wp-json\/wp\/v2\/media\/60122"}],"wp:attachment":[{"href":"https:\/\/www.europesays.com\/fr\/wp-json\/wp\/v2\/media?parent=61064"}],"wp:term":[{"taxonomy":"category","embeddable":true,"href":"https:\/\/www.europesays.com\/fr\/wp-json\/wp\/v2\/categories?post=61064"},{"taxonomy":"post_tag","embeddable":true,"href":"https:\/\/www.europesays.com\/fr\/wp-json\/wp\/v2\/tags?post=61064"}],"curies":[{"name":"wp","href":"https:\/\/api.w.org\/{rel}","templated":true}]}}