{"id":610647,"date":"2025-12-20T00:38:42","date_gmt":"2025-12-20T00:38:42","guid":{"rendered":"https:\/\/www.europesays.com\/fr\/610647\/"},"modified":"2025-12-20T00:38:42","modified_gmt":"2025-12-20T00:38:42","slug":"nancy-de-la-paille-pour-lancer-les-travaux-du-futur-college-du-plateau-de-haye","status":"publish","type":"post","link":"https:\/\/www.europesays.com\/fr\/610647\/","title":{"rendered":"Nancy. De la paille pour lancer les travaux du futur coll\u00e8ge du Plateau-de-Haye"},"content":{"rendered":"<p>\u00ab\u00a0C\u2019est bien, parce qu\u2019on n\u2019aura plus trop chaud ou trop froid en classe\u00a0\u00bb, a retenu au terme de la pr\u00e9sentation du nouveau coll\u00e8ge, ce vendredi, Arthur, \u00e9l\u00e8ve de cinqui\u00e8me et membre de la d\u00e9l\u00e9gation des \u00e9cod\u00e9l\u00e9gu\u00e9s de classe du coll\u00e8ge Jean-de-la-Fontaine invit\u00e9s pour la pose de la premi\u00e8re paille annonciatrice du d\u00e9but des travaux du coll\u00e8ge du Plateau-de-Haye.<\/p>\n<p>\u00c9lus de proximit\u00e9, des collectivit\u00e9s, directeur d\u00e9partemental d\u2019\u00e9ducation avaient aussi fait le d\u00e9placement ce vendredi pour cet instant de pose non pas de pierre mais de paille.<\/p>\n<p>Finie donc la passoire thermique, h\u00e9ritage d\u2019un temps insouciant face \u00e0 l\u2019environnement\u00a0: le coll\u00e8ge La-Fontaine s\u2019appr\u00eate \u00e0 c\u00e9der sa place. Au carrefour des municipalit\u00e9s de Max\u00e9ville, de Laxou et de Nancy, avenue du Rhin, va ainsi se construire <a href=\"https:\/\/www.estrepublicain.fr\/education\/2023\/03\/20\/le-futur-college-du-plateau-de-haye-a-nancy-livre-en-2026\" target=\"_blank\" rel=\"noopener\">le coll\u00e8ge du Plateau-de-Haye<\/a>. B\u00e2timent \u00e0 \u00e9nergie positive aux mat\u00e9riaux biosourc\u00e9s, positionn\u00e9 entre le parc de Gentilly et la caserne SDIS, le coll\u00e8ge sera le pendant \u00e0 Jean-Lamour, coll\u00e8ge inaugur\u00e9 en 2021 \u00e0 l\u2019oppos\u00e9 de ce quartier class\u00e9 r\u00e9seau d\u2019\u00e9ducation prioritaire (REP +). <\/p>\n<p>Pr\u00e9sidente du conseil d\u00e9partemental, <a href=\"https:\/\/www.estrepublicain.fr\/p\/chaynesse-khirouni\" target=\"_blank\" rel=\"noopener\">Chaynesse Khirouni<\/a> saluait l\u2019effort collectif d\u2019une politique assum\u00e9e\u00a0: \u00ab\u00a0Transition \u00e9cologique et question sociale sont \u00e9troitement li\u00e9es. Qui vit dans des lieux mal isol\u00e9s, avec des voitures qu\u2019on ne peut changer\u00a0? On veut tenir notre promesse de r\u00e9publique pour tous, d\u2019\u00e9galit\u00e9 des chances. Ces jeunes sont les citoyens de demain, offrons-leur un cadre propice \u00e0 l\u2019apprentissage, \u00e0 l\u2019enseignement.\u00a0\u00bb<\/p>\n<p>  Un projet \u00e0 17\u00a0millions d\u2019euros<\/p>\n<p>De son c\u00f4t\u00e9, le maire de Nancy, <a href=\"https:\/\/www.estrepublicain.fr\/p\/mathieu-klein\" target=\"_blank\" rel=\"noopener\">Mathieu Klein<\/a>, saluait la continuit\u00e9 de la transformation du quartier\u00a0: \u00ab\u00a0Avec <a href=\"https:\/\/www.estrepublicain.fr\/culture-loisirs\/2025\/10\/05\/mediatheque-du-haut-du-lievre-la-premiere-pierre-a-ete-posee\" target=\"_blank\" rel=\"noopener\">la construction de la m\u00e9diath\u00e8que Fadwa-Touqan<\/a> et ce coll\u00e8ge, nous sommes en pleine m\u00e9tamorphose du quartier, plus le cadre sportif qu\u2019offre Gentilly.\u00a0\u00bb<\/p>\n<p>Un chemin des \u00e9coliers traversera le parc de Gentilly pour rejoindre le futur coll\u00e8ge. Une id\u00e9e que le pr\u00e9fet Yves S\u00e9guy a soulign\u00e9e\u00a0: \u00ab\u00a0L\u2019\u00c9tat est fier de participer financi\u00e8rement \u00e0 la construction du coll\u00e8ge avec une dimension de ville dans la for\u00eat.\u00a0\u00bb Soit un ch\u00e8que de 2\u00a0millions d\u2019euros pour un co\u00fbt total de 17\u00a0millions d\u2019\u20ac, port\u00e9 essentiellement par le D\u00e9partement.<\/p>\n<p>  Un ensemble \u00e0 quatre \u00e9tages<\/p>\n<p>Cette pose de paille, \u00e9quivalent symbolique de la premi\u00e8re pierre pos\u00e9e, \u00e9tait aussi l\u2019occasion de pr\u00e9senter la maquette du futur coll\u00e8ge. Le projet estampill\u00e9 Lucquet et Mi Lieux, cabinet nanc\u00e9ien des architectes Mathieu Fuchs et Jean-Philippe Donz\u00e9, a donc \u00e9t\u00e9 retenu.<\/p>\n<p>Ce dernier relevait la particularit\u00e9 du chantier\u00a0: \u00ab\u00a0C\u2019est un terrain en pente, \u00e0 la surface au sol restreinte, d\u2019un peu plus de 800 m2. On a donc opt\u00e9 pour un ensemble \u00e0 quatre \u00e9tages pour d\u00e9gager 4\u00a0140 m2 de surface de plancher, avec un escalier structurant, un premier \u00e9tage pour la vie scolaire et l\u2019administratif, les deux suivants d\u00e9di\u00e9s aux douze salles scolaires, une cantine de 250 places au rez-de-chauss\u00e9e, le tout dans un b\u00e2timent lumineux, passif \u00e0 95\u00a0% en bois isol\u00e9 en paille et laine de bois, avec des panneaux photovolta\u00efques sur le toit.\u00a0\u00bb<\/p>\n<p>Deux cours cintrent cette structure dont l\u2019ouverture est ambitieusement estim\u00e9e \u00e0 la rentr\u00e9e de septembre\u00a02027.<\/p>\n<p>Puisque les premi\u00e8res intentions de ce projet remontent \u00e0 2014, il peut bien se faire l\u2019\u00e9conomie de quelques malheureuses pr\u00e9cipitations. Ce \u00e0 quoi l\u2019architecte pr\u00e9sageait\u00a0: \u00ab\u00a0Il faut d\u2019ailleurs que la m\u00e9t\u00e9o soit avec nous\u00a0\u00bb. Fichu climat.<\/p>\n","protected":false},"excerpt":{"rendered":"\u00ab\u00a0C\u2019est bien, parce qu\u2019on n\u2019aura plus trop chaud ou trop froid en classe\u00a0\u00bb, a retenu au terme de&hellip;\n","protected":false},"author":2,"featured_media":610648,"comment_status":"","ping_status":"","sticky":false,"template":"","format":"standard","meta":{"footnotes":""},"categories":[9635],"tags":[1111,11,3599,1704,1057,1777,674,1011,27,775,1702,1703,12,25],"class_list":{"0":"post-610647","1":"post","2":"type-post","3":"status-publish","4":"format-standard","5":"has-post-thumbnail","7":"category-nancy","8":"tag-actu","9":"tag-actualites","10":"tag-college-lycee","11":"tag-edition-nancy-et-agglomeration","12":"tag-education","13":"tag-eu","14":"tag-europe","15":"tag-fr","16":"tag-france","17":"tag-grand-est","18":"tag-nancy","19":"tag-nancy-ville-54b","20":"tag-news","21":"tag-republique-francaise"},"share_on_mastodon":{"url":"https:\/\/pubeurope.com\/@fr\/115749106710796088","error":""},"_links":{"self":[{"href":"https:\/\/www.europesays.com\/fr\/wp-json\/wp\/v2\/posts\/610647","targetHints":{"allow":["GET"]}}],"collection":[{"href":"https:\/\/www.europesays.com\/fr\/wp-json\/wp\/v2\/posts"}],"about":[{"href":"https:\/\/www.europesays.com\/fr\/wp-json\/wp\/v2\/types\/post"}],"author":[{"embeddable":true,"href":"https:\/\/www.europesays.com\/fr\/wp-json\/wp\/v2\/users\/2"}],"replies":[{"embeddable":true,"href":"https:\/\/www.europesays.com\/fr\/wp-json\/wp\/v2\/comments?post=610647"}],"version-history":[{"count":0,"href":"https:\/\/www.europesays.com\/fr\/wp-json\/wp\/v2\/posts\/610647\/revisions"}],"wp:featuredmedia":[{"embeddable":true,"href":"https:\/\/www.europesays.com\/fr\/wp-json\/wp\/v2\/media\/610648"}],"wp:attachment":[{"href":"https:\/\/www.europesays.com\/fr\/wp-json\/wp\/v2\/media?parent=610647"}],"wp:term":[{"taxonomy":"category","embeddable":true,"href":"https:\/\/www.europesays.com\/fr\/wp-json\/wp\/v2\/categories?post=610647"},{"taxonomy":"post_tag","embeddable":true,"href":"https:\/\/www.europesays.com\/fr\/wp-json\/wp\/v2\/tags?post=610647"}],"curies":[{"name":"wp","href":"https:\/\/api.w.org\/{rel}","templated":true}]}}